{"id":83568,"date":"2024-08-19T23:12:07","date_gmt":"2024-08-19T23:12:07","guid":{"rendered":"https:\/\/kamucalisani.net\/?p=83568"},"modified":"2024-08-19T23:12:07","modified_gmt":"2024-08-19T23:12:07","slug":"fatihte-diyarbakirli-ramazan-hocayi-olduren-sanik-icin-icin-istenen-ceza-belli-oldu","status":"publish","type":"post","link":"https:\/\/kamucalisani.net\/index.php\/2024\/08\/19\/fatihte-diyarbakirli-ramazan-hocayi-olduren-sanik-icin-icin-istenen-ceza-belli-oldu\/","title":{"rendered":"Fatih&#8217;te &#8216;Diyarbak\u0131rl\u0131 Ramazan Hoca&#8217;y\u0131 \u00f6ld\u00fcren san\u0131k i\u00e7in i\u00e7in istenen ceza belli oldu"},"content":{"rendered":"<p><p>Fatih\u2019te \u2018Ramazan hoca\u2019 olarak tan\u0131nan Ramazan Pi\u015fkin\u2019i ba\u015fkas\u0131 zannetti\u011fini \u00f6ne s\u00fcr\u00fcp b\u0131\u00e7aklayarak \u00f6ld\u00fcrd\u00fc\u011f\u00fc iddias\u0131yla tutuklanan ve hakim kar\u015f\u0131s\u0131na \u00e7\u0131kan san\u0131\u011f\u0131n davas\u0131nda m\u00fctalaa a\u00e7\u0131kland\u0131.<\/p>\n<p>Savc\u0131l\u0131k, san\u0131\u011f\u0131n \u2018tasarlayarak kasten \u00f6ld\u00fcrme\u2019 su\u00e7undan a\u011f\u0131rla\u015ft\u0131r\u0131lm\u0131\u015f m\u00fcebbet hapis cezas\u0131na \u00e7arpt\u0131r\u0131lmas\u0131n\u0131 talep etti.<\/p>\n\n<p><\/p>\n<p>Kaynak :\u00a0<span style=\"background-color: rgb(255, 249, 236); color: rgb(55, 58, 60); font-size: 14px;\">http:\/\/www.milliyet.com.tr\/gundem\/fatihte-diyarbakirli-ramazan-hocayi-olduren-sanik-icin-icin-istenen-ceza-belli-oldu-7147769<\/span><\/p>\n","protected":false},"excerpt":{"rendered":"<p>Fatih\u2019te \u2018Ramazan hoca\u2019 olarak tan\u0131nan Ramazan Pi\u015fkin\u2019in katil zanl\u0131s\u0131na a\u011f\u0131rla\u015ft\u0131r\u0131lm\u0131\u015f m\u00fcebbet hapis talebi istendi.<\/p>\n","protected":false},"author":1,"featured_media":83569,"comment_status":"open","ping_status":"open","sticky":false,"template":"","format":"standard","meta":{"footnotes":""},"categories":[3],"tags":[],"class_list":["post-83568","post","type-post","status-publish","format-standard","has-post-thumbnail","hentry","category-guncel"],"_links":{"self":[{"href":"https:\/\/kamucalisani.net\/index.php\/wp-json\/wp\/v2\/posts\/83568","targetHints":{"allow":["GET"]}}],"collection":[{"href":"https:\/\/kamucalisani.net\/index.php\/wp-json\/wp\/v2\/posts"}],"about":[{"href":"https:\/\/kamucalisani.net\/index.php\/wp-json\/wp\/v2\/types\/post"}],"author":[{"embeddable":true,"href":"https:\/\/kamucalisani.net\/index.php\/wp-json\/wp\/v2\/users\/1"}],"replies":[{"embeddable":true,"href":"https:\/\/kamucalisani.net\/index.php\/wp-json\/wp\/v2\/comments?post=83568"}],"version-history":[{"count":1,"href":"https:\/\/kamucalisani.net\/index.php\/wp-json\/wp\/v2\/posts\/83568\/revisions"}],"predecessor-version":[{"id":83570,"href":"https:\/\/kamucalisani.net\/index.php\/wp-json\/wp\/v2\/posts\/83568\/revisions\/83570"}],"wp:featuredmedia":[{"embeddable":true,"href":"https:\/\/kamucalisani.net\/index.php\/wp-json\/wp\/v2\/media\/83569"}],"wp:attachment":[{"href":"https:\/\/kamucalisani.net\/index.php\/wp-json\/wp\/v2\/media?parent=83568"}],"wp:term":[{"taxonomy":"category","embeddable":true,"href":"https:\/\/kamucalisani.net\/index.php\/wp-json\/wp\/v2\/categories?post=83568"},{"taxonomy":"post_tag","embeddable":true,"href":"https:\/\/kamucalisani.net\/index.php\/wp-json\/wp\/v2\/tags?post=83568"}],"curies":[{"name":"wp","href":"https:\/\/api.w.org\/{rel}","templated":true}]}}