{"id":83582,"date":"2024-08-20T00:00:07","date_gmt":"2024-08-20T00:00:07","guid":{"rendered":"https:\/\/kamucalisani.net\/?p=83582"},"modified":"2024-08-20T00:00:07","modified_gmt":"2024-08-20T00:00:07","slug":"9-yargi-paketinin-detaylari-belli-oldu","status":"publish","type":"post","link":"https:\/\/kamucalisani.net\/index.php\/2024\/08\/20\/9-yargi-paketinin-detaylari-belli-oldu\/","title":{"rendered":"9. Yarg\u0131 Paketi&#8217;nin detaylar\u0131 belli oldu"},"content":{"rendered":"<p><p>AK Parti Grup Ba\u015fkan\u0131 Abdullah G\u00fcler ba\u015fkanl\u0131\u011f\u0131nda, kamuoyunda &#8220;9. Yarg\u0131 Paketi&#8221; olarak bilinen ve yarg\u0131 alan\u0131nda \u00e7e\u015fitli d\u00fczenlemeleri i\u00e7eren kanun teklifinin \u00e7al\u0131\u015fmalar\u0131 tamamland\u0131.<\/p>\n<p>Meclis Ba\u015fkanl\u0131\u011f\u0131na sunulmas\u0131 planlanan teklifte cezas\u0131zl\u0131k alg\u0131s\u0131n\u0131n ortadan kald\u0131r\u0131lmas\u0131na y\u00f6nelik d\u00fczenlemeler yer alacak.<\/p>\n<p>TRT Haber&#8217;in tasla\u011f\u0131na ula\u015ft\u0131\u011f\u0131 9. Yarg\u0131 Paketi ile, y\u00fcksek yarg\u0131da i\u015f ak\u0131\u015f\u0131n\u0131n h\u0131zlanmas\u0131 i\u00e7in yeni s\u00fcreler \u00f6ng\u00f6r\u00fcld\u00fc. Hukuk daireleri dosyan\u0131n kendisi ile ilgili olup olmad\u0131\u011f\u0131na en fazla bir ay i\u00e7inde karar verecek ve ilgili mahkemeye g\u00f6nderecek.<\/p>\n<p><strong>CASUSLUK D\u00dcZENLEMES\u0130<br \/><\/strong><br \/>Teklifle, devletin g\u00fcvenli\u011fi, siyasal yararlar\u0131, aleyhine su\u00e7 i\u015fleyenler casusluk faaliyetleri kapsam\u0131na al\u0131nacak. T\u00fcrk Ceza Kanunu&#8217;nun &#8220;devlet s\u0131rlar\u0131na kar\u015f\u0131 su\u00e7lar ve casusluk&#8221; b\u00f6l\u00fcm\u00fcnde yer alacak. Buna g\u00f6re; devletin g\u00fcvenli\u011fi ile i\u00e7 veya d\u0131\u015f siyasal yararlar\u0131 aleyhine yabanc\u0131 bir devlet ya da organizasyonun stratejik \u00e7\u0131karlar\u0131 veya talimat\u0131 do\u011frultusunda su\u00e7 i\u015fleyenler, 3 y\u0131ldan 7 y\u0131la kadar hapis cezas\u0131na \u00e7arpt\u0131r\u0131lacak. Fiilin, sava\u015f s\u0131ras\u0131nda veya devletin sava\u015f haz\u0131rl\u0131klar\u0131n\u0131, askeri hareketlerini tehlikeyle kar\u015f\u0131 kar\u015f\u0131ya b\u0131rakacak durumda olmas\u0131 halinde ceza katlanacak, 8 y\u0131ldan 12 y\u0131la kadar hapis cezas\u0131 verilecek. Su\u00e7, milli g\u00fcvenlik a\u00e7\u0131s\u0131ndan stratejik \u00f6nemi haiz birimler ile proje, tesis ve hizmetleri yerine getiren kurum ve kurulu\u015flarda g\u00f6rev yapanlar taraf\u0131ndan i\u015flenirse ceza bir kat daha art\u0131r\u0131lacak. Yani nitelikli hallerde su\u00e7lular 24 y\u0131la kadar hapis cezas\u0131 ile kar\u015f\u0131la\u015fabilecek.<\/p>\n<p><strong>HAKARET SU\u00c7U<br \/><\/strong><br \/>Hakaret su\u00e7u uzla\u015ft\u0131rma alan\u0131ndan \u00e7\u0131kar\u0131lacak. Davalar arabulucuya gidecek, yaln\u0131zca hukuk fak\u00fcltesi mezunlar\u0131 uzla\u015ft\u0131rmac\u0131 olabilecek. Hakaret su\u00e7u \u00f6n \u00f6deme su\u00e7lar\u0131na dahil edilecek. Hakaretle etkin m\u00fccadele edilecek.<\/p>\n<p>Yaz\u0131l\u0131 bildirimlerde de\u011fi\u015fikli\u011fe gidilecek. Art\u0131k san\u0131\u011fa ula\u015f\u0131lamamas\u0131 durumunda avukat\u0131na yap\u0131lan bildirimler yeterli kabul edilecek. B\u00f6ylece yarg\u0131laman\u0131n devam\u0131 sa\u011flanabilecek.<\/p>\n<p>H\u00fck\u00fcml\u00fclerin \u00f6rg\u00fcn ve yayg\u0131n \u00f6\u011fretim hakk\u0131n\u0131n kapsam\u0131 geni\u015fletilecek. Kapal\u0131 cezaevlerindeki iyi halli h\u00fck\u00fcml\u00fcler, kurum i\u00e7inde a\u00e7\u0131lan \u00f6rg\u00fcn \u00f6\u011fretim programlar\u0131na kurum disiplinini, d\u00fczenini ve g\u00fcvenli\u011fini tehlikeye d\u00fc\u015f\u00fcrmeyecek \u015fekilde devam edebilecek.<\/p>\n<p>Kapal\u0131 cezaevlerindeki h\u00fck\u00fcml\u00fclerin s\u0131navlar\u0131, \u00e7evrim i\u00e7i ve y\u00fcz y\u00fcze yap\u0131labilecek. H\u00fck\u00fcml\u00fcler, merkezi s\u0131nav ile a\u00e7\u0131k \u00f6\u011fretim kurumlar\u0131 s\u0131navlar\u0131na s\u0131nav merkezi olarak belirlenen ceza infaz kurumlar\u0131nda kat\u0131lacak. A\u00e7\u0131k cezaevi, \u00e7ocuk e\u011fitimevleri ve kapal\u0131 cezaevlerindeki h\u00fck\u00fcml\u00fclerin e\u011fitimlerine ili\u015fkin esaslar, Milli E\u011fitim Bakanl\u0131\u011f\u0131 ile Y\u00fcksek\u00f6\u011fretim Kurulunun (Y\u00d6K) g\u00f6r\u00fc\u015f\u00fc al\u0131narak Adalet Bakanl\u0131\u011f\u0131nca \u00e7\u0131kar\u0131lacak y\u00f6netmelikle belirlenecek.<\/p>\n\n<p><\/p>\n<p>Kaynak :\u00a0<span style=\"background-color: rgb(255, 249, 236); color: rgb(55, 58, 60); font-size: 14px;\">http:\/\/www.milliyet.com.tr\/gundem\/9-yargi-paketinin-detaylari-belli-oldu-7147793<\/span><\/p>\n","protected":false},"excerpt":{"rendered":"<p>TBMM Ba\u015fkanl\u0131\u011f\u0131na sunulmas\u0131 beklenen 9. Yarg\u0131 Paketiyle, yarg\u0131lama h\u0131zlanacak, casusluk faaliyetlerine verilen cezalar artacak ve arabuluculuk sistemi geni\u015fletilecek.<\/p>\n","protected":false},"author":1,"featured_media":83583,"comment_status":"open","ping_status":"open","sticky":false,"template":"","format":"standard","meta":{"footnotes":""},"categories":[3],"tags":[386,2840,267,811,865],"class_list":["post-83582","post","type-post","status-publish","format-standard","has-post-thumbnail","hentry","category-guncel","tag-ceza","tag-devlet","tag-kurum","tag-suc","tag-yargi"],"_links":{"self":[{"href":"https:\/\/kamucalisani.net\/index.php\/wp-json\/wp\/v2\/posts\/83582","targetHints":{"allow":["GET"]}}],"collection":[{"href":"https:\/\/kamucalisani.net\/index.php\/wp-json\/wp\/v2\/posts"}],"about":[{"href":"https:\/\/kamucalisani.net\/index.php\/wp-json\/wp\/v2\/types\/post"}],"author":[{"embeddable":true,"href":"https:\/\/kamucalisani.net\/index.php\/wp-json\/wp\/v2\/users\/1"}],"replies":[{"embeddable":true,"href":"https:\/\/kamucalisani.net\/index.php\/wp-json\/wp\/v2\/comments?post=83582"}],"version-history":[{"count":1,"href":"https:\/\/kamucalisani.net\/index.php\/wp-json\/wp\/v2\/posts\/83582\/revisions"}],"predecessor-version":[{"id":83584,"href":"https:\/\/kamucalisani.net\/index.php\/wp-json\/wp\/v2\/posts\/83582\/revisions\/83584"}],"wp:featuredmedia":[{"embeddable":true,"href":"https:\/\/kamucalisani.net\/index.php\/wp-json\/wp\/v2\/media\/83583"}],"wp:attachment":[{"href":"https:\/\/kamucalisani.net\/index.php\/wp-json\/wp\/v2\/media?parent=83582"}],"wp:term":[{"taxonomy":"category","embeddable":true,"href":"https:\/\/kamucalisani.net\/index.php\/wp-json\/wp\/v2\/categories?post=83582"},{"taxonomy":"post_tag","embeddable":true,"href":"https:\/\/kamucalisani.net\/index.php\/wp-json\/wp\/v2\/tags?post=83582"}],"curies":[{"name":"wp","href":"https:\/\/api.w.org\/{rel}","templated":true}]}}