{"id":83906,"date":"2024-08-20T17:24:07","date_gmt":"2024-08-20T17:24:07","guid":{"rendered":"https:\/\/kamucalisani.net\/?p=83906"},"modified":"2024-08-20T17:24:07","modified_gmt":"2024-08-20T17:24:07","slug":"genc-is-insanlari-g20ye-5-oneri-yapti","status":"publish","type":"post","link":"https:\/\/kamucalisani.net\/index.php\/2024\/08\/20\/genc-is-insanlari-g20ye-5-oneri-yapti\/","title":{"rendered":"Gen\u00e7 i\u015f insanlar\u0131 G20\u2019ye 5\u00a0\u00f6neri yapt\u0131"},"content":{"rendered":"<p><p>Brezilya\u2019da\u00a0ger\u00e7ekle\u015ftirilen G20 Young Entrepreneurs\u00a0Alliance (G20 YEA) zirvesinde Avrupa Birli\u011fi delegasyonuna Avrupa Gen\u00e7 Giri\u015fimciler Konfederasyonu YES for Europe Ba\u015fkan\u0131 ve T\u00fcrkiye Gen\u00e7 \u0130\u015f \u0130nsanlar\u0131 Derne\u011fi (T\u00dcG\u0130AD) Y\u00f6netim Kurulu Ba\u015fkan\u0131 G\u00fcrkan Y\u0131ld\u0131r\u0131m, T\u00fcrkiye delegasyonuna ise T\u00dcG\u0130AD Ba\u015fkan Yard\u0131mc\u0131s\u0131 Melih Sebastien Durmu\u015f ba\u015fkanl\u0131k yapt\u0131. Zirvenin bildirgesinde \u015fu konulara dikkat \u00e7ekildi:<\/p>\n<p>\u25a0 Kapsay\u0131c\u0131 kalk\u0131nmayla ekonomik b\u00fcy\u00fcme.<\/p>\n<p>\u25a0 Uluslararas\u0131 i\u015f yapmay\u0131 kolayla\u015ft\u0131rma.<\/p>\n<p>\u25a0 K\u00fcresel d\u00f6ng\u00fcsel ekonomiye ge\u00e7i\u015fi h\u0131zland\u0131rma.<\/p>\n<p>\u25a0 Yeni nesil giri\u015fimcileri e\u011fitme ve te\u015fvik etme.<\/p>\n<p>\u25a0 Dijital d\u00f6n\u00fc\u015f\u00fcm\u00fcn desteklenmesi.<\/p>\n\n<p><\/p>\n<p>Kaynak :\u00a0<span style=\"background-color: rgb(255, 249, 236); color: rgb(55, 58, 60); font-size: 14px;\">http:\/\/www.milliyet.com.tr\/ekonomi\/genc-is-insanlari-g20ye-5-oneri-yapti-7147892<\/span><\/p>\n","protected":false},"excerpt":{"rendered":"<p>Bu y\u0131l kas\u0131m ay\u0131nda Brezilya\u2019da toplanacak G20 Liderler Zirvesi \u00f6ncesinde bir araya gelen G20 \u00fclkelerinin gen\u00e7 giri\u015fimci ve i\u015f insanlar\u0131, gelece\u011fe y\u00f6nelik beklenti ve isteklerini bir bildiri halinde yay\u0131nlad\u0131.<\/p>\n","protected":false},"author":1,"featured_media":83907,"comment_status":"open","ping_status":"open","sticky":false,"template":"","format":"standard","meta":{"footnotes":""},"categories":[2],"tags":[],"class_list":["post-83906","post","type-post","status-publish","format-standard","has-post-thumbnail","hentry","category-ekonomi"],"_links":{"self":[{"href":"https:\/\/kamucalisani.net\/index.php\/wp-json\/wp\/v2\/posts\/83906","targetHints":{"allow":["GET"]}}],"collection":[{"href":"https:\/\/kamucalisani.net\/index.php\/wp-json\/wp\/v2\/posts"}],"about":[{"href":"https:\/\/kamucalisani.net\/index.php\/wp-json\/wp\/v2\/types\/post"}],"author":[{"embeddable":true,"href":"https:\/\/kamucalisani.net\/index.php\/wp-json\/wp\/v2\/users\/1"}],"replies":[{"embeddable":true,"href":"https:\/\/kamucalisani.net\/index.php\/wp-json\/wp\/v2\/comments?post=83906"}],"version-history":[{"count":1,"href":"https:\/\/kamucalisani.net\/index.php\/wp-json\/wp\/v2\/posts\/83906\/revisions"}],"predecessor-version":[{"id":83908,"href":"https:\/\/kamucalisani.net\/index.php\/wp-json\/wp\/v2\/posts\/83906\/revisions\/83908"}],"wp:featuredmedia":[{"embeddable":true,"href":"https:\/\/kamucalisani.net\/index.php\/wp-json\/wp\/v2\/media\/83907"}],"wp:attachment":[{"href":"https:\/\/kamucalisani.net\/index.php\/wp-json\/wp\/v2\/media?parent=83906"}],"wp:term":[{"taxonomy":"category","embeddable":true,"href":"https:\/\/kamucalisani.net\/index.php\/wp-json\/wp\/v2\/categories?post=83906"},{"taxonomy":"post_tag","embeddable":true,"href":"https:\/\/kamucalisani.net\/index.php\/wp-json\/wp\/v2\/tags?post=83906"}],"curies":[{"name":"wp","href":"https:\/\/api.w.org\/{rel}","templated":true}]}}