{"id":84353,"date":"2024-08-21T13:24:09","date_gmt":"2024-08-21T13:24:09","guid":{"rendered":"https:\/\/kamucalisani.net\/?p=84353"},"modified":"2024-08-21T13:24:09","modified_gmt":"2024-08-21T13:24:09","slug":"son-dakika-cumhurbaskani-erdogandan-onemli-aciklamalar-7","status":"publish","type":"post","link":"https:\/\/kamucalisani.net\/index.php\/2024\/08\/21\/son-dakika-cumhurbaskani-erdogandan-onemli-aciklamalar-7\/","title":{"rendered":"Son dakika: Cumhurba\u015fkan\u0131 Erdo\u011fan&#8217;dan \u00f6nemli a\u00e7\u0131klamalar"},"content":{"rendered":"<p><p>Cumhurba\u015fkan\u0131 Recep Tayyip Erdo\u011fan, cuma namaz\u0131 sonras\u0131 gazetecilerin sorular\u0131n\u0131 yan\u0131tlad\u0131.<\/p>\n<p><strong>\u0130STANBUL&#8217;DA B\u0130NA \u00c7\u00d6KMES\u0130:<\/strong> Yeni sesleni\u015fe gerek yok. Kentsel d\u00f6n\u00fc\u015f\u00fcm\u00fcn temelinde bu t\u00fcr ka\u00e7ak yap\u0131lar\u0131n, zemin et\u00fctlerin yap\u0131lmad\u0131\u011f\u0131 yerlerde kentsel d\u00f6n\u00fc\u015f\u00fcme gidelim ki i\u015fi sa\u011flama ba\u011flam\u0131\u015f olal\u0131m. Kentsel d\u00f6n\u00fc\u015f\u00fcm\u00fcn alt\u0131nda yatan ger\u00e7ek bu. Y\u0131k\u0131lan binalarda s\u0131k\u0131nt\u0131 bu. 3 kat ka\u00e7ak yap\u0131lm\u0131\u015f. Ben belediye ba\u015fkanl\u0131\u011f\u0131ndan geldim. Bu t\u00fcr \u015feyleri iyi bilirim. Bundan sonraki s\u00fcre\u00e7te de kentsel d\u00f6n\u00fc\u015f\u00fcm\u00fcnde zemin et\u00fctlerinden ba\u015flay\u0131p TOK\u0130&#8217;yle ba\u015far\u0131l\u0131 imtihan verdiysek, \u00fclkemizin genelinde bu t\u00fcr yap\u0131lar yaparak ad\u0131mlar\u0131m\u0131z\u0131 atal\u0131m.<\/p>\n<p><strong>BAH\u00c7EL\u0130 \u0130LE G\u00d6R\u00dc\u015eME:<\/strong> Cumhur \u0130ttifak\u0131&#8217;n\u0131n temsilcisi olarak, Devlet Bey ile \u00e7al\u0131\u015fmalar\u0131m\u0131z, g\u00f6r\u00fc\u015fmelerimiz var. Bundan sonra da devam ettirece\u011fiz. Suiistimale f\u0131rsat vermeyi d\u00fc\u015f\u00fcnm\u00fcyoruz. Devlet Beyle \u00fclkemizin siyasi geli\u015fiminde neler var, ne gibi tedbirler almam\u0131z gerekir, bunlar\u0131n g\u00f6r\u00fc\u015fmesini yapt\u0131k.<\/p>\n<p><strong>SUR\u0130YE \u0130LE G\u00d6R\u00dc\u015eME:<\/strong> Yeniden ili\u015fki kurulmamas\u0131 i\u00e7in sebep yok. Ge\u00e7mi\u015fte nas\u0131l birlikteysek, yine ayn\u0131 \u015fekilde birlikte hareket ederiz. Suriye&#8217;nin i\u00e7 i\u015flerine kar\u0131\u015fmak gibi bir amac\u0131m\u0131z olamaz. Nas\u0131l ki ili\u015fkilerimizi canl\u0131 tuttuysak, Say\u0131n Esed ile biz g\u00f6r\u00fc\u015fmeleri yapt\u0131k. Yar\u0131n olmaz diye bir \u015fey olmaz.<\/p>\n\n<p><\/p>\n<p>Kaynak :\u00a0<span style=\"background-color: rgb(255, 249, 236); color: rgb(55, 58, 60); font-size: 14px;\">http:\/\/www.milliyet.com.tr\/gundem\/son-dakika-cumhurbaskani-erdogandan-onemli-aciklamalar-7148132<\/span><\/p>\n","protected":false},"excerpt":{"rendered":"<p>Cumhurba\u015fkan\u0131 Erdo\u011fan, Hz. Ali Camii\u2019nde cuma namaz\u0131n\u0131n ard\u0131ndan a\u00e7\u0131klamalarda bulunuyor.<\/p>\n","protected":false},"author":1,"featured_media":84354,"comment_status":"open","ping_status":"open","sticky":false,"template":"","format":"standard","meta":{"footnotes":""},"categories":[3],"tags":[],"class_list":["post-84353","post","type-post","status-publish","format-standard","has-post-thumbnail","hentry","category-guncel"],"_links":{"self":[{"href":"https:\/\/kamucalisani.net\/index.php\/wp-json\/wp\/v2\/posts\/84353","targetHints":{"allow":["GET"]}}],"collection":[{"href":"https:\/\/kamucalisani.net\/index.php\/wp-json\/wp\/v2\/posts"}],"about":[{"href":"https:\/\/kamucalisani.net\/index.php\/wp-json\/wp\/v2\/types\/post"}],"author":[{"embeddable":true,"href":"https:\/\/kamucalisani.net\/index.php\/wp-json\/wp\/v2\/users\/1"}],"replies":[{"embeddable":true,"href":"https:\/\/kamucalisani.net\/index.php\/wp-json\/wp\/v2\/comments?post=84353"}],"version-history":[{"count":1,"href":"https:\/\/kamucalisani.net\/index.php\/wp-json\/wp\/v2\/posts\/84353\/revisions"}],"predecessor-version":[{"id":84355,"href":"https:\/\/kamucalisani.net\/index.php\/wp-json\/wp\/v2\/posts\/84353\/revisions\/84355"}],"wp:featuredmedia":[{"embeddable":true,"href":"https:\/\/kamucalisani.net\/index.php\/wp-json\/wp\/v2\/media\/84354"}],"wp:attachment":[{"href":"https:\/\/kamucalisani.net\/index.php\/wp-json\/wp\/v2\/media?parent=84353"}],"wp:term":[{"taxonomy":"category","embeddable":true,"href":"https:\/\/kamucalisani.net\/index.php\/wp-json\/wp\/v2\/categories?post=84353"},{"taxonomy":"post_tag","embeddable":true,"href":"https:\/\/kamucalisani.net\/index.php\/wp-json\/wp\/v2\/tags?post=84353"}],"curies":[{"name":"wp","href":"https:\/\/api.w.org\/{rel}","templated":true}]}}