{"id":84410,"date":"2024-08-21T16:36:08","date_gmt":"2024-08-21T16:36:08","guid":{"rendered":"https:\/\/kamucalisani.net\/?p=84410"},"modified":"2024-08-21T16:36:08","modified_gmt":"2024-08-21T16:36:08","slug":"mhp-genel-baskan-yardimcisi-yalcin-ozel-politikada-bir-golge-oyunu-sergiliyor","status":"publish","type":"post","link":"https:\/\/kamucalisani.net\/index.php\/2024\/08\/21\/mhp-genel-baskan-yardimcisi-yalcin-ozel-politikada-bir-golge-oyunu-sergiliyor\/","title":{"rendered":"MHP Genel Ba\u015fkan Yard\u0131mc\u0131s\u0131 Yal\u00e7\u0131n: \u00d6zel, politikada bir g\u00f6lge oyunu sergiliyor"},"content":{"rendered":"<p><p>MHP&#8217;li Semih Yal\u00e7\u0131n, sosyal medya hesab\u0131ndan yapt\u0131\u011f\u0131 yaz\u0131l\u0131 a\u00e7\u0131klamada, &#8220;CHP&#8217;nin emanet\u00e7i genel ba\u015fkan\u0131 \u00d6zg\u00fcr \u00d6zel&#8217;in, &#8216;Normalle\u015fme ve yumu\u015fama&#8217; yavelerini (sa\u00e7ma s\u00f6z) kamuoyunun \u00f6n\u00fcne temcit pilav\u0131 gibi \u0131s\u0131t\u0131p \u0131s\u0131t\u0131p getirmesinin sebebi gayet a\u00e7\u0131k. \u00d6zg\u00fcr Efendi normalle\u015fme ad\u0131 alt\u0131nda ter\u00f6r \u00f6rg\u00fct\u00fc PKK&#8217;n\u0131n siyasi temsilcilerinin varl\u0131\u011f\u0131n\u0131 ola\u011fanla\u015ft\u0131rmaya gayret ediyor. Ter\u00f6r sevicili\u011fi, s\u0131radanla\u015ft\u0131rarak kamuoyunu buna al\u0131\u015ft\u0131rmaya \u00e7abal\u0131yor. Partisinin, PKK acentesi DEM Parti&#8217;yle ayn\u0131 siyaset \u00e7aydanl\u0131\u011f\u0131nda fokurdayarak demlenmesini aklamaya u\u011fra\u015f\u0131yor. B\u00f6l\u00fcc\u00fc ter\u00f6r\u00fcn siyasette temsil edilmesini me\u015frula\u015ft\u0131rmay\u0131 ama\u00e7l\u0131yor. Cumhuriyet&#8217;i kuran partinin, emperyalizm uydusu bir ter\u00f6r devleti kurmay\u0131 hedefleyen PKK&#8217;n\u0131n siyasi acentesiyle i\u015f tutmas\u0131 ne ibretlik bir hadise, Cumhuriyet&#8217;i kuran partiyi \u00d6zg\u00fcr \u00d6zel gibi sorumsuzlar\u0131n y\u00f6netmesi ne ac\u0131 bir kader&#8221; ifadelerini kulland\u0131.<\/p>\n<p><strong>&#8216;\u00d6ZEL SALDIRDIK\u00c7A B\u0130Z\u0130 KUVVETLEND\u0130R\u0130YOR&#8217;<\/strong><\/p>\n<p>Yal\u00e7\u0131n, \u00d6zg\u00fcr \u00d6zel&#8217;in yumu\u015fama ve normalle\u015fme kavramlar\u0131n\u0131 kullanarak politikada \u00e7\u0131k\u0131\u015f arad\u0131\u011f\u0131n\u0131 kaydederek, &#8220;\u00d6zg\u00fcr \u00d6zel, bu kavramlar\u0131 istismar ederek suya yaz\u0131 yaz\u0131yor, siyaset \u00e7orbas\u0131na davul tozu at\u0131yor, minare g\u00f6lgesi serpiyor. CHP&#8217;nin g\u00f6lge genel ba\u015fkan\u0131 \u00d6zel, politikada bir g\u00f6lge oyunu sergiliyor. \u00d6zg\u00fcr Efendi, hem gerginlik siyasetinden \u015fikayet edip, &#8216;Bunun taraf\u0131 olmay\u0131z&#8217; diyor, hem de muhalif oldu\u011fu siyasi partilerin ileri gelenlerine en a\u011f\u0131r s\u00f6zlerle, hatta hakaretamiz ifadelerle y\u00fckleniyor. \u00d6zel, CHP gibi Atat\u00fcrk&#8217;ten miras kalan k\u00f6kl\u00fc bir partinin genel ba\u015fkan\u0131na yak\u0131\u015fmayacak pespaye tav\u0131rla, &#8216;Bu iki ki\u015fi var ya, bu iki ki\u015fi&#8217; diye durup durup bize efeleniyor, bile bile ortam\u0131 geriyor. Akl\u0131nca top\u00e7u ate\u015fiyle hedefi yumu\u015fatma gayretinde, akl\u0131nca bizi g\u00fc\u00e7ten d\u00fc\u015f\u00fcrmeyi ama\u00e7l\u0131yor; ama baltay\u0131 ta\u015fa vuruyor. Sald\u0131rd\u0131k\u00e7a bizi kuvvetlendiriyor. Sert kayaya \u00e7arpt\u0131\u011f\u0131n\u0131, yelin kayadan sadece toz g\u00f6t\u00fcrd\u00fc\u011f\u00fcn\u00fc anlam\u0131\u015f olmas\u0131na ra\u011fmen, z\u0131rvalar\u0131n\u0131 tevil etme \u00e7abas\u0131ndan da vazge\u00e7miyor. Sonra, yeniden yumu\u015fama, normalle\u015fme z\u0131rvalar\u0131na s\u0131\u011f\u0131n\u0131yor. \u00d6zg\u00fcr \u00d6zel, siyasette tansiyonu y\u00fckseltmekten zarar g\u00f6rece\u011finin ge\u00e7 fark\u0131na var\u0131yor. \u00c7\u00fcnk\u00fc kafas\u0131 biraz ge\u00e7 intibak ediyor. Ard\u0131ndan da &#8216;Gerginlik siyaseti istemiyoruz&#8217; deyip i\u015fin i\u00e7inden s\u0131yr\u0131lmaya \u00e7al\u0131\u015f\u0131yor. Siyasette pek al\u0131\u015f\u0131lmad\u0131k surette g\u00f6zlemlenen bu paranormal durum, \u00d6zg\u00fcr Efendi&#8217;nin beyninde farmakolojinin yol a\u00e7t\u0131\u011f\u0131 bir hasardan kaynaklanabilir&#8221; dedi.<\/p>\n<p><strong>&#8216;UMARIZ B\u0130R G\u00dcN CHP&#8217;N\u0130N BA\u015eINA EH\u0130L B\u0130R GENEL BA\u015eKAN GE\u00c7ER&#8217;<\/strong><\/p>\n<p>\u00d6zg\u00fcr \u00d6zel&#8217;in yapt\u0131\u011f\u0131 hatalar\u0131n boyunu a\u015ft\u0131\u011f\u0131n\u0131 ve CHP i\u00e7erisindeki baz\u0131 kesimlerin bu durumu sevin\u00e7le kar\u015f\u0131lad\u0131\u011f\u0131n\u0131 ifade eden Yal\u00e7\u0131n, &#8220;CHP&#8217;de kimi g\u00f6bek atarak seyrediyor, kimi de a\u00e7 s\u0131rtlanlar gibi pusuya yatm\u0131\u015f, t\u00f6kezlemesini bekliyor. &#8216;\u00d6zg\u00fcr \u00d6zel y\u0131k\u0131lsa da biz yerini alsak&#8217; diye \u015fimdiden el ovu\u015fturan f\u0131rsat\u00e7\u0131lar ise yuvarlak masa toplant\u0131lar\u0131; al\u0131\u015ft\u0131rma, bar\u0131\u015fma ve dayan\u0131\u015fma yemekleri d\u00fczenliyorlar. \u00d6zel, yanl\u0131\u015f yolda oldu\u011funu, vakti gelip partisindeki gizli ve a\u00e7\u0131k muar\u0131zlar\u0131 taraf\u0131ndan kafas\u0131na \u00e7uval ge\u00e7irildi\u011finde anlayacak. Uzun s\u00f6z\u00fcn k\u0131sas\u0131, \u00d6zg\u00fcr \u00d6zel&#8217;in, yerel se\u00e7imlerden sonraki tav\u0131rlar\u0131, siyasette normalle\u015fme veya yumu\u015fama ad\u0131m\u0131 de\u011fil. Emanet\u00e7i CHP Genel Ba\u015fkan\u0131n\u0131n tuttu\u011fu bu yol; anormalle\u015fmenin, c\u0131v\u0131tman\u0131n, kaypakla\u015fman\u0131n, tutars\u0131zl\u0131\u011f\u0131n dik alas\u0131. Umar\u0131z bir g\u00fcn CHP&#8217;nin ba\u015f\u0131na, ehil ve aslah bir genel ba\u015fkan ge\u00e7er de millet bunlar\u0131n tasallutundan kurtulur. T\u00fcrk siyaseti de CHP badiresini atlat\u0131r&#8221; ifadelerini kulland\u0131.<\/p>\n\n<p><\/p>\n<p>Kaynak :\u00a0<span style=\"background-color: rgb(255, 249, 236); color: rgb(55, 58, 60); font-size: 14px;\">http:\/\/www.milliyet.com.tr\/gundem\/mhp-genel-baskan-yardimcisi-yalcin-ozel-politikada-bir-golge-oyunu-sergiliyor-7148200<\/span><\/p>\n","protected":false},"excerpt":{"rendered":"<p>MHP Genel Ba\u015fkan Yard\u0131mc\u0131s\u0131 Semih Yal\u00e7\u0131n, &#8220;CHP&#8217;nin g\u00f6lge genel ba\u015fkan\u0131 \u00d6zel, politikada bir g\u00f6lge oyunu sergiliyor. \u00d6zg\u00fcr Efendi, hem gerginlik siyasetinden \u015fikayet edip, &#8216;Bunun taraf\u0131 olmay\u0131z&#8217; diyor, hem de muhalif oldu\u011fu siyasi partilerin ileri gelenlerine en a\u011f\u0131r s\u00f6zlerle, hatta hakaretamiz ifadelerle y\u00fckleniyor&#8221; dedi.<\/p>\n","protected":false},"author":1,"featured_media":84411,"comment_status":"open","ping_status":"open","sticky":false,"template":"","format":"standard","meta":{"footnotes":""},"categories":[3],"tags":[271,4412,4419,4414,1538],"class_list":["post-84410","post","type-post","status-publish","format-standard","has-post-thumbnail","hentry","category-guncel","tag-chp","tag-genel-baskan","tag-normallesme","tag-ozgur-ozel","tag-siyaset"],"_links":{"self":[{"href":"https:\/\/kamucalisani.net\/index.php\/wp-json\/wp\/v2\/posts\/84410","targetHints":{"allow":["GET"]}}],"collection":[{"href":"https:\/\/kamucalisani.net\/index.php\/wp-json\/wp\/v2\/posts"}],"about":[{"href":"https:\/\/kamucalisani.net\/index.php\/wp-json\/wp\/v2\/types\/post"}],"author":[{"embeddable":true,"href":"https:\/\/kamucalisani.net\/index.php\/wp-json\/wp\/v2\/users\/1"}],"replies":[{"embeddable":true,"href":"https:\/\/kamucalisani.net\/index.php\/wp-json\/wp\/v2\/comments?post=84410"}],"version-history":[{"count":1,"href":"https:\/\/kamucalisani.net\/index.php\/wp-json\/wp\/v2\/posts\/84410\/revisions"}],"predecessor-version":[{"id":84412,"href":"https:\/\/kamucalisani.net\/index.php\/wp-json\/wp\/v2\/posts\/84410\/revisions\/84412"}],"wp:featuredmedia":[{"embeddable":true,"href":"https:\/\/kamucalisani.net\/index.php\/wp-json\/wp\/v2\/media\/84411"}],"wp:attachment":[{"href":"https:\/\/kamucalisani.net\/index.php\/wp-json\/wp\/v2\/media?parent=84410"}],"wp:term":[{"taxonomy":"category","embeddable":true,"href":"https:\/\/kamucalisani.net\/index.php\/wp-json\/wp\/v2\/categories?post=84410"},{"taxonomy":"post_tag","embeddable":true,"href":"https:\/\/kamucalisani.net\/index.php\/wp-json\/wp\/v2\/tags?post=84410"}],"curies":[{"name":"wp","href":"https:\/\/api.w.org\/{rel}","templated":true}]}}