{"id":85619,"date":"2024-08-24T00:12:07","date_gmt":"2024-08-24T00:12:07","guid":{"rendered":"https:\/\/kamucalisani.net\/?p=85619"},"modified":"2024-08-24T00:12:07","modified_gmt":"2024-08-24T00:12:07","slug":"besiktasta-di-mariaya-siki-markaj","status":"publish","type":"post","link":"https:\/\/kamucalisani.net\/index.php\/2024\/08\/24\/besiktasta-di-mariaya-siki-markaj\/","title":{"rendered":"Be\u015fikta\u015f&#8217;ta Di Maria\u2019ya s\u0131k\u0131 markaj"},"content":{"rendered":"<p><p>Brezilyal\u0131 stoper Gabriel Paulista\u2019n\u0131n ard\u0131ndan d\u00fcnyaca \u00fcnl\u00fc Portekizli y\u0131ld\u0131z Rafa Silva\u2019y\u0131 resmen kadrosuna katan Be\u015fikta\u015f\u2019ta t\u00fcm g\u00f6zler Angel Di Maria\u2019ya \u00e7evrildi.<\/p>\n<p>Siyah-beyazl\u0131 y\u00f6netimin, Arjantin Milli Tak\u0131m\u0131 ile birlikte Copa America\u2019da bulunan deneyimli oyuncuyla s\u00fcrekli ileti\u015fim halinde olduklar\u0131 belirlendi. Rafa Silva transferiyle taraftarlar\u0131n alk\u0131\u015f\u0131n\u0131 toplayan siyah-beyazl\u0131lar, Di Maria\u2019y\u0131 da en k\u0131sa s\u00fcrede tak\u0131ma dahil etmek istiyor.<\/p>\n<p>\u0130kinci Ba\u015fkan H\u00fcseyin Y\u00fccel yapt\u0131\u011f\u0131 a\u00e7\u0131klamada, \u201cDi Maria gelirse bedava ve tek y\u0131ll\u0131k gelecek. Copa America\u2019y\u0131 bekliyor. Turnuva sonras\u0131 net cevab\u0131n\u0131 iletecek\u201d ifadelerini kullanm\u0131\u015ft\u0131. Benfica ile mevcut s\u00f6zle\u015fmesinde 1 y\u0131ll\u0131k uzatma opsiyonu bulunan 36 ya\u015f\u0131ndaki Arjantinli futbolcunun karar a\u015famas\u0131da oldu\u011fu aktar\u0131ld\u0131. Di Maria\u2019n\u0131n Be\u015fikta\u015f\u2019tan ald\u0131\u011f\u0131 cazip teklife \u00e7ok s\u0131cak bakt\u0131\u011f\u0131 ancak hen\u00fcz kesin bir karar vermedi\u011fi vurguland\u0131. Yetenekli futbolcu, Benfica\u2019dan ayr\u0131lmaya karar verirse b\u00fcy\u00fck olas\u0131l\u0131kla Be\u015fikta\u015f\u2019la anla\u015facak. Di Maria\u2019y\u0131 ikna etmek i\u00e7in yo\u011fun \u00e7aba harcayan siyahbeyazl\u0131lar en ge\u00e7 10 g\u00fcn i\u00e7inde bu transferi bitirmeyi hedefliyor.<\/p>\n\n<p><\/p>\n<p>Kaynak :\u00a0<span style=\"background-color: rgb(255, 249, 236); color: rgb(55, 58, 60); font-size: 14px;\">http:\/\/www.milliyet.com.tr\/skorer\/besiktasta-di-mariaya-siki-markaj-7148819<\/span><\/p>\n","protected":false},"excerpt":{"rendered":"<p>Be\u015fikta\u015f, Rafa Silva\u2019n\u0131n ard\u0131ndan Arjantinli y\u0131ld\u0131z\u0131 da renklerine ba\u011flaman\u0131n hesaplar\u0131n\u0131 yap\u0131yor. Siyah-beyazl\u0131lar, Copa America\u2019da bulunan d\u00fcnyaca \u00fcnl\u00fc oyuncuyu ikna etmek i\u00e7in yo\u011fun \u00e7aba harc\u0131yor<\/p>\n","protected":false},"author":1,"featured_media":85620,"comment_status":"open","ping_status":"open","sticky":false,"template":"","format":"standard","meta":{"footnotes":""},"categories":[7],"tags":[5354],"class_list":["post-85619","post","type-post","status-publish","format-standard","has-post-thumbnail","hentry","category-spor","tag-maria"],"_links":{"self":[{"href":"https:\/\/kamucalisani.net\/index.php\/wp-json\/wp\/v2\/posts\/85619","targetHints":{"allow":["GET"]}}],"collection":[{"href":"https:\/\/kamucalisani.net\/index.php\/wp-json\/wp\/v2\/posts"}],"about":[{"href":"https:\/\/kamucalisani.net\/index.php\/wp-json\/wp\/v2\/types\/post"}],"author":[{"embeddable":true,"href":"https:\/\/kamucalisani.net\/index.php\/wp-json\/wp\/v2\/users\/1"}],"replies":[{"embeddable":true,"href":"https:\/\/kamucalisani.net\/index.php\/wp-json\/wp\/v2\/comments?post=85619"}],"version-history":[{"count":1,"href":"https:\/\/kamucalisani.net\/index.php\/wp-json\/wp\/v2\/posts\/85619\/revisions"}],"predecessor-version":[{"id":85621,"href":"https:\/\/kamucalisani.net\/index.php\/wp-json\/wp\/v2\/posts\/85619\/revisions\/85621"}],"wp:featuredmedia":[{"embeddable":true,"href":"https:\/\/kamucalisani.net\/index.php\/wp-json\/wp\/v2\/media\/85620"}],"wp:attachment":[{"href":"https:\/\/kamucalisani.net\/index.php\/wp-json\/wp\/v2\/media?parent=85619"}],"wp:term":[{"taxonomy":"category","embeddable":true,"href":"https:\/\/kamucalisani.net\/index.php\/wp-json\/wp\/v2\/categories?post=85619"},{"taxonomy":"post_tag","embeddable":true,"href":"https:\/\/kamucalisani.net\/index.php\/wp-json\/wp\/v2\/tags?post=85619"}],"curies":[{"name":"wp","href":"https:\/\/api.w.org\/{rel}","templated":true}]}}