{"id":85884,"date":"2024-08-24T12:24:07","date_gmt":"2024-08-24T12:24:07","guid":{"rendered":"https:\/\/kamucalisani.net\/?p=85884"},"modified":"2024-08-24T12:24:07","modified_gmt":"2024-08-24T12:24:07","slug":"mahir-ogretmenin-cinayetinde-11-kisi-yakalandi-kanli-pusuda-baygaralar-izi","status":"publish","type":"post","link":"https:\/\/kamucalisani.net\/index.php\/2024\/08\/24\/mahir-ogretmenin-cinayetinde-11-kisi-yakalandi-kanli-pusuda-baygaralar-izi\/","title":{"rendered":"Mahir \u00f6\u011fretmenin cinayetinde 11 ki\u015fi yakaland\u0131! Kanl\u0131 pusuda &#8216;Bay\u011faralar&#8217; izi"},"content":{"rendered":"<p><p>Olay, 26 Haziran \u00c7ar\u015famba g\u00fcn\u00fc saat 09.00 s\u0131ralar\u0131nda \u00c7ay\u0131rova Mahallesi Fatih Caddesi&#8217;nde meydana geldi. Evinden \u00e7\u0131kan Fevzi \u00c7akmak Anadolu Lisesi M\u00fcd\u00fcr Yard\u0131mc\u0131s\u0131 Mahir \u00c7o\u011fa\u00e7, bindi\u011fi otomobilinde emniyet kemerini takt\u0131\u011f\u0131 s\u0131rada silahl\u0131 sald\u0131r\u0131ya u\u011frad\u0131. Otomobilin yan\u0131na yakla\u015fan zanl\u0131, tabanca ile \u00c7o\u011fa\u00e7&#8217;\u0131 ba\u015f\u0131ndan vurdu. Kanlar i\u00e7inde kalan \u00c7o\u011fa\u00e7 hayat\u0131n\u0131 kaybetti, zanl\u0131 ise olay yerinden ko\u015farak uzakla\u015ft\u0131.<\/p>\n<p><strong>KAT\u0130L YAKALANDI<\/strong><\/p>\n<p>Olaya ili\u015fkin ba\u015flat\u0131lan geni\u015f \u00e7apl\u0131 soru\u015fturma kapsam\u0131nda Kocaeli Emniyet M\u00fcd\u00fcrl\u00fc\u011f\u00fc Asayi\u015f \u015eube M\u00fcd\u00fcrl\u00fc\u011f\u00fc Cinayet B\u00fcro dedektifleri, katilin ve olaya kar\u0131\u015ft\u0131\u011f\u0131 d\u00fc\u015f\u00fcn\u00fclen \u015f\u00fcphelilerin pe\u015fine d\u00fc\u015ft\u00fc. \u00c7o\u011fa\u00e7&#8217;\u0131 vuran \u015f\u00fcphelinin 17 ya\u015f\u0131ndaki D.G. oldu\u011fu tespit edildi. Polis, D.G.&#8217;nin de aralar\u0131nda bulundu\u011fu 11 \u015f\u00fcpheliyi g\u00f6zalt\u0131na ald\u0131. \u015e\u00fcphelilerin Kocaeli, \u0130stanbul ve Adana&#8217;da d\u00fczenlenen operasyonlarla g\u00f6zalt\u0131na al\u0131nd\u0131\u011f\u0131 \u00f6\u011frenildi.<\/p>\n<p>\u015e\u00fcpheliler D.G. (17), B.G. (20), O.D. (18), H.Z. (22), E.K. (32), M.\u00c7. (27), L.A. (44), M.\u00d6. (24), A.H. (53), E.B. (39) ve T.\u00d6. (33), emniyette tamamlanan i\u015flemlerinin ard\u0131ndan adliyeye sevk edildi. <\/p>\n<div>\n<div> <img decoding=\"async\" src=\"https:\/\/kamucalisani.net\/wp-content\/uploads\/2024\/08\/mahir-ogretmenin-cinayetinde-11-kisi-yakalandi-kanli-pusuda-baygaralar-izi-0-BEUcVDCa.jpg\"\/><\/img> <\/div>\n<\/p><\/div>\n<\/p>\n<p><strong>HA\u0130N PUSUDA &#8220;BAY\u011eARALAR&#8221; \u0130Z\u0130<\/strong><\/p>\n<p>\u00d6te yandan, &#8220;Bay\u011faralar&#8221; isimli organize su\u00e7 \u00f6rg\u00fct\u00fcn\u00fcn 4 y\u0131l \u00f6nceki lideri Bedirhan Bay\u011fara&#8217;n\u0131n (36) 2020&#8217;de Adana&#8217;da bir kafede k\u0131z arkada\u015f\u0131yla oturdu\u011fu s\u0131rada silahl\u0131 sald\u0131r\u0131ya u\u011frayarak hayat\u0131n\u0131 kaybetti\u011fi, Bay\u011fara&#8217;y\u0131 vurdu\u011fu iddia edilen ki\u015finin ise Mahir \u00c7o\u011fa\u00e7&#8217;\u0131n karde\u015fi Y. \u00c7o\u011fa\u00e7 oldu\u011fu bildirildi. Mahir \u00c7o\u011fa\u00e7 cinayetinin, Bedirhan Bay\u011fara&#8217;n\u0131n \u00f6ld\u00fcr\u00fclmesiyle ba\u011flant\u0131l\u0131 oldu\u011fu, olay\u0131n kan davas\u0131 u\u011fruna ger\u00e7ekle\u015ftirildi\u011fi ileri s\u00fcr\u00fcld\u00fc. &#8220;Hayalet&#8221; lakapl\u0131 Y. \u00c7o\u011fa\u00e7&#8217;\u0131n ise olay\u0131n ard\u0131ndan yakalanamad\u0131\u011f\u0131 iddia edildi. \u0130ntikam almak isteyen Bay\u011faralar\u0131n, \u00c7o\u011fa\u00e7 ailesinden kimseye ula\u015famad\u0131klar\u0131 i\u00e7in \u00f6\u011fretmen Mahir \u00c7o\u011fa\u00e7&#8217;a pusu kurduklar\u0131 iddia edildi.<\/p>\n<p><strong>\u00c7ETELERDEN KA\u00c7IP, \u00d6\u011eRETMEN OLDU<\/strong><\/p>\n<p>Mersin \u00dcniversitesi&#8217;nde T\u00fcrk Dili ve Edebiyat\u0131 B\u00f6l\u00fcm\u00fc&#8217;nden 2000&#8217;de mezun olan, 2006&#8217;dan bu yana da Fevzi \u00c7akmak Anadolu Lisesi&#8217;nde g\u00f6rev yapan \u00c7o\u011fa\u00e7&#8217;\u0131n \u00e7evresi, meslekta\u015flar\u0131 ve \u00f6\u011frencileri taraf\u0131ndan sevilen ve sayg\u0131 g\u00f6ren biri oldu\u011fu, hi\u00e7bir su\u00e7a kar\u0131\u015fmayarak kendisine ve ailesine Kocaeli&#8217;de ya\u015fam kurdu\u011fu \u00f6\u011frenildi. Su\u00e7suz yere pusu kurularak \u00f6ld\u00fcr\u00fclen Mahir \u00c7o\u011fa\u00e7&#8217;tan geriye ise g\u00f6z\u00fc ya\u015fl\u0131 \u00e7ocuklar\u0131 ve e\u015fi kald\u0131.<\/p>\n<div>\n<div> <img decoding=\"async\" src=\"https:\/\/kamucalisani.net\/wp-content\/uploads\/2024\/08\/mahir-ogretmenin-cinayetinde-11-kisi-yakalandi-kanli-pusuda-baygaralar-izi-1-KD9cPLzM.jpg\"\/><\/img> <\/div>\n<\/p><\/div>\n<\/p>\n<p><\/p>\n<p>Kaynak :\u00a0<span style=\"background-color: rgb(255, 249, 236); color: rgb(55, 58, 60); font-size: 14px;\">http:\/\/www.milliyet.com.tr\/gundem\/mahir-ogretmenin-cinayetinde-11-kisi-yakalandi-kanli-pusuda-baygaralar-izi-7148862<\/span><\/p>\n","protected":false},"excerpt":{"rendered":"<p>Kocaeli&#8217;de lise m\u00fcd\u00fcr yard\u0131mc\u0131s\u0131 Mahir \u00c7o\u011fa\u00e7&#8217;\u0131n otomobilinde \u00f6ld\u00fcr\u00fclmesine ili\u015fkin g\u00f6zalt\u0131na al\u0131nan katil D.G.&#8217;nin (17) de aralar\u0131nda bulundu\u011fu 11 \u015f\u00fcpheli adliyeye getirildi. \u00c7o\u011fa\u00e7&#8217;\u0131n \u00f6l\u00fcm\u00fcnde ise &#8220;Bay\u011faralar \u00e7etesinin&#8221; izi dikkat \u00e7ekti.<\/p>\n","protected":false},"author":1,"featured_media":85885,"comment_status":"open","ping_status":"open","sticky":false,"template":"","format":"standard","meta":{"footnotes":""},"categories":[3],"tags":[5389,377],"class_list":["post-85884","post","type-post","status-publish","format-standard","has-post-thumbnail","hentry","category-guncel","tag-mahir-cogac","tag-olay"],"_links":{"self":[{"href":"https:\/\/kamucalisani.net\/index.php\/wp-json\/wp\/v2\/posts\/85884","targetHints":{"allow":["GET"]}}],"collection":[{"href":"https:\/\/kamucalisani.net\/index.php\/wp-json\/wp\/v2\/posts"}],"about":[{"href":"https:\/\/kamucalisani.net\/index.php\/wp-json\/wp\/v2\/types\/post"}],"author":[{"embeddable":true,"href":"https:\/\/kamucalisani.net\/index.php\/wp-json\/wp\/v2\/users\/1"}],"replies":[{"embeddable":true,"href":"https:\/\/kamucalisani.net\/index.php\/wp-json\/wp\/v2\/comments?post=85884"}],"version-history":[{"count":1,"href":"https:\/\/kamucalisani.net\/index.php\/wp-json\/wp\/v2\/posts\/85884\/revisions"}],"predecessor-version":[{"id":85888,"href":"https:\/\/kamucalisani.net\/index.php\/wp-json\/wp\/v2\/posts\/85884\/revisions\/85888"}],"wp:featuredmedia":[{"embeddable":true,"href":"https:\/\/kamucalisani.net\/index.php\/wp-json\/wp\/v2\/media\/85885"}],"wp:attachment":[{"href":"https:\/\/kamucalisani.net\/index.php\/wp-json\/wp\/v2\/media?parent=85884"}],"wp:term":[{"taxonomy":"category","embeddable":true,"href":"https:\/\/kamucalisani.net\/index.php\/wp-json\/wp\/v2\/categories?post=85884"},{"taxonomy":"post_tag","embeddable":true,"href":"https:\/\/kamucalisani.net\/index.php\/wp-json\/wp\/v2\/tags?post=85884"}],"curies":[{"name":"wp","href":"https:\/\/api.w.org\/{rel}","templated":true}]}}