{"id":85957,"date":"2024-08-24T15:48:06","date_gmt":"2024-08-24T15:48:06","guid":{"rendered":"https:\/\/kamucalisani.net\/?p=85957"},"modified":"2024-08-24T15:48:06","modified_gmt":"2024-08-24T15:48:06","slug":"sinan-ates-cinayeti-saniklari-yarin-hakim-karsisina-cikacak","status":"publish","type":"post","link":"https:\/\/kamucalisani.net\/index.php\/2024\/08\/24\/sinan-ates-cinayeti-saniklari-yarin-hakim-karsisina-cikacak\/","title":{"rendered":"Sinan Ate\u015f cinayeti san\u0131klar\u0131 yar\u0131n hakim kar\u015f\u0131s\u0131na \u00e7\u0131kacak"},"content":{"rendered":"<p><p>\u00c7ankaya il\u00e7esi \u00c7ukurambar semtindeki K\u0131z\u0131l\u0131rmak Mahallesi&#8217;nde, 30 Aral\u0131k 2022&#8217;de u\u011frad\u0131\u011f\u0131 silahl\u0131 sald\u0131r\u0131da hayat\u0131n\u0131 kaybeden Ate\u015f&#8217;in \u00f6l\u00fcm\u00fcyle ilgili 22 san\u0131k, yar\u0131n Ankara 32. A\u011f\u0131r Ceza Mahkemesinde hakim kar\u015f\u0131s\u0131na \u00e7\u0131kacak.<\/p>\n<p>Sincan Ceza \u0130nfaz Kurumlar\u0131 Kamp\u00fcs\u00fc&#8217;ndeki duru\u015fma salonunda g\u00f6r\u00fclecek dava, 5 g\u00fcn s\u00fcrecek.<\/p>\n<p>Ate\u015f ailesinin yan\u0131 s\u0131ra siyasi parti temsilcilerinin de duru\u015fmay\u0131 takip etmesi bekleniyor. CHP Genel Ba\u015fkan\u0131 \u00d6zg\u00fcr \u00d6zel, duru\u015fmay\u0131 takip edece\u011fini a\u00e7\u0131klad\u0131, MHP Genel Ba\u015fkan\u0131 Devlet Bah\u00e7eli de davay\u0131 parti avukatlar\u0131n\u0131n izleyece\u011fini bildirdi.<\/p>\n<p><strong>17 \u015e\u00dcPHEL\u0130N\u0130N DOSYASI AYRILDI<\/strong><\/p>\n<p>Sinan Ate\u015f cinayetine ili\u015fkin hakk\u0131nda i\u015flem yap\u0131lan toplam 39 ki\u015fiden, haklar\u0131nda yurt d\u0131\u015f\u0131na \u00e7\u0131k\u0131\u015f yasa\u011f\u0131 getirilen di\u011fer 17&#8217;si hakk\u0131ndaki soru\u015fturma, ayr\u0131 dosya \u00fczerinden s\u00fcr\u00fcyor.<\/p>\n<p>Arkada\u015f\u0131 Selman Bozkurt ile 30 Aral\u0131k 2022&#8217;de \u00c7ankaya il\u00e7esi K\u0131z\u0131l\u0131rmak Mahallesi&#8217;nde bir binadan \u00e7\u0131kt\u0131\u011f\u0131 s\u0131rada motosikletli 2 ki\u015finin silahl\u0131 sald\u0131r\u0131s\u0131na u\u011frayan ve kald\u0131r\u0131ld\u0131\u011f\u0131 hastanede hayat\u0131n\u0131 kaybeden Ate\u015f ile ilgili Ankara Cumhuriyet Ba\u015fsavc\u0131l\u0131\u011f\u0131nca haz\u0131rlanan iddianame, may\u0131s ay\u0131nda mahkemece kabul edilmi\u015fti.<\/p>\n<p>Sinan Ate\u015f&#8217;in e\u015fi Ay\u015fe Ate\u015f ve olay s\u0131ras\u0131nda beraberindeki Selman Bozkurt&#8217;un &#8220;m\u00fc\u015fteki&#8221; s\u0131fat\u0131yla yer ald\u0131\u011f\u0131 22 san\u0131kl\u0131 iddianamede, &#8220;m\u00fc\u015fterek fail&#8221; olarak yer alan san\u0131klar tetik\u00e7i Eray \u00d6zya\u011fci, Vedat Balkaya ve Suat Kurt&#8217;un &#8220;tasarlayarak kasten \u00f6ld\u00fcrme&#8221; su\u00e7undan a\u011f\u0131rla\u015ft\u0131r\u0131lm\u0131\u015f m\u00fcebbet, m\u00fc\u015fteki Selman Bozkurt&#8217;a y\u00f6nelik &#8220;tasarlayarak kasten \u00f6ld\u00fcrmeye te\u015febb\u00fcs&#8221; su\u00e7undan 13&#8217;er y\u0131ldan 20&#8217;\u015fer y\u0131la kadar hapis, Do\u011fukan \u00c7ep ve Tolgahan Demirba\u015f&#8217;\u0131n ise cinayete azmettirmekten a\u011f\u0131rla\u015ft\u0131r\u0131lm\u0131\u015f m\u00fcebbet hapisle cezaland\u0131r\u0131lmalar\u0131 talep edildi.<\/p>\n<p>\u00d6zya\u011fci&#8217;nin ayr\u0131ca &#8220;ruhsats\u0131z tabanca bulundurmak ve ta\u015f\u0131mak&#8221; su\u00e7undan 1 y\u0131ldan 3 y\u0131la, Demirba\u015f&#8217;\u0131n ise &#8220;zincirleme \u015fekilde ki\u015fisel verileri hukuka ayk\u0131r\u0131 ele ge\u00e7irme&#8221; su\u00e7undan 3 y\u0131ldan 7 y\u0131la kadar hapis cezas\u0131na \u00e7arpt\u0131r\u0131lmas\u0131 istendi.<\/p>\n<p>\u0130ddianamede, di\u011fer san\u0131klar, Zekeriya Asarkaya, Hakan Sara\u00e7, Ufuk K\u00f6kt\u00fcrk, Mehmet Y\u00fcce, Mustafa Uzunlar, A\u015fk\u0131n Mert Gelenbey, Murat Can \u00c7olak, Osman Bayraktar, Caner G\u00fcney, Umut Ersoy, \u00c7a\u011flar Zorlu, Ayta\u00e7 Ata\u00e7, Emre Y\u00fcksel, Serdar \u00d6ktem, Erdem Karadeniz, Alper Atay, Mustafa Ensar Aykal&#8217;\u0131n, &#8220;i\u015ftirak halinde i\u015flenen su\u00e7a yard\u0131m ettikleri&#8221; gerek\u00e7esiyle cezaland\u0131r\u0131lmalar\u0131 gerekti\u011fi belirtildi.<\/p>\n<p>Bu 17 san\u0131\u011f\u0131n, &#8221; tasarlayarak kasten \u00f6ld\u00fcrmeye yard\u0131m&#8221; su\u00e7undan 15&#8217;er y\u0131ldan 20&#8217;\u015fer y\u0131la kadar hapsi istenirken, eski cinayet b\u00fcro amiri Aykal&#8217;\u0131n ayr\u0131ca kamu g\u00f6revinin verdi\u011fi yetkiyi k\u00f6t\u00fcye kullanarak maktule ait ki\u015fisel bilgileri hukuka ayk\u0131r\u0131 olarak temin etti\u011fi gerek\u00e7esiyle ayr\u0131ca 3 y\u0131ldan 6 y\u0131la kadar hapisle cezaland\u0131r\u0131lmas\u0131 talep edildi.<\/p>\n\n<p><\/p>\n<p>Kaynak :\u00a0<span style=\"background-color: rgb(255, 249, 236); color: rgb(55, 58, 60); font-size: 14px;\">http:\/\/www.milliyet.com.tr\/gundem\/sinan-ates-cinayeti-saniklari-yarin-hakim-karsisina-cikacak-7148895<\/span><\/p>\n","protected":false},"excerpt":{"rendered":"<p>Eski \u00dclk\u00fc Ocaklar\u0131 E\u011fitim ve K\u00fclt\u00fcr Vakf\u0131 Ba\u015fkan\u0131 ve Hacettepe \u00dcniversitesi \u00d6\u011fretim \u00dcyesi Do\u00e7. Dr. Sinan Ate\u015f&#8217;in \u00f6ld\u00fcr\u00fclmesine ili\u015fkin 22 san\u0131\u011f\u0131n yarg\u0131lanmas\u0131na yar\u0131n ba\u015flanacak.<\/p>\n","protected":false},"author":1,"featured_media":85958,"comment_status":"open","ping_status":"open","sticky":false,"template":"","format":"standard","meta":{"footnotes":""},"categories":[3],"tags":[807,386,3816,5394,3683],"class_list":["post-85957","post","type-post","status-publish","format-standard","has-post-thumbnail","hentry","category-guncel","tag-ates","tag-ceza","tag-sucundan","tag-yila","tag-yildan"],"_links":{"self":[{"href":"https:\/\/kamucalisani.net\/index.php\/wp-json\/wp\/v2\/posts\/85957","targetHints":{"allow":["GET"]}}],"collection":[{"href":"https:\/\/kamucalisani.net\/index.php\/wp-json\/wp\/v2\/posts"}],"about":[{"href":"https:\/\/kamucalisani.net\/index.php\/wp-json\/wp\/v2\/types\/post"}],"author":[{"embeddable":true,"href":"https:\/\/kamucalisani.net\/index.php\/wp-json\/wp\/v2\/users\/1"}],"replies":[{"embeddable":true,"href":"https:\/\/kamucalisani.net\/index.php\/wp-json\/wp\/v2\/comments?post=85957"}],"version-history":[{"count":1,"href":"https:\/\/kamucalisani.net\/index.php\/wp-json\/wp\/v2\/posts\/85957\/revisions"}],"predecessor-version":[{"id":85959,"href":"https:\/\/kamucalisani.net\/index.php\/wp-json\/wp\/v2\/posts\/85957\/revisions\/85959"}],"wp:featuredmedia":[{"embeddable":true,"href":"https:\/\/kamucalisani.net\/index.php\/wp-json\/wp\/v2\/media\/85958"}],"wp:attachment":[{"href":"https:\/\/kamucalisani.net\/index.php\/wp-json\/wp\/v2\/media?parent=85957"}],"wp:term":[{"taxonomy":"category","embeddable":true,"href":"https:\/\/kamucalisani.net\/index.php\/wp-json\/wp\/v2\/categories?post=85957"},{"taxonomy":"post_tag","embeddable":true,"href":"https:\/\/kamucalisani.net\/index.php\/wp-json\/wp\/v2\/tags?post=85957"}],"curies":[{"name":"wp","href":"https:\/\/api.w.org\/{rel}","templated":true}]}}