{"id":86158,"date":"2024-08-25T01:48:07","date_gmt":"2024-08-25T01:48:07","guid":{"rendered":"https:\/\/kamucalisani.net\/?p=86158"},"modified":"2024-08-25T01:48:07","modified_gmt":"2024-08-25T01:48:07","slug":"zeki-celikten-mourinho-sozleri-cok-basarili-olacagina-inaniyorum","status":"publish","type":"post","link":"https:\/\/kamucalisani.net\/index.php\/2024\/08\/25\/zeki-celikten-mourinho-sozleri-cok-basarili-olacagina-inaniyorum\/","title":{"rendered":"Zeki \u00c7elik&#8217;ten Mourinho s\u00f6zleri: \u00c7ok ba\u015far\u0131l\u0131 olaca\u011f\u0131na inan\u0131yorum"},"content":{"rendered":"<p><p>A Milli Futbol Tak\u0131m\u0131, EURO 2024 Son 16 Turu\u2019nda 2 Temmuz Sal\u0131 g\u00fcn\u00fc Avusturya ile kar\u015f\u0131 kar\u015f\u0131ya gelecek. Ay-y\u0131ld\u0131zl\u0131larda Zeki \u00c7elik ve tak\u0131ma sonradan dahil olan Muhammed \u015eengezer, bas\u0131n mensuplar\u0131n\u0131n sorular\u0131n\u0131 yan\u0131tlad\u0131.<\/p>\n<p>Turnuvadan \u00f6nce ya\u015fad\u0131\u011f\u0131 sakatl\u0131\u011f\u0131n kendisini etkiledi\u011fini belirten Zeki \u00c7elik, \u201cTurnuvadan \u00f6nce bir sakatl\u0131k ya\u015fad\u0131m. Bu beni bir ad\u0131m geriye att\u0131. \u015eu an gayet iyiyim. Ad\u0131m ad\u0131m ileri gitmemiz gerekiyor. \u015eu anda e\u011fer hoca s\u00fcre verirse katk\u0131 sa\u011flamak her zaman isteriz\u201d ifadelerini kulland\u0131.<\/p>\n<p><strong>\u201cAVUSTURYA \u00c7OK SERT OYNAYAN VE BASKI YAPAN B\u0130R TAKIM\u201d<\/strong><\/p>\n<p>Avusturya\u2019n\u0131n sert bir tak\u0131m oldu\u011funu Mart ay\u0131nda oynanan haz\u0131rl\u0131k ma\u00e7\u0131nda buna kar\u015f\u0131l\u0131k veremediklerini dile getiren 27 ya\u015f\u0131ndaki sa\u011f bek, \u201cAvusturya \u00e7ok sert oynayan ve bask\u0131 yapan bir tak\u0131m. Oradaki ma\u00e7ta bask\u0131ya kar\u015f\u0131l\u0131k veremedik. \u015eu an intikam olarak de\u011fil bir ma\u00e7 1-0 da olsa bizim almam\u0131z gerekiyor. Onlar\u0131 eleyip, \u00f6n\u00fcm\u00fczde bakmam\u0131z gerekiyor. Ma\u00e7 ma\u00e7 gitmek laz\u0131m. Avusturya\u2019y\u0131 ge\u00e7ersek de ad\u0131m ad\u0131m bakmak gerekiyor. Yar\u0131 finali zorlayabiliriz diye d\u00fc\u015f\u00fcn\u00fcyorum\u201d \u015feklinde konu\u015ftu.<\/p>\n<p><strong>\u201cYETENEKL\u0130 B\u0130R GRUBUMUZ VAR\u201d<\/strong><\/p>\n<p>Milli tak\u0131m\u0131n yetenekli bir gruba sahip oldu\u011funu ifade eden Zeki \u00c7elik, \u201cYetenekli bir tak\u0131ma sahibiz. Arda, Semih, Can, Kenan gibi gen\u00e7lerimiz var. Bunlar ilerleyen turnuvalarda \u00e7ok katk\u0131 sa\u011flayacak. \u0130lerleyen turnuvalar daha iyi bir derece yapaca\u011f\u0131z\u201d diye konu\u015ftu.<\/p>\n<p><strong>\u201cSAKATLIK OLMASA \u0130LK MA\u00c7TA DA OYNAMA \u0130HT\u0130MAL\u0130M OLACAKTI\u201d<\/strong><\/p>\n<p>Savunma y\u00f6n\u00fcnde daha g\u00fc\u00e7l\u00fc, h\u00fccum y\u00f6n\u00fcnde biraz daha k\u0131s\u0131tl\u0131 oldu\u011fu y\u00f6n\u00fcnde yap\u0131lan ele\u015ftirilere kat\u0131lmad\u0131\u011f\u0131n\u0131 belirten Zeki, \u201c\u0130lk ma\u00e7tan \u00f6nce sakatl\u0131k ya\u015fad\u0131m. Sakatl\u0131k olmasa oynama ihtimalim olacakt\u0131. Hoca ile de konu\u015fmu\u015ftuk. \u0130lerleyen ma\u00e7larda \u015fans verece\u011fini s\u00f6ylemi\u015fti. Bu sezon Leao\u2019ya kar\u015f\u0131 da 4 ma\u00e7a \u00e7\u0131kt\u0131m. Onu iyi tan\u0131yorum. Hoca g\u00f6rev verdi. Oynad\u0131\u011f\u0131m ma\u00e7ta da 2 tane y\u00fczde 100\u2019l\u00fck gol pozisyonu yaratt\u0131m. Ancak gol olmad\u0131. Kamuoyunda \u00f6yle g\u00f6z\u00fck\u00fcyor ama ben \u00f6yle oldu\u011funu d\u00fc\u015f\u00fcnm\u00fcyorum&#8221; ifadelerini kulland\u0131.<\/p>\n<div>\n<div> <img decoding=\"async\" src=\"https:\/\/kamucalisani.net\/wp-content\/uploads\/2024\/08\/zeki-celikten-mourinho-sozleri-cok-basarili-olacagina-inaniyorum-0-NTd4wtF4.jpg\"\/><\/img> <\/div>\n<\/p><\/div>\n<\/p>\n<p><strong>\u201cMOUR\u0130NHO\u2019NUN T\u00dcRK\u0130YE\u2019DE \u00c7OK BA\u015eARILI OLACA\u011eINA \u0130NANIYORUM\u201d<\/strong><\/p>\n<p>Roma\u2019da birlikte \u00e7al\u0131\u015ft\u0131\u011f\u0131 Jose Mourinho\u2019dan \u00e7ok \u015fey \u00f6\u011frendi\u011fini belirten Zeki \u00c7elik, \u201cMourinho deneyimli bir hoca. Ondan \u00e7ok \u015fey \u00f6\u011frendim. T\u00fcrkiye\u2019de de ba\u015far\u0131l\u0131 olaca\u011f\u0131na inan\u0131yorum. Buradan ona da ba\u015far\u0131lar diliyorum\u201d dedi.<\/p>\n<p><strong>\u201cHOCAMIZ TAKT\u0130K \u00c7ALI\u015eMAYI \u00c7OK SEV\u0130YOR\u201d<\/strong><\/p>\n<p>Teknik direkt\u00f6r Vincenzo Montella ile ilgili d\u00fc\u015f\u00fcnceleri sorulan tecr\u00fcbeli sa\u011f bek, s\u00f6zlerini \u015f\u00f6yle s\u00fcrd\u00fcrd\u00fc:<\/p>\n<p>\u201cHocam\u0131z taktik \u00e7al\u0131\u015fmay\u0131 \u00e7ok seviyor. Antrenmanlar \u00e7ok tempolu. \u0130talya\u2019da bunu di\u011fer hocalarda da g\u00f6rd\u00fcm. Taktik disiplin \u00f6nemli. Hocan\u0131n analizleri, bizimle ileti\u015fimi \u00e7ok iyi. Hoca ile gayet mutluyuz.\u201d<\/p>\n<p><strong>\u201cELE\u015eT\u0130R\u0130 KONUSUNDA D\u0130KKATL\u0130 OLMAMIZ GEREK\u0130YOR\u201d<\/strong><\/p>\n<p>Tak\u0131mda olduk\u00e7a g\u00fczel bir ortam oldu\u011funu ve d\u0131\u015fardan yap\u0131lan ele\u015ftirilerin dozunun ka\u00e7\u0131r\u0131lmamas\u0131 gerekti\u011fini dile getiren Zeki \u00c7elik, \u201cBurada g\u00fczel bir ortam var. Bazen ele\u015ftiriler olunca \u015fa\u015f\u0131r\u0131yorum. Turnuva s\u00fcrecindeyiz. Bir\u00e7ok yorum yap\u0131l\u0131yor. Bence bunlar yanl\u0131\u015f. \u00dclkemiz i\u00e7in burada m\u00fccadele ediyoruz. Ele\u015ftirinin dozunu bazen ka\u00e7\u0131r\u0131yorlar. Bu konuda dikkatli olmam\u0131z gerekiyor\u201d \u015feklinde konu\u015ftu.<\/p>\n<p><strong>\u201cBU TAKIM 2032\u2019DE \u00c7OK \u0130Y\u0130 \u0130\u015eLER YAPACAK\u201d<\/strong><\/p>\n<p>Cenk Tosun\u2019un tak\u0131m\u0131n potansiyelinin \u00e7ok y\u00fcksek oldu\u011fu y\u00f6n\u00fcndeki a\u00e7\u0131klamalar\u0131 hat\u0131rlat\u0131lan Zeki \u00c7elik, s\u00f6zlerini \u015f\u00f6yle noktalad\u0131: \u201cCenk a\u011fabeye kat\u0131l\u0131yorum. 6-7 y\u0131ld\u0131r buraya geliyorum. Gen\u00e7, tecr\u00fcbeli herkes birbiriyle konu\u015fuyor. Ortamdan memnunum. 2032\u2019de bu tak\u0131m \u00e7ok iyi i\u015fler yapacak.\u201d<\/p>\n<p><strong>MUHAMMED \u015eENGEZER: \u0130N\u015eALLAH KAZANAN TARAF B\u0130Z OLURUZ<\/strong><\/p>\n<p>Ya\u015fad\u0131\u011f\u0131 sakatl\u0131k sonras\u0131nda tak\u0131mdan ayr\u0131lan Do\u011fan Alemdar\u2019a ge\u00e7mi\u015f olsun dileklerini ileterek konu\u015fmas\u0131na ba\u015flayan Muhammed \u015eengezer, \u201cDo\u011fan karde\u015fime ge\u00e7mi\u015f olsun. Ozan ve Enes de talihsiz sakatl\u0131klar ya\u015fad\u0131lar. Ben buraya haz\u0131r \u015fekilde geldim. Her zaman irtibat halindeydik. Tak\u0131mda arkada\u015fl\u0131k \u00fcst seviyede. Zeki ile 17 y\u0131ld\u0131r arkada\u015f\u0131z. \u015eu an her \u015fey iyi gidiyor. Ciddi ve \u00f6nemli bir ma\u00e7\u0131m\u0131z var. Ciddi \u015fekilde haz\u0131rlanmaya devam ediyoruz. \u0130n\u015fallah kazanan taraf biz oluruz\u201d ifadelerini kulland\u0131.<\/p>\n<p><strong>\u201cBEN\u0130 EN \u00c7OK HAKAN A\u011eABEY VE SEM\u0130H ZORLUYOR\u201d<\/strong><\/p>\n<p>Antrenmanlarda kendisini en \u00e7ok zorlayan isimlerin Hakan \u00c7alhano\u011flu ve Semih K\u0131l\u0131\u00e7soy oldu\u011funu belirten Muhammed \u015eengezer, \u201cHepsi tan\u0131d\u0131\u011f\u0131m oyuncular. Ligde de rakip olduklar\u0131m var. Beni en \u00e7ok zorlayan Hakan a\u011fabey ve Semih. \u0130nan\u0131lmaz \u015fut \u00f6zelli\u011fine sahipler. Rakibimizi \u00e7ok iyi analiz etmeye \u00e7al\u0131\u015f\u0131yoruz. Her g\u00fcn toplant\u0131 yap\u0131yoruz. Daha iyi oyuncular\u0131m\u0131z var ve daha fazla kapasiteye sahibiz. \u00dclkemizi sevindirmek istiyoruz\u201d \u015feklinde konu\u015ftu.<\/p>\n<p><strong>\u201cANTRENMANDA OLMAYACAK \u015eEY MA\u00c7TA BA\u015eIMIZA GELD\u0130\u201d<\/strong><\/p>\n<p>Portekiz ma\u00e7\u0131nda talihsiz bir gol yendi\u011fini ifade eden tecr\u00fcbeli file bek\u00e7isi, \u201cTalihsiz bir gol yedik. Bu kimsenin istemeyece\u011fi bir \u015fey. Altay ya da Samet ile de bunu konu\u015fmad\u0131m. Antrenmanda ba\u015f\u0131m\u0131za gelmeyecek bir \u015fey ma\u00e7ta geldi. Futbolda bunlar olabiliyor. Oyuncular olarak bazen sahada sesimizi duyuramad\u0131\u011f\u0131m\u0131z zamanlarda b\u00f6yle hatalar oluyor. O konuyla alakal\u0131 konu\u015fulacak bir \u015fey yok. 4 kaleciyiz. Mert a\u011fabey, U\u011furcan ve Altay. Eskiden beri birbirimizi tan\u0131yan kalecileriz. Hem yetenek hem de karakter olarak birbirimizi \u00fcst seviyeye \u00e7\u0131kartmak i\u00e7in birbirimize yard\u0131mc\u0131 oluyoruz\u201d diye konu\u015ftu.<\/p>\n<p><strong>\u201cAMACIMIZ F\u0130NALE KADAR G\u0130TMEK\u201d<\/strong><\/p>\n<p>Final oynamak istediklerini belirten Muhammed \u015eengezer, \u201c\u015eu an turnuvaya bakt\u0131\u011f\u0131m\u0131z zaman \u00fcst d\u00fczey tak\u0131mlar var. Bizde bunlardan biriyiz. Hem tecr\u00fcbeli hem de tecr\u00fcbesiz isimler var. Avrupa\u2019da y\u00fcksek tak\u0131mlarda oynayan arkada\u015flar\u0131m\u0131z var. Kazanmak i\u00e7in ma\u00e7a \u00e7\u0131k\u0131yoruz. Amac\u0131m\u0131z finale kadar gitmek\u201d ifadelerini kulland\u0131.<\/p>\n<p><strong>\u201cF\u0130NALDE \u0130SPANYA \u0130LE KAR\u015eILA\u015eMAK \u0130STER\u0130M\u201d<\/strong><\/p>\n<p>Finalde \u0130spanya ile kar\u015f\u0131la\u015fmak isteyece\u011fini belirten Muhammed \u015eengezer, s\u00f6zlerini \u015f\u00f6yle noktalad\u0131: \u201cBen finalde \u0130spanya ile kar\u015f\u0131la\u015fmak isterim. Onlar\u0131 be\u011feniyorum. Bence g\u00fczel bir ma\u00e7 olur.\u201d<\/p>\n\n<p><\/p>\n<p>Kaynak :\u00a0<span style=\"background-color: rgb(255, 249, 236); color: rgb(55, 58, 60); font-size: 14px;\">http:\/\/www.milliyet.com.tr\/skorer\/zeki-celikten-mourinho-sozleri-cok-basarili-olacagina-inaniyorum-7148993<\/span><\/p>\n","protected":false},"excerpt":{"rendered":"<p>A Milli Tak\u0131m\u0131m\u0131z&#8217;\u0131n y\u0131ld\u0131z oyuncular\u0131 Zeki \u00c7elik ve Muhammed \u015eengezer Avusturya ma\u00e7\u0131 \u00f6ncesi bas\u0131n toplant\u0131s\u0131 d\u00fczenledi.<\/p>\n","protected":false},"author":1,"featured_media":86159,"comment_status":"open","ping_status":"open","sticky":false,"template":"","format":"standard","meta":{"footnotes":""},"categories":[7],"tags":[290,1652,288,263,185],"class_list":["post-86158","post","type-post","status-publish","format-standard","has-post-thumbnail","hentry","category-spor","tag-final","tag-hoca","tag-mac","tag-takim","tag-var"],"_links":{"self":[{"href":"https:\/\/kamucalisani.net\/index.php\/wp-json\/wp\/v2\/posts\/86158","targetHints":{"allow":["GET"]}}],"collection":[{"href":"https:\/\/kamucalisani.net\/index.php\/wp-json\/wp\/v2\/posts"}],"about":[{"href":"https:\/\/kamucalisani.net\/index.php\/wp-json\/wp\/v2\/types\/post"}],"author":[{"embeddable":true,"href":"https:\/\/kamucalisani.net\/index.php\/wp-json\/wp\/v2\/users\/1"}],"replies":[{"embeddable":true,"href":"https:\/\/kamucalisani.net\/index.php\/wp-json\/wp\/v2\/comments?post=86158"}],"version-history":[{"count":1,"href":"https:\/\/kamucalisani.net\/index.php\/wp-json\/wp\/v2\/posts\/86158\/revisions"}],"predecessor-version":[{"id":86161,"href":"https:\/\/kamucalisani.net\/index.php\/wp-json\/wp\/v2\/posts\/86158\/revisions\/86161"}],"wp:featuredmedia":[{"embeddable":true,"href":"https:\/\/kamucalisani.net\/index.php\/wp-json\/wp\/v2\/media\/86159"}],"wp:attachment":[{"href":"https:\/\/kamucalisani.net\/index.php\/wp-json\/wp\/v2\/media?parent=86158"}],"wp:term":[{"taxonomy":"category","embeddable":true,"href":"https:\/\/kamucalisani.net\/index.php\/wp-json\/wp\/v2\/categories?post=86158"},{"taxonomy":"post_tag","embeddable":true,"href":"https:\/\/kamucalisani.net\/index.php\/wp-json\/wp\/v2\/tags?post=86158"}],"curies":[{"name":"wp","href":"https:\/\/api.w.org\/{rel}","templated":true}]}}