{"id":86518,"date":"2024-08-25T16:24:12","date_gmt":"2024-08-25T16:24:12","guid":{"rendered":"https:\/\/kamucalisani.net\/?p=86518"},"modified":"2024-08-25T16:24:12","modified_gmt":"2024-08-25T16:24:12","slug":"usakta-yolcu-otobusu-devrildi-yaralilar-var","status":"publish","type":"post","link":"https:\/\/kamucalisani.net\/index.php\/2024\/08\/25\/usakta-yolcu-otobusu-devrildi-yaralilar-var\/","title":{"rendered":"U\u015fak&#8217;ta yolcu otob\u00fcs\u00fc devrildi! Yaral\u0131lar var"},"content":{"rendered":"<p><p>Hatay-\u0130zmir seferini yapan O.\u00d6. (32) idaresindeki 42 RC 600 plakal\u0131 yolcu otob\u00fcs\u00fc, Afyonkarahisar-U\u015fak kara yolunda seyrederken G\u00f6\u011fem Kav\u015fa\u011f\u0131 yak\u0131nlar\u0131nda kontrol\u00fcn\u00fc kaybederek ref\u00fcje \u00e7arpt\u0131. Otob\u00fcs, \u00e7arpman\u0131n etkisiyle devrildi.<\/p>\n<p>\u0130hbar \u00fczerine kaza yerine, polis, jandarma, AFAD ve \u00e7ok say\u0131da sa\u011fl\u0131k ekibi sevk edildi.<\/p>\n<p>Kazada yaralanan 11 yolcu, ambulanslarla \u00e7evredeki hastanelere kald\u0131r\u0131ld\u0131.<\/p>\n<p>Yolcu otob\u00fcs\u00fcn\u00fcn s\u00fcr\u00fcc\u00fcs\u00fc ifadesi al\u0131nmak \u00fczere jandarma karakoluna g\u00f6t\u00fcr\u00fcld\u00fc.<\/p>\n<section>\n<div>\n<div>\n<div>\n<div>\n<div> <img decoding=\"async\" src=\"https:\/\/kamucalisani.net\/wp-content\/uploads\/2024\/08\/usakta-yolcu-otobusu-devrildi-yaralilar-var-0-Q8E9zQcM.jpg\"\/><\/img> <\/div>\n<div> <span> <span><b>1\/<\/b><em>9<\/em><\/span> <\/p>\n<p> <\/span> <\/div>\n<\/p><\/div>\n<div>\n<div> <img decoding=\"async\" src=\"https:\/\/kamucalisani.net\/wp-content\/uploads\/2024\/08\/usakta-yolcu-otobusu-devrildi-yaralilar-var-1-uRU2wwzV.jpg\"\/><\/img> <\/div>\n<div> <span> <span><b>2\/<\/b><em>9<\/em><\/span> <\/p>\n<p> <\/span> <\/div>\n<\/p><\/div>\n<div>\n<div> <img decoding=\"async\" src=\"https:\/\/kamucalisani.net\/wp-content\/uploads\/2024\/08\/usakta-yolcu-otobusu-devrildi-yaralilar-var-2-VTXcrVjy.jpg\"\/><\/img> <\/div>\n<div> <span> <span><b>3\/<\/b><em>9<\/em><\/span> <\/p>\n<p> <\/span> <\/div>\n<\/p><\/div>\n<div>\n<div> <img decoding=\"async\" src=\"https:\/\/kamucalisani.net\/wp-content\/uploads\/2024\/08\/usakta-yolcu-otobusu-devrildi-yaralilar-var-3-nVemhpVY.jpg\"\/><\/img> <\/div>\n<div> <span> <span><b>4\/<\/b><em>9<\/em><\/span> <\/p>\n<p> <\/span> <\/div>\n<\/p><\/div>\n<div>\n<div> <img decoding=\"async\" src=\"https:\/\/kamucalisani.net\/wp-content\/uploads\/2024\/08\/usakta-yolcu-otobusu-devrildi-yaralilar-var-4-XpfU8fk4.jpg\"\/><\/img> <\/div>\n<div> <span> <span><b>5\/<\/b><em>9<\/em><\/span> <\/p>\n<p> <\/span> <\/div>\n<\/p><\/div>\n<div>\n<div> <img decoding=\"async\" src=\"https:\/\/kamucalisani.net\/wp-content\/uploads\/2024\/08\/usakta-yolcu-otobusu-devrildi-yaralilar-var-5-ttwsU8rL.jpg\"\/><\/img> <\/div>\n<div> <span> <span><b>6\/<\/b><em>9<\/em><\/span> <\/p>\n<p> <\/span> <\/div>\n<\/p><\/div>\n<div>\n<div> <img decoding=\"async\" src=\"https:\/\/kamucalisani.net\/wp-content\/uploads\/2024\/08\/usakta-yolcu-otobusu-devrildi-yaralilar-var-6-9SV98PpW.jpg\"\/><\/img> <\/div>\n<div> <span> <span><b>7\/<\/b><em>9<\/em><\/span> <\/p>\n<p> <\/span> <\/div>\n<\/p><\/div>\n<div>\n<div> <img decoding=\"async\" src=\"https:\/\/kamucalisani.net\/wp-content\/uploads\/2024\/08\/usakta-yolcu-otobusu-devrildi-yaralilar-var-7-urIvnN1G.jpg\"\/><\/img> <\/div>\n<div> <span> <span><b>8\/<\/b><em>9<\/em><\/span> <\/p>\n<p> <\/span> <\/div>\n<\/p><\/div>\n<div>\n<div> <img decoding=\"async\" src=\"https:\/\/kamucalisani.net\/wp-content\/uploads\/2024\/08\/usakta-yolcu-otobusu-devrildi-yaralilar-var-8-WypVs3yG.jpg\"\/><\/img> <\/div>\n<div> <span> <span><b>9\/<\/b><em>9<\/em><\/span> <\/p>\n<p> <\/span> <\/div>\n<\/p><\/div>\n<\/p><\/div>\n<\/p><\/div>\n<\/p><\/div>\n<\/section>\n<p>\u00d6te yandan di\u011fer yolcular ba\u015fka bir otob\u00fcsle seferlerine devam etmeleri i\u00e7in U\u015fak Otogar\u0131&#8217;na y\u00f6nlendirildi.<\/p>\n<p>Kaza nedeniyle Afyonkarahisar-U\u015fak kara yolunda ula\u015f\u0131m tek \u015feritten sa\u011flan\u0131yor.<\/p>\n\n<p><\/p>\n<p>Kaynak :\u00a0<span style=\"background-color: rgb(255, 249, 236); color: rgb(55, 58, 60); font-size: 14px;\">http:\/\/www.milliyet.com.tr\/gundem\/usakta-yolcu-otobusu-devrildi-yaralilar-var-7149148<\/span><\/p>\n","protected":false},"excerpt":{"rendered":"<p>U\u015fak&#8217;ta yolcu otob\u00fcs\u00fcn\u00fcn devrilmesi sonucu 11 ki\u015fi yaraland\u0131. Kazan\u0131n ya\u015fand\u0131\u011f\u0131 b\u00f6lgeden ilk g\u00f6r\u00fcnt\u00fcler de geldi.<\/p>\n","protected":false},"author":1,"featured_media":86519,"comment_status":"open","ping_status":"open","sticky":false,"template":"","format":"standard","meta":{"footnotes":""},"categories":[3],"tags":[],"class_list":["post-86518","post","type-post","status-publish","format-standard","has-post-thumbnail","hentry","category-guncel"],"_links":{"self":[{"href":"https:\/\/kamucalisani.net\/index.php\/wp-json\/wp\/v2\/posts\/86518","targetHints":{"allow":["GET"]}}],"collection":[{"href":"https:\/\/kamucalisani.net\/index.php\/wp-json\/wp\/v2\/posts"}],"about":[{"href":"https:\/\/kamucalisani.net\/index.php\/wp-json\/wp\/v2\/types\/post"}],"author":[{"embeddable":true,"href":"https:\/\/kamucalisani.net\/index.php\/wp-json\/wp\/v2\/users\/1"}],"replies":[{"embeddable":true,"href":"https:\/\/kamucalisani.net\/index.php\/wp-json\/wp\/v2\/comments?post=86518"}],"version-history":[{"count":1,"href":"https:\/\/kamucalisani.net\/index.php\/wp-json\/wp\/v2\/posts\/86518\/revisions"}],"predecessor-version":[{"id":86529,"href":"https:\/\/kamucalisani.net\/index.php\/wp-json\/wp\/v2\/posts\/86518\/revisions\/86529"}],"wp:featuredmedia":[{"embeddable":true,"href":"https:\/\/kamucalisani.net\/index.php\/wp-json\/wp\/v2\/media\/86519"}],"wp:attachment":[{"href":"https:\/\/kamucalisani.net\/index.php\/wp-json\/wp\/v2\/media?parent=86518"}],"wp:term":[{"taxonomy":"category","embeddable":true,"href":"https:\/\/kamucalisani.net\/index.php\/wp-json\/wp\/v2\/categories?post=86518"},{"taxonomy":"post_tag","embeddable":true,"href":"https:\/\/kamucalisani.net\/index.php\/wp-json\/wp\/v2\/tags?post=86518"}],"curies":[{"name":"wp","href":"https:\/\/api.w.org\/{rel}","templated":true}]}}