{"id":87218,"date":"2024-08-27T00:00:06","date_gmt":"2024-08-27T00:00:06","guid":{"rendered":"https:\/\/kamucalisani.net\/?p=87218"},"modified":"2024-08-27T00:00:06","modified_gmt":"2024-08-27T00:00:06","slug":"igdir-fkda-serdar-bozkurt-donemi-sona-erdi","status":"publish","type":"post","link":"https:\/\/kamucalisani.net\/index.php\/2024\/08\/27\/igdir-fkda-serdar-bozkurt-donemi-sona-erdi\/","title":{"rendered":"I\u011fd\u0131r FK&#8217;da Serdar Bozkurt d\u00f6nemi sona erdi!"},"content":{"rendered":"<p><p>Alag\u00f6z Holding I\u011fd\u0131r Futbol Kul\u00fcb\u00fc, teknik direkt\u00f6r Serdar Bozkurt ile yollar\u0131n\u0131 ay\u0131rd\u0131\u011f\u0131n\u0131 a\u00e7\u0131klad\u0131.<\/p>\n<p>Kul\u00fcpten yap\u0131lan a\u00e7\u0131klamada, &#8220;Teknik direkt\u00f6r\u00fcm\u00fcz Serdar Bozkurt ile kar\u015f\u0131l\u0131kl\u0131 anla\u015farak yollar\u0131m\u0131z\u0131 ay\u0131rm\u0131\u015f bulunmaktay\u0131z. Kendisine ve ekibine katk\u0131lar\u0131ndan dolay\u0131 te\u015fekk\u00fcr ediyor, bundan sonraki kariyerlerinde ba\u015far\u0131lar diliyoruz.&#8221; denildi.<\/p>\n<p>47 ya\u015f\u0131ndaki teknik adam, tak\u0131m\u0131 TFF 2. Lig&#8217;den Trendyol 1. Lig&#8217;e \u00e7\u0131karm\u0131\u015ft\u0131.<\/p>\n\n<p><\/p>\n<p>Kaynak :\u00a0<span style=\"background-color: rgb(255, 249, 236); color: rgb(55, 58, 60); font-size: 14px;\">http:\/\/www.milliyet.com.tr\/skorer\/igdir-fkda-serdar-bozkurt-donemi-sona-erdi-7149467<\/span><\/p>\n","protected":false},"excerpt":{"rendered":"<p>1. Lig ekiplerinden I\u011fd\u0131r FK&#8217;da teknik direkt\u00f6r Serdar Bozkurt ile vedala\u015f\u0131ld\u0131.<\/p>\n","protected":false},"author":1,"featured_media":87219,"comment_status":"open","ping_status":"open","sticky":false,"template":"","format":"standard","meta":{"footnotes":""},"categories":[7],"tags":[],"class_list":["post-87218","post","type-post","status-publish","format-standard","has-post-thumbnail","hentry","category-spor"],"_links":{"self":[{"href":"https:\/\/kamucalisani.net\/index.php\/wp-json\/wp\/v2\/posts\/87218","targetHints":{"allow":["GET"]}}],"collection":[{"href":"https:\/\/kamucalisani.net\/index.php\/wp-json\/wp\/v2\/posts"}],"about":[{"href":"https:\/\/kamucalisani.net\/index.php\/wp-json\/wp\/v2\/types\/post"}],"author":[{"embeddable":true,"href":"https:\/\/kamucalisani.net\/index.php\/wp-json\/wp\/v2\/users\/1"}],"replies":[{"embeddable":true,"href":"https:\/\/kamucalisani.net\/index.php\/wp-json\/wp\/v2\/comments?post=87218"}],"version-history":[{"count":1,"href":"https:\/\/kamucalisani.net\/index.php\/wp-json\/wp\/v2\/posts\/87218\/revisions"}],"predecessor-version":[{"id":87220,"href":"https:\/\/kamucalisani.net\/index.php\/wp-json\/wp\/v2\/posts\/87218\/revisions\/87220"}],"wp:featuredmedia":[{"embeddable":true,"href":"https:\/\/kamucalisani.net\/index.php\/wp-json\/wp\/v2\/media\/87219"}],"wp:attachment":[{"href":"https:\/\/kamucalisani.net\/index.php\/wp-json\/wp\/v2\/media?parent=87218"}],"wp:term":[{"taxonomy":"category","embeddable":true,"href":"https:\/\/kamucalisani.net\/index.php\/wp-json\/wp\/v2\/categories?post=87218"},{"taxonomy":"post_tag","embeddable":true,"href":"https:\/\/kamucalisani.net\/index.php\/wp-json\/wp\/v2\/tags?post=87218"}],"curies":[{"name":"wp","href":"https:\/\/api.w.org\/{rel}","templated":true}]}}