{"id":87577,"date":"2024-08-27T18:24:06","date_gmt":"2024-08-27T18:24:06","guid":{"rendered":"https:\/\/kamucalisani.net\/?p=87577"},"modified":"2024-08-27T18:24:06","modified_gmt":"2024-08-27T18:24:06","slug":"ps5-pro-soylentileri-gamescom-2024-fuarini-esir-aldi","status":"publish","type":"post","link":"https:\/\/kamucalisani.net\/index.php\/2024\/08\/27\/ps5-pro-soylentileri-gamescom-2024-fuarini-esir-aldi\/","title":{"rendered":"PS5 Pro s\u00f6ylentileri Gamescom 2024 fuar\u0131n\u0131 esir ald\u0131"},"content":{"rendered":"<p><figure> <span> <img decoding=\"async\" src=\"https:\/\/kamucalisani.net\/wp-content\/uploads\/2024\/08\/ps5-pro-soylentileri-gamescom-2024-fuarini-esir-aldi-0-V6Sgza3e.jpg\"\/> <\/span> Sony\u2019nin PS5 Pro konsolunu haz\u0131rlad\u0131\u011f\u0131ndan art\u0131k kimsenin \u015f\u00fcphesi yokken ne zaman \u00e7\u0131kaca\u011f\u0131na dair net bir bilgi yok. Gamescom 2024 fuar\u0131nda Sony\u2019nin bir ipucu vermesi bekleniyordu ancak olmad\u0131. Bunun yerine geli\u015ftirici ekiplerin a\u011fz\u0131ndan d\u00f6k\u00fclen bilgiler ile yetinildi. <\/figure>\n<p><b>PS5 Pro ne zaman piyasada olacak?<\/b><\/p>\n<p>Fuarda bir geli\u015ftirici ekibin <strong>PS5 Pro <\/strong>\u00e7\u0131k\u0131\u015f\u0131 nedeniyle oyunlar\u0131n\u0131 ertelemeye karar verdikleri aktar\u0131l\u0131yor. Di\u011fer bir geli\u015ftirici ekip ise PS5 Pro ile ilgili detaylar\u0131 edindikleri ve Unreal Engine 5 motorunun orijinal konsola g\u00f6re \u00e7ok daha performansl\u0131 \u00e7al\u0131\u015ft\u0131\u011f\u0131n\u0131 belirtiyor.<\/p>\n<p>Yine fuarda var\u0131lan kan\u0131, b\u00fcy\u00fck oyun yap\u0131mc\u0131lar\u0131n\u0131n PS5 Pro detaylar\u0131na art\u0131k hakim olduklar\u0131 ve oyun geli\u015ftirmelerinin de buna g\u00f6re y\u00f6nlendirildi\u011fi y\u00f6n\u00fcnde. Kodlar\u0131n i\u015flenmesinde y\u00fczde 45 daha iyi performans, \u0131\u015f\u0131n izlemede ortalama 3 kat iyile\u015ftirme, s\u00fcper \u00f6l\u00e7eklendirme i\u00e7in 300 TOPS yapay zek\u00e2 performans\u0131 \u015fimdilik bilinen \u00f6zellikler.<\/p>\n<p>PS4 Pro konsolu 2016 y\u0131l\u0131n\u0131n Kas\u0131m ay\u0131nda piyasaya s\u00fcr\u00fclm\u00fc\u015ft\u00fc. 8 y\u0131l sonra yine ayn\u0131 d\u00f6nemler yakla\u015ft\u0131. Sony\u2019nin k\u0131\u015f aylar\u0131na do\u011fru PS5 Pro konusunda bir lansman veya \u00f6n g\u00f6sterim yapmas\u0131 ihtimali g\u00fc\u00e7lenmi\u015f durumda.<\/p>\n\n<p>Kaynak\u00a0 :\u00a0<span style=\"background-color: rgb(255, 249, 236); color: rgb(55, 58, 60); font-size: 14px;\">https:\/\/www.donanimhaber.com\/ps5-pro-soylentileri-gucleniyor&#8211;181195<\/span><\/p>\n","protected":false},"excerpt":{"rendered":"<p>Sony\u2019nin PS5 Pro konsolunu haz\u0131rlad\u0131\u011f\u0131ndan art\u0131k kimsenin \u015f\u00fcphesi yokken ne zaman \u00e7\u0131kaca\u011f\u0131na dair net bir bilgi yok. Gamescom 2024 fuar\u0131nda Sony\u2019nin bir ipucu vermesi bekleniyordu ancak olmad\u0131. Bunun yerine geli\u015ftirici ekiplerin a\u011fz\u0131ndan d\u00f6k\u00fclen &#8230;<\/p>\n","protected":false},"author":1,"featured_media":87578,"comment_status":"open","ping_status":"open","sticky":false,"template":"","format":"standard","meta":{"footnotes":""},"categories":[8],"tags":[3562],"class_list":["post-87577","post","type-post","status-publish","format-standard","has-post-thumbnail","hentry","category-teknoloji","tag-ps5-pro"],"_links":{"self":[{"href":"https:\/\/kamucalisani.net\/index.php\/wp-json\/wp\/v2\/posts\/87577","targetHints":{"allow":["GET"]}}],"collection":[{"href":"https:\/\/kamucalisani.net\/index.php\/wp-json\/wp\/v2\/posts"}],"about":[{"href":"https:\/\/kamucalisani.net\/index.php\/wp-json\/wp\/v2\/types\/post"}],"author":[{"embeddable":true,"href":"https:\/\/kamucalisani.net\/index.php\/wp-json\/wp\/v2\/users\/1"}],"replies":[{"embeddable":true,"href":"https:\/\/kamucalisani.net\/index.php\/wp-json\/wp\/v2\/comments?post=87577"}],"version-history":[{"count":1,"href":"https:\/\/kamucalisani.net\/index.php\/wp-json\/wp\/v2\/posts\/87577\/revisions"}],"predecessor-version":[{"id":87580,"href":"https:\/\/kamucalisani.net\/index.php\/wp-json\/wp\/v2\/posts\/87577\/revisions\/87580"}],"wp:featuredmedia":[{"embeddable":true,"href":"https:\/\/kamucalisani.net\/index.php\/wp-json\/wp\/v2\/media\/87578"}],"wp:attachment":[{"href":"https:\/\/kamucalisani.net\/index.php\/wp-json\/wp\/v2\/media?parent=87577"}],"wp:term":[{"taxonomy":"category","embeddable":true,"href":"https:\/\/kamucalisani.net\/index.php\/wp-json\/wp\/v2\/categories?post=87577"},{"taxonomy":"post_tag","embeddable":true,"href":"https:\/\/kamucalisani.net\/index.php\/wp-json\/wp\/v2\/tags?post=87577"}],"curies":[{"name":"wp","href":"https:\/\/api.w.org\/{rel}","templated":true}]}}