{"id":87733,"date":"2024-08-27T23:00:07","date_gmt":"2024-08-27T23:00:07","guid":{"rendered":"https:\/\/kamucalisani.net\/?p=87733"},"modified":"2024-08-27T23:00:07","modified_gmt":"2024-08-27T23:00:07","slug":"diogo-costa-muhtemelen-hayatimin-en-iyi-maciydi","status":"publish","type":"post","link":"https:\/\/kamucalisani.net\/index.php\/2024\/08\/27\/diogo-costa-muhtemelen-hayatimin-en-iyi-maciydi\/","title":{"rendered":"Diogo Costa: Muhtemelen hayat\u0131m\u0131n en iyi ma\u00e7\u0131yd\u0131!"},"content":{"rendered":"<p><p>EURO 2024 Son 16 Turu&#8217;nda Slovenya engelini seri penalt\u0131 at\u0131\u015flar\u0131 sonucunda ge\u00e7en Portekiz&#8217;de Diogo Costa a\u00e7\u0131klamalarda bulundu.<\/p>\n<p>Ma\u00e7\u0131 de\u011ferlendiren Diogo Costa, &#8220;Bu muazzam bir duygu. Zor bir ma\u00e7 oldu. Ne yapacaklar\u0131n\u0131 biliyorduk ve onlar da bunu m\u00fckemmel bir \u015fekilde yapt\u0131lar. Ma\u00e7 boyunca \u00e7ok odaklanm\u0131\u015f olmam gerekiyordu. Tak\u0131ma yard\u0131m etmek i\u00e7in en iyi f\u0131rsat\u0131 beklemem gerekiyordu ve ben de buna odakland\u0131m.\u00c7ok zorlu bir ma\u00e7t\u0131&#8221; dedi.<\/p>\n<p>G\u00f6sterdi\u011fi performansa dair soruya cevap veren Diogo Costa, &#8220;Kaleciler bazen topa neredeyse hi\u00e7 dokunmazlar ama buna de\u011fdi. Bu g\u00fcc\u00fc ailemden al\u0131yorum, onlar benim temel dayana\u011f\u0131m. Ailem, \u00e7ok \u00e7al\u0131\u015fma ve \u00e7ok \u00f6zveri. Bundan sonra ne olursa olsun haz\u0131r olaca\u011f\u0131z. Bizimki gibi bir tak\u0131m her \u015feyle y\u00fczle\u015fmeye haz\u0131r olmal\u0131 ve biz de bunu yapaca\u011f\u0131z. sadece i\u00e7g\u00fcd\u00fclerime g\u00f6re hareket ettim. Bunu yapmam gerekti\u011fini d\u00fc\u015f\u00fcnd\u00fcm ve yapt\u0131\u011f\u0131m i\u00e7in mutluyum. Bu konuda \u00e7ok mutluyum. Bu muhtemelen hayat\u0131m\u0131n en iyi ma\u00e7\u0131yd\u0131&#8221; diye konu\u015ftu.<\/p>\n\n<p><\/p>\n<p>Kaynak :\u00a0<span style=\"background-color: rgb(255, 249, 236); color: rgb(55, 58, 60); font-size: 14px;\">http:\/\/www.milliyet.com.tr\/skorer\/diogo-costa-muhtemelen-hayatimin-en-iyi-maciydi-7149655<\/span><\/p>\n","protected":false},"excerpt":{"rendered":"<p>Portekizli kaleci Diogo Costa, Slovenya ma\u00e7\u0131n\u0131n ard\u0131ndan konu\u015ftu.<\/p>\n","protected":false},"author":1,"featured_media":87734,"comment_status":"open","ping_status":"open","sticky":false,"template":"","format":"standard","meta":{"footnotes":""},"categories":[7],"tags":[288],"class_list":["post-87733","post","type-post","status-publish","format-standard","has-post-thumbnail","hentry","category-spor","tag-mac"],"_links":{"self":[{"href":"https:\/\/kamucalisani.net\/index.php\/wp-json\/wp\/v2\/posts\/87733","targetHints":{"allow":["GET"]}}],"collection":[{"href":"https:\/\/kamucalisani.net\/index.php\/wp-json\/wp\/v2\/posts"}],"about":[{"href":"https:\/\/kamucalisani.net\/index.php\/wp-json\/wp\/v2\/types\/post"}],"author":[{"embeddable":true,"href":"https:\/\/kamucalisani.net\/index.php\/wp-json\/wp\/v2\/users\/1"}],"replies":[{"embeddable":true,"href":"https:\/\/kamucalisani.net\/index.php\/wp-json\/wp\/v2\/comments?post=87733"}],"version-history":[{"count":1,"href":"https:\/\/kamucalisani.net\/index.php\/wp-json\/wp\/v2\/posts\/87733\/revisions"}],"predecessor-version":[{"id":87735,"href":"https:\/\/kamucalisani.net\/index.php\/wp-json\/wp\/v2\/posts\/87733\/revisions\/87735"}],"wp:featuredmedia":[{"embeddable":true,"href":"https:\/\/kamucalisani.net\/index.php\/wp-json\/wp\/v2\/media\/87734"}],"wp:attachment":[{"href":"https:\/\/kamucalisani.net\/index.php\/wp-json\/wp\/v2\/media?parent=87733"}],"wp:term":[{"taxonomy":"category","embeddable":true,"href":"https:\/\/kamucalisani.net\/index.php\/wp-json\/wp\/v2\/categories?post=87733"},{"taxonomy":"post_tag","embeddable":true,"href":"https:\/\/kamucalisani.net\/index.php\/wp-json\/wp\/v2\/tags?post=87733"}],"curies":[{"name":"wp","href":"https:\/\/api.w.org\/{rel}","templated":true}]}}