{"id":87814,"date":"2024-08-28T02:24:05","date_gmt":"2024-08-28T02:24:05","guid":{"rendered":"https:\/\/kamucalisani.net\/?p=87814"},"modified":"2024-08-28T02:24:05","modified_gmt":"2024-08-28T02:24:05","slug":"samsungun-yaklasan-ar-basligina-exynos-degil-snapdragon-guc-verecek","status":"publish","type":"post","link":"https:\/\/kamucalisani.net\/index.php\/2024\/08\/28\/samsungun-yaklasan-ar-basligina-exynos-degil-snapdragon-guc-verecek\/","title":{"rendered":"Samsung\u2019un yakla\u015fan AR ba\u015fl\u0131\u011f\u0131na Exynos de\u011fil Snapdragon g\u00fc\u00e7 verecek"},"content":{"rendered":"<p><figure> <span> <img decoding=\"async\" src=\"https:\/\/kamucalisani.net\/wp-content\/uploads\/2024\/08\/samsungun-yaklasan-ar-basligina-exynos-degil-snapdragon-guc-verecek-0-xTRJE9Eh.jpg\"\/> <\/span> <strong>Samsung\u2019<\/strong>un merakla beklenen <strong>art\u0131r\u0131lm\u0131\u015f ger\u00e7eklik<\/strong> (AR) <strong>ba\u015fl\u0131\u011f\u0131n\u0131n<\/strong> teknik detaylar\u0131 netle\u015fti. Yeni s\u0131z\u0131nt\u0131lar, \u015firketin bu cihazda kendi \u00f6zel Exynos i\u015flemcisini kullanmayaca\u011f\u0131n\u0131, bunun yerine Qualcomm\u2019un <strong>Snapdragon XR2+ Gen 2<\/strong> \u00e7ipsetine y\u00f6nelece\u011fini ortaya koydu. <\/figure>\n<p><b>Exynos de\u011fil Snapdragon<\/b><\/p>\n<figure> <span> <img decoding=\"async\" src=\"https:\/\/kamucalisani.net\/wp-content\/uploads\/2024\/08\/samsungun-yaklasan-ar-basligina-exynos-degil-snapdragon-guc-verecek-1-4GlIEuWm.jpg\"\/> <\/span> Samsung\u2019un yakla\u015fan AR ba\u015fl\u0131\u011f\u0131n\u0131n (XR ba\u015fl\u0131k olarak da biliniyor) bir prototipinde Exynos 2200 kullan\u0131ld\u0131\u011f\u0131 belirtilmi\u015fti. Ancak bu, nihai \u00fcr\u00fcn\u00fcn ayn\u0131 i\u015flemciyi kullanaca\u011f\u0131 anlam\u0131na gelmiyor. Snapdragon XR2+ Gen 2, son testler ve benchmark sonu\u00e7lar\u0131na g\u00f6re Samsung&#8217;un tercih etti\u011fi \u00e7ipset olacak. Snapdragon XR2+ Gen 2, 6 \u00e7ekirdekli bir CPU\u2019ya sahip olmas\u0131na ra\u011fmen, Apple\u2019\u0131n M2 i\u015flemcisine k\u0131yasla daha d\u00fc\u015f\u00fck performans sergiliyor. Bu durum, Samsung\u2019un AR ba\u015fl\u0131\u011f\u0131n\u0131n biraz daha zay\u0131f olaca\u011f\u0131n\u0131 g\u00f6steriyor. <\/figure>\n<p>Snapdragon XR2+ Gen 2 tercihinin sebeplerinden biri, Samsung\u2019un bu \u00fcr\u00fcn kategorisi i\u00e7in \u00f6zel olarak geli\u015ftirilmi\u015f bir \u00e7ipset \u00fcretmemi\u015f olmas\u0131. Qualcomm\u2019un yeni SoC\u2019si, Geekbench 6\u2019da tek \u00e7ekirdekli ve \u00e7ok \u00e7ekirdekli testlerde hayal k\u0131r\u0131kl\u0131\u011f\u0131 yaratm\u0131\u015f olabilir, ancak art\u0131r\u0131lm\u0131\u015f ger\u00e7eklik deneyimini geli\u015ftiren bir\u00e7ok teknolojiyi destekliyor. \u00d6rne\u011fin, donan\u0131m\u0131n <strong>16 GB RAM<\/strong> ile test edildi\u011fini g\u00f6r\u00fcyoruz; sanal ve art\u0131r\u0131lm\u0131\u015f ger\u00e7eklik i\u00e7erikleri y\u00fcksek bellek talebi gerektirdi\u011finden, yeterli RAM bu deneyimi sa\u011fl\u0131kl\u0131 bir \u015fekilde s\u00fcrd\u00fcrebilmek i\u00e7in gerekli.<\/p>\n<figure> <span> <img decoding=\"async\" src=\"https:\/\/kamucalisani.net\/wp-content\/uploads\/2024\/08\/samsungun-yaklasan-ar-basligina-exynos-degil-snapdragon-guc-verecek-2-mnwusbVn.jpg\"\/> <\/span> Snapdragon XR2+ Gen 2, Google ve Samsung i\u015fbirli\u011fiyle tasarlanm\u0131\u015f olup, her bir ekran i\u00e7in <strong>4.3K<\/strong> \u00e7\u00f6z\u00fcn\u00fcrl\u00fck ve <strong>90FPS<\/strong> deste\u011fi sunuyor. <strong>Adreno 740<\/strong> grafik birimi ise <strong>8K 60FPS<\/strong> videolar\u0131 \u00e7\u00f6zebiliyor ve <strong>8K 30FPS<\/strong> veya <strong>4K 60FPS<\/strong> i\u00e7erikleri kodlayabiliyor. Ayr\u0131ca, 12&#8217;den fazla kamera ile canl\u0131 g\u00f6r\u00fcnt\u00fc ak\u0131\u015f\u0131n\u0131 i\u015fleyebilen bu \u00e7ipset, yaln\u0131zca <strong>12ms<\/strong> gecikme s\u00fcresi sunuyor. Yongan\u0131n <strong>Wi-Fi 7<\/strong> ve <strong>Bluetooth 5.3<\/strong> deste\u011fi de bulunuyor. T\u00fcm bunlar VR\/AR ba\u015fl\u0131klar i\u00e7in \u00f6nemli. <\/figure>\n<p>\u00d6te yandan Samsung\u2019un, bu \u00e7ipsetle donat\u0131lm\u0131\u015f ilk AR ba\u015fl\u0131\u011f\u0131n\u0131 ne zaman piyasaya s\u00fcrece\u011fi belirsizli\u011fini koruyor. Baz\u0131 raporlar, Samsung&#8217;un ilk XR ba\u015fl\u0131\u011f\u0131n\u0131 Ekim 2024&#8217;te tan\u0131taca\u011f\u0131n\u0131 ve ayn\u0131 anda uygulama ve oyun geli\u015ftiricilerine geli\u015ftirme kitleri g\u00f6nderece\u011fini iddia ediyor.<\/p>\n\n<p>Kaynak\u00a0 :\u00a0<span style=\"background-color: rgb(255, 249, 236); color: rgb(55, 58, 60); font-size: 14px;\">https:\/\/www.donanimhaber.com\/samsung-un-yaklasan-ar-basligina-snapdragon-guc-verecek&#8211;181218<\/span><\/p>\n","protected":false},"excerpt":{"rendered":"<p>Samsung\u2019un merakla beklenen art\u0131r\u0131lm\u0131\u015f ger\u00e7eklik (AR) ba\u015fl\u0131\u011f\u0131n\u0131n teknik detaylar\u0131 netle\u015fti. Yeni s\u0131z\u0131nt\u0131lar, \u015firketin bu cihazda kendi \u00f6zel Exynos i\u015flemcisini kullanmayaca\u011f\u0131n\u0131, bunun yerine Qualcomm\u2019un Snapdragon XR2+ Gen 2 \u00e7ipsetine y\u00f6nelece\u011fini &#8230;<\/p>\n","protected":false},"author":1,"featured_media":87815,"comment_status":"open","ping_status":"open","sticky":false,"template":"","format":"standard","meta":{"footnotes":""},"categories":[8],"tags":[5541,5542],"class_list":["post-87814","post","type-post","status-publish","format-standard","has-post-thumbnail","hentry","category-teknoloji","tag-basligini","tag-cipset"],"_links":{"self":[{"href":"https:\/\/kamucalisani.net\/index.php\/wp-json\/wp\/v2\/posts\/87814","targetHints":{"allow":["GET"]}}],"collection":[{"href":"https:\/\/kamucalisani.net\/index.php\/wp-json\/wp\/v2\/posts"}],"about":[{"href":"https:\/\/kamucalisani.net\/index.php\/wp-json\/wp\/v2\/types\/post"}],"author":[{"embeddable":true,"href":"https:\/\/kamucalisani.net\/index.php\/wp-json\/wp\/v2\/users\/1"}],"replies":[{"embeddable":true,"href":"https:\/\/kamucalisani.net\/index.php\/wp-json\/wp\/v2\/comments?post=87814"}],"version-history":[{"count":1,"href":"https:\/\/kamucalisani.net\/index.php\/wp-json\/wp\/v2\/posts\/87814\/revisions"}],"predecessor-version":[{"id":87819,"href":"https:\/\/kamucalisani.net\/index.php\/wp-json\/wp\/v2\/posts\/87814\/revisions\/87819"}],"wp:featuredmedia":[{"embeddable":true,"href":"https:\/\/kamucalisani.net\/index.php\/wp-json\/wp\/v2\/media\/87815"}],"wp:attachment":[{"href":"https:\/\/kamucalisani.net\/index.php\/wp-json\/wp\/v2\/media?parent=87814"}],"wp:term":[{"taxonomy":"category","embeddable":true,"href":"https:\/\/kamucalisani.net\/index.php\/wp-json\/wp\/v2\/categories?post=87814"},{"taxonomy":"post_tag","embeddable":true,"href":"https:\/\/kamucalisani.net\/index.php\/wp-json\/wp\/v2\/tags?post=87814"}],"curies":[{"name":"wp","href":"https:\/\/api.w.org\/{rel}","templated":true}]}}