{"id":87879,"date":"2024-08-28T05:48:05","date_gmt":"2024-08-28T05:48:05","guid":{"rendered":"https:\/\/kamucalisani.net\/?p=87879"},"modified":"2024-08-28T05:48:05","modified_gmt":"2024-08-28T05:48:05","slug":"yanginlar-temizlikle-yuzde-70-azaltilabilir","status":"publish","type":"post","link":"https:\/\/kamucalisani.net\/index.php\/2024\/08\/28\/yanginlar-temizlikle-yuzde-70-azaltilabilir\/","title":{"rendered":"\u2018Yang\u0131nlar temizlikle y\u00fczde 70 azalt\u0131labilir\u2019"},"content":{"rendered":"<p><p><span><strong>\u00c7\u0130\u011eDEM YILMAZ \/ \u0130stanbul &#8211;<\/strong> <\/span>Neyi\u015f\u00e7i \u201cBunlardan biri, orman i\u00e7erisindeki r\u00fczgar h\u0131z\u0131n\u0131 engelleyebilecek, d\u00fc\u015f\u00fcrecek\u00a0tedbirlerin al\u0131nmas\u0131. Ormanda, e\u011fer r\u00fczgar yok ise s\u0131cakl\u0131k ne olursa olsun yang\u0131n \u00e7\u0131kmaz, \u00e7\u0131ksa bile b\u00fcy\u00fcme olas\u0131l\u0131\u011f\u0131 \u00e7ok d\u00fc\u015f\u00fckt\u00fcr. Bu nedenle, perdeleme dedi\u011fimiz a\u011fa\u00e7land\u0131rmalarla bu r\u00fczgar\u0131 engellemeliyiz. Servi a\u011fa\u00e7lar\u0131yla bu perdeleme \u00e7ok rahat yap\u0131labilir\u201d dedi.<\/p>\n<p><strong>YANICI FAKT\u00d6R\u00dc<\/strong><\/p>\n<p>Neyi\u015f\u00e7i, ikinci \u00f6nemli noktay\u0131 \u015f\u00f6yle a\u00e7\u0131klad\u0131: \u201cOrman i\u00e7erisinde e\u011fer yan\u0131c\u0131 dedi\u011fimiz, kuru yapraklar -ibreler de buna dahildir- iki \u00fc\u00e7 milimetre kal\u0131nl\u0131\u011f\u0131ndaki kuru dallar varsa bunlar\u0131n temizlenmesi gerekiyor. Bir sigara izmaritinin kolayca tutu\u015fturaca\u011f\u0131 bu sayd\u0131\u011f\u0131m\u0131z \u015feyler olmaz ise yang\u0131n \u00e7\u0131kma olas\u0131l\u0131\u011f\u0131 b\u00fcy\u00fck \u00f6l\u00e7\u00fcde azalm\u0131\u015f olur. Eskiden orman i\u00e7erisindeki kuru dallar ve bu yan\u0131c\u0131lar k\u00f6yl\u00fclere yakacak ihtiyac\u0131 ad\u0131 alt\u0131nda verilirdi. Bu da ortadan kalkt\u0131. B\u00fcy\u00fck ve \u015fiddetli yang\u0131nlar\u0131n arkas\u0131ndaki temel nedenlerden biri de, orman k\u00f6yl\u00fclerinin, orman i\u00e7erisinden yakacak ihtiyac\u0131n\u0131 kar\u015f\u0131lamamas\u0131. \u0130ddia ediyorum, t\u00fcm T\u00fcrkiye\u2019deki orman taban\u0131ndaki bu t\u00fcr kolay tutu\u015fan ince yan\u0131c\u0131lar\u0131 temizledi\u011fimiz andan itibaren T\u00fcrkiye\u2019deki orman yang\u0131lar\u0131n\u0131n \u00e7\u0131kma olas\u0131l\u0131\u011f\u0131 y\u00fczde 70 oran\u0131nda azal\u0131r. Bu bir helikopterin bir y\u0131ll\u0131k kiras\u0131 ile b\u00fct\u00fcn T\u00fcrkiye\u2019de ba\u015far\u0131l\u0131 olacak bir i\u015f. Hem yang\u0131nlar\u0131 azaltm\u0131\u015f hem de k\u00f6yl\u00fclere yeni bir gelir imkan\u0131 sa\u011flam\u0131\u015f olursunuz. Bu yan\u0131c\u0131 maddeler bu ormanlar i\u00e7erisinde olmam\u0131\u015f olsa bir sigara izmaritinin yang\u0131na d\u00f6n\u00fc\u015fmesi m\u00fcmk\u00fcn de\u011fil.\u201d<\/p>\n<p><strong>MARMAR\u0130S\u2019TE KAMP\u00c7ILAR MENTE\u015eE\u2019DE \u0130ZMAR\u0130T<\/strong><\/p>\n<p>Mu\u011fla\u2019n\u0131n Marmaris il\u00e7esi Hisar\u00f6n\u00fc Mahallesi\u2019ndeki ormanl\u0131k alanda \u00f6nceki g\u00fcn \u00e7\u0131kan yang\u0131n\u0131n\u0131n s\u00f6nd\u00fcr\u00fclmesinin ard\u0131ndan Orman B\u00f6lge M\u00fcd\u00fcrl\u00fc\u011f\u00fc ve jandarma ekipleri\u00a0 b\u00f6lgede inceleme yapt\u0131. \u0130ncelemede, ula\u015f\u0131m\u0131n zor, elektrik nakil hatlar\u0131n\u0131n bulunmad\u0131\u011f\u0131 noktadan ba\u015flayan yang\u0131na, kamp\u00e7\u0131lar\u0131n neden oldu\u011fu de\u011ferlendirildi. B\u00f6lgede olduklar\u0131 tespit edilen P.S. (39), H.S. (43) ve U.S. (47) g\u00f6zalt\u0131na al\u0131nd\u0131. Yakalananlar\u0131n ifade i\u015flemleri s\u00fcr\u00fcyor.<\/p>\n<p>&#8211; Mu\u011fla\u2019n\u0131n Mente\u015fe il\u00e7esinde \u00e7\u0131kan yang\u0131n k\u0131sa s\u00fcrede kontrol alt\u0131na al\u0131nd\u0131. \u0130lk incelemelere g\u00f6re yang\u0131n\u0131n yol kenar\u0131na at\u0131lan bir sigara izmaritinden \u00e7\u0131kt\u0131\u011f\u0131 belirlendi.\u00a0<\/p>\n<p>&#8211; \u0130zmir\u2019in Menderes il\u00e7esinde 29 Haziran\u2019da bir hobi bah\u00e7esinden \u00e7\u0131kt\u0131\u011f\u0131 belirlenen orman yang\u0131n\u0131na ili\u015fkin g\u00f6zalt\u0131na al\u0131nan iki \u015f\u00fcpheliden biri tutukland\u0131, biri adli kontrol \u015fart\u0131yla serbest b\u0131rak\u0131ld\u0131.<\/p>\n<p><strong>DEN\u0130Z\u0130N AKC\u0130\u011eERLER\u0130 S\u00d6K\u00dcLD\u00dc!<\/strong><\/p>\n<p>Marmara\u2019da deniz temizli\u011fi ad\u0131 alt\u0131nda denizi temizleyen \u00e7ay\u0131rlar katledildi. Bal\u0131kesir\u2019in Erdek il\u00e7esi Narl\u0131 Mahallesi\u2019ndeki plajda, kep\u00e7eyle deniz \u00e7ay\u0131rlar\u0131n\u0131n s\u00f6k\u00fclmesi \u00fczerine inceleme ba\u015flat\u0131ld\u0131.\u00a0Band\u0131rma Onyedi Eyl\u00fcl \u00dcniversitesi Denizcilik Fak\u00fcltesi\u2019nden Prof. Dr. Mustafa Sar\u0131, deniz ekosistemine y\u00f6nelik bir katliama imza at\u0131ld\u0131\u011f\u0131n\u0131 belirterek, \u201cDeniz \u00e7ay\u0131rlar\u0131 denizin akci\u011ferleri olarak bilinir ve bir metrekare deniz \u00e7ay\u0131r\u0131 alan\u0131 g\u00fcnl\u00fck ortalama 10 litre civar\u0131nda oksijen \u00fcretir. Deniz \u00e7ay\u0131rlar\u0131na verilen her zarar, denizin oksijen \u00fcretim kapasitesinin azalt\u0131lmas\u0131na yard\u0131md\u0131r\u201d tepkisini g\u00f6sterdi. Deniz biyolo\u011fu Dr. Mert G\u00f6kalp de \u201cDeniz \u00e7ay\u0131rlar\u0131n\u0131\u00a0s\u00f6kersek\u00a0bal\u0131klar ve canl\u0131lar beslenecek, saklanacak yer bulamaz. Deniz d\u00f6ng\u00fcs\u00fc \u00f6l\u00fcr\u201d dedi.\u00a0<strong>\/ ALEYNA SEV\u0130M \u0130stanbul<\/strong><\/p>\n\n<p><\/p>\n<p>Kaynak :\u00a0<span style=\"background-color: rgb(255, 249, 236); color: rgb(55, 58, 60); font-size: 14px;\">http:\/\/www.milliyet.com.tr\/gundem\/yanginlar-temizlikle-yuzde-70-azaltilabilir-7149646<\/span><\/p>\n","protected":false},"excerpt":{"rendered":"<p>Yaz aylar\u0131n\u0131n gelmesiyle birlikte orman yang\u0131nlar\u0131 g\u00fcndemden d\u00fc\u015fm\u00fcyor. Milliyet\u2019e konu\u015fan Yang\u0131n Ekolojisi Uzman\u0131 Prof. Dr. Tuncay Neyi\u015f\u00e7i, orman yang\u0131nlar\u0131n\u0131n iki basit ve \u00f6nemli uygulama ile y\u00fczde 70 azalt\u0131labilece\u011fini belirtti.<\/p>\n","protected":false},"author":1,"featured_media":87880,"comment_status":"open","ping_status":"open","sticky":false,"template":"","format":"standard","meta":{"footnotes":""},"categories":[3],"tags":[240,913,1378,831,768],"class_list":["post-87879","post","type-post","status-publish","format-standard","has-post-thumbnail","hentry","category-guncel","tag-deniz","tag-icerisinde","tag-ince","tag-orman","tag-yangin"],"_links":{"self":[{"href":"https:\/\/kamucalisani.net\/index.php\/wp-json\/wp\/v2\/posts\/87879","targetHints":{"allow":["GET"]}}],"collection":[{"href":"https:\/\/kamucalisani.net\/index.php\/wp-json\/wp\/v2\/posts"}],"about":[{"href":"https:\/\/kamucalisani.net\/index.php\/wp-json\/wp\/v2\/types\/post"}],"author":[{"embeddable":true,"href":"https:\/\/kamucalisani.net\/index.php\/wp-json\/wp\/v2\/users\/1"}],"replies":[{"embeddable":true,"href":"https:\/\/kamucalisani.net\/index.php\/wp-json\/wp\/v2\/comments?post=87879"}],"version-history":[{"count":1,"href":"https:\/\/kamucalisani.net\/index.php\/wp-json\/wp\/v2\/posts\/87879\/revisions"}],"predecessor-version":[{"id":87881,"href":"https:\/\/kamucalisani.net\/index.php\/wp-json\/wp\/v2\/posts\/87879\/revisions\/87881"}],"wp:featuredmedia":[{"embeddable":true,"href":"https:\/\/kamucalisani.net\/index.php\/wp-json\/wp\/v2\/media\/87880"}],"wp:attachment":[{"href":"https:\/\/kamucalisani.net\/index.php\/wp-json\/wp\/v2\/media?parent=87879"}],"wp:term":[{"taxonomy":"category","embeddable":true,"href":"https:\/\/kamucalisani.net\/index.php\/wp-json\/wp\/v2\/categories?post=87879"},{"taxonomy":"post_tag","embeddable":true,"href":"https:\/\/kamucalisani.net\/index.php\/wp-json\/wp\/v2\/tags?post=87879"}],"curies":[{"name":"wp","href":"https:\/\/api.w.org\/{rel}","templated":true}]}}