{"id":88610,"date":"2024-08-29T19:00:06","date_gmt":"2024-08-29T19:00:06","guid":{"rendered":"https:\/\/kamucalisani.net\/?p=88610"},"modified":"2024-08-29T19:00:06","modified_gmt":"2024-08-29T19:00:06","slug":"airpods-pro-3un-hangi-ozelligi-ile-on-plana-cikacagi-netlesiyor","status":"publish","type":"post","link":"https:\/\/kamucalisani.net\/index.php\/2024\/08\/29\/airpods-pro-3un-hangi-ozelligi-ile-on-plana-cikacagi-netlesiyor\/","title":{"rendered":"AirPods Pro 3\u2019\u00fcn hangi \u00f6zelli\u011fi ile \u00f6n plana \u00e7\u0131kaca\u011f\u0131 netle\u015fiyor"},"content":{"rendered":"<p>\n<figure> <span> <img decoding=\"async\" src=\"https:\/\/kamucalisani.net\/wp-content\/uploads\/2024\/08\/airpods-pro-3un-hangi-ozelligi-ile-on-plana-cikacagi-netlesiyor-0-59pWSHp7.jpg\"\/> <\/span> <\/figure>\n<\/p>\n<p>Apple&#8217;\u0131n yak\u0131nda <strong>AirPods Pro 3<\/strong>&#8216;\u00fc piyasaya s\u00fcrmeyi planlad\u0131\u011f\u0131na dair ipu\u00e7lar\u0131 ortaya \u00e7\u0131k\u0131yor. Ge\u00e7ti\u011fimiz y\u0131l\u0131n sonlar\u0131na do\u011fru AirPods Pro 2&#8217;yi piyasaya s\u00fcren Apple, \u015fimdi de bu yeni model \u00fczerinde \u00e7al\u0131\u015fmalar\u0131n\u0131 s\u00fcrd\u00fcr\u00fcyor. Duyumcu Kosutami&#8217;nin a\u00e7\u0131klamalar\u0131na g\u00f6re, AirPods Pro 3, \u00f6nceki modeline k\u0131yasla \u00e7ok daha geli\u015fmi\u015f bir Aktif G\u00fcr\u00fclt\u00fc Engelleme (ANC) \u00f6zelli\u011fi sunacak. Apple, AirPods Pro 2&#8217;nin, ilk nesil AirPods Pro&#8217;ya g\u00f6re iki kat daha etkili bir g\u00fcr\u00fclt\u00fc engelleme sistemine sahip oldu\u011funu belirtiyor. Bu durumda, AirPods Pro 3&#8217;\u00fcn nas\u0131l bir yenilik getirece\u011fi merak konusu.<\/p>\n<p>Yeni modelin sadece geli\u015fmi\u015f <strong>ANC <\/strong>ile kalmay\u0131p, ayn\u0131 zamanda baz\u0131 sa\u011fl\u0131k izleme \u00f6zelliklerini de i\u00e7erece\u011fi s\u00f6yleniyor. Bu da, Apple&#8217;\u0131n sa\u011fl\u0131k teknolojilerine olan ilgisini AirPods serisine ta\u015f\u0131d\u0131\u011f\u0131n\u0131 g\u00f6steriyor. Bloomberg&#8217;den Mark Gurman, AirPods Pro 3&#8217;\u00fcn 2025 y\u0131l\u0131na kadar piyasaya s\u00fcr\u00fclebilece\u011fini \u00f6ne s\u00fcrerken, bu tahminler Apple&#8217;\u0131n yenilik\u00e7i yakla\u015f\u0131m\u0131yla uyu\u015fuyor.<\/p>\n<p>Bunun yan\u0131 s\u0131ra, Apple&#8217;\u0131n <strong>AirPods 4<\/strong> \u00fczerinde de \u00e7al\u0131\u015fmalar yapt\u0131\u011f\u0131 konu\u015fuluyor. S\u00f6ylentilere g\u00f6re, AirPods 4 iki farkl\u0131 versiyonla gelecek ve her iki model de geli\u015ftirilmi\u015f bir tasar\u0131m sunarak daha iyi bir uyum ve ses kalitesi sa\u011flayacak. \u015earj kutusunun da Type-C ba\u011flant\u0131 noktas\u0131na sahip olmas\u0131 bekleniyor. Ayr\u0131ca, bu versiyonlardan birinin \u015farj kutusunda bir hoparl\u00f6r bulunaca\u011f\u0131 ve bu sayede Cihaz\u0131m\u0131 Bul takibi i\u00e7in ses \u00e7\u0131karabilece\u011fi belirtiliyor.<\/p>\n<p>AirPods 4&#8217;\u00fcn temel donan\u0131m\u0131nda Apple&#8217;\u0131n kendi geli\u015ftirdi\u011fi <strong>H2 ses analiz \u00e7ipinin<\/strong> yer alaca\u011f\u0131 s\u00f6yleniyor. Bu \u00e7ipin, daha y\u00fcksek bir hesaplama g\u00fcc\u00fcne sahip olaca\u011f\u0131 ve bu sayede g\u00fcr\u00fclt\u00fc engelleme \u00f6zelli\u011fini destekleyerek ses kalitesini iyile\u015ftirece\u011fi tahmin ediliyor. Ayr\u0131ca, AirPods 4&#8217;\u00fcn iPhone 16 serisi ile birlikte bu y\u0131l\u0131n Eyl\u00fcl ay\u0131nda piyasaya s\u00fcr\u00fclebilece\u011fi y\u00f6n\u00fcnde s\u00f6ylentiler de bulunuyor. Apple&#8217;\u0131n bu yeni modellerle kullan\u0131c\u0131 deneyimini nas\u0131l geli\u015ftirece\u011fi \u015fimdiden b\u00fcy\u00fck bir merak konusu.<\/p>\n\n<p>Kaynak\u00a0 :\u00a0<span style=\"background-color: rgb(255, 249, 236); color: rgb(55, 58, 60); font-size: 14px;\">https:\/\/www.donanimhaber.com\/airpods-pro-3-un-hangi-ozelligi-ile-on-plana-cikacagi-netlesiyor&#8211;181290<\/span><\/p>\n","protected":false},"excerpt":{"rendered":"<p>Apple&#8217;\u0131n yak\u0131nda AirPods Pro 3&#8217;\u00fc piyasaya s\u00fcrmeyi planlad\u0131\u011f\u0131na dair ipu\u00e7lar\u0131 ortaya \u00e7\u0131k\u0131yor. Ge\u00e7ti\u011fimiz y\u0131l\u0131n sonlar\u0131na do\u011fru AirPods Pro 2&#8217;yi piyasaya s\u00fcren Apple, \u015fimdi de bu yeni model \u00fczerinde \u00e7al\u0131\u015fmalar\u0131n\u0131 s\u00fcrd\u00fcr\u00fcyor. Duyumcu Kosutami&#8217;nin &#8230;<\/p>\n","protected":false},"author":1,"featured_media":88611,"comment_status":"open","ping_status":"open","sticky":false,"template":"","format":"standard","meta":{"footnotes":""},"categories":[8],"tags":[1923,1924,572,449],"class_list":["post-88610","post","type-post","status-publish","format-standard","has-post-thumbnail","hentry","category-teknoloji","tag-airpods","tag-airpods-pro","tag-applein","tag-model"],"_links":{"self":[{"href":"https:\/\/kamucalisani.net\/index.php\/wp-json\/wp\/v2\/posts\/88610","targetHints":{"allow":["GET"]}}],"collection":[{"href":"https:\/\/kamucalisani.net\/index.php\/wp-json\/wp\/v2\/posts"}],"about":[{"href":"https:\/\/kamucalisani.net\/index.php\/wp-json\/wp\/v2\/types\/post"}],"author":[{"embeddable":true,"href":"https:\/\/kamucalisani.net\/index.php\/wp-json\/wp\/v2\/users\/1"}],"replies":[{"embeddable":true,"href":"https:\/\/kamucalisani.net\/index.php\/wp-json\/wp\/v2\/comments?post=88610"}],"version-history":[{"count":1,"href":"https:\/\/kamucalisani.net\/index.php\/wp-json\/wp\/v2\/posts\/88610\/revisions"}],"predecessor-version":[{"id":88613,"href":"https:\/\/kamucalisani.net\/index.php\/wp-json\/wp\/v2\/posts\/88610\/revisions\/88613"}],"wp:featuredmedia":[{"embeddable":true,"href":"https:\/\/kamucalisani.net\/index.php\/wp-json\/wp\/v2\/media\/88611"}],"wp:attachment":[{"href":"https:\/\/kamucalisani.net\/index.php\/wp-json\/wp\/v2\/media?parent=88610"}],"wp:term":[{"taxonomy":"category","embeddable":true,"href":"https:\/\/kamucalisani.net\/index.php\/wp-json\/wp\/v2\/categories?post=88610"},{"taxonomy":"post_tag","embeddable":true,"href":"https:\/\/kamucalisani.net\/index.php\/wp-json\/wp\/v2\/tags?post=88610"}],"curies":[{"name":"wp","href":"https:\/\/api.w.org\/{rel}","templated":true}]}}