{"id":88865,"date":"2024-08-30T05:00:08","date_gmt":"2024-08-30T05:00:08","guid":{"rendered":"https:\/\/kamucalisani.net\/?p=88865"},"modified":"2024-08-30T05:00:08","modified_gmt":"2024-08-30T05:00:08","slug":"erdogandan-kayseri-ve-suriyede-yasanan-provokasyonlara-sert-tepki-bayraga-uzanan-eli-kirariz","status":"publish","type":"post","link":"https:\/\/kamucalisani.net\/index.php\/2024\/08\/30\/erdogandan-kayseri-ve-suriyede-yasanan-provokasyonlara-sert-tepki-bayraga-uzanan-eli-kirariz\/","title":{"rendered":"Erdo\u011fan&#8217;dan Kayseri ve Suriye&#8217;de ya\u015fanan provokasyonlara sert tepki: Bayra\u011fa uzanan eli k\u0131rar\u0131z"},"content":{"rendered":"<p><p>Cumhurba\u015fkan\u0131 Recep Tayyip Erdo\u011fan ba\u015fkanl\u0131\u011f\u0131nda ger\u00e7ekle\u015ftirilen Kabine toplant\u0131s\u0131 sona erdi. Cumhurba\u015fkanl\u0131\u011f\u0131 K\u00fclliyesi&#8217;ndeki bas\u0131na kapal\u0131 toplant\u0131 2 saat 40 dakika s\u00fcrd\u00fc. Erdo\u011fan&#8217;\u0131n a\u00e7\u0131klamalar\u0131 \u00f6zetle \u015f\u00f6yle:\u00a0Buradan \u00fclkemizin d\u00f6rt bir taraf\u0131nda bizleri takip eden vatanda\u015flar\u0131m\u0131za selamlar\u0131m\u0131 g\u00f6nderiyorum. S\u00f6zlerimin hemen ba\u015f\u0131nda yeni kabine \u00fcyelerimizi kutluyorum.\u00a0Her iki bakan\u0131m\u0131z\u0131n da hizmet bayra\u011f\u0131n\u0131 \u00e7ok daha ileriye ta\u015f\u0131yacaklar\u0131na y\u00fcrekten inan\u0131yorum. Mehmet \u00d6zhaseki karde\u015fimiz ile Fahrettin Koca karde\u015fimize de emekleri, fedakarl\u0131klar\u0131 i\u00e7in te\u015fekk\u00fcr ediyorum.\u00a0Bayram tatilinin 9 g\u00fcn olmas\u0131yla vatanda\u015flar\u0131m\u0131z memleketlerine, tatil b\u00f6lgelerine g\u00f6n\u00fcl huzuruyla seyahat etti. Yollar\u0131m\u0131zda trafik yo\u011funlu\u011fu ya\u015fand\u0131.\u00a0Vatan\u0131m\u0131z\u0131n bekas\u0131, insanl\u0131\u011f\u0131m\u0131z\u0131n g\u00fcvenli\u011fi i\u00e7in kahramanca g\u00f6rev yapan askerlerimizin tek tek g\u00f6zlerinden \u00f6p\u00fcyorum.<\/p>\n<p><strong>ORMAN YANGINLARINDA \u0130HA KULLANAN \u0130K\u0130 \u00dcLKEDEN B\u0130R\u0130Y\u0130Z<\/strong><\/p>\n<p>Bayram s\u00fcresince an\u0131z ve orman yang\u0131n\u0131 haberleriyle sars\u0131ld\u0131k. Diyarbak\u0131r &#8211; Mardin yang\u0131n\u0131nda hayat\u0131n\u0131 kaybeden insanlar\u0131m\u0131za Allah&#8217;tan rahmet diliyorum. Hafta sonu yine orman yang\u0131nlar\u0131 ya\u015fand\u0131. Yaz mevsiminin her ge\u00e7en y\u0131l daha s\u0131cak ve kurak ge\u00e7mesiyle yang\u0131n riski de ayn\u0131 oranda art\u0131yor. B\u00f6l\u00fcc\u00fc \u00f6rg\u00fct\u00fcn orman yang\u0131nlar\u0131n\u0131 ter\u00f6r y\u00f6ntemi olarak kulland\u0131\u011f\u0131n\u0131 biliyoruz.\u00a0Orman yang\u0131nlar\u0131yla etkin m\u00fccadele konusunda \u00f6nemli ad\u0131mlar att\u0131k. Bug\u00fcn bu m\u00fccadeleyi 26 u\u00e7ak 105 helikopter ve 5 binden fazla kara arac\u0131yla s\u00fcrd\u00fcr\u00fcyoruz.\u00a014 Bayraktar TB2 \u0130HA&#8217;m\u0131zla ye\u015fil vatan\u0131 7 g\u00fcn 24 saat izliyoruz. Orman yang\u0131nlar\u0131yla m\u00fccadelede \u0130HA kullanan iki \u00fclkeden biriyiz.\u00a0Yapay zeka tabanl\u0131 sistemler ba\u015fta olmak \u00fczere pek \u00e7ok teknolojik imkan da g\u00fcc\u00fcm\u00fcze g\u00fc\u00e7 katmaktad\u0131r. Bug\u00fcn itibariyle 25 bin personelimiz ve 122 bini a\u015fk\u0131n g\u00f6n\u00fcll\u00fcm\u00fcz ormanlar\u0131m\u0131z\u0131 korumak i\u00e7in fedakarca \u00e7al\u0131\u015fmaktad\u0131r.\u00a0B\u00fct\u00fcn kahramanlar\u0131m\u0131za \u015f\u00fckranlar\u0131m\u0131 sunuyorum.<\/p>\n<p><strong>&#8216;TARIM SE\u00c7\u0130M MEYDANLARINDA DALGA KONUSU YAPILACAK B\u0130R \u0130\u015e DE\u011e\u0130LD\u0130R&#8217;<\/strong><\/p>\n<p>Yaz s\u0131caklar\u0131n\u0131n art\u0131k \u00e7ok yo\u011fun ya\u015fand\u0131\u011f\u0131 g\u00fcnlere girdik. Tar\u0131m ve Ormanc\u0131l\u0131k konusunda bir hususu ifade etmek isterim. \u00c7ift\u00e7ilerimizle bulu\u015fmam\u0131zda T\u00fcrkiye&#8217;nin tar\u0131m alan\u0131nda nereden nereye geldi\u011fini tek tek ortaya koyduk.\u00a0Se\u00e7im meydanlar\u0131nda bedava trakt\u00f6r vaat edip sonras\u0131nda biz onu dikkat \u00e7ekmek i\u00e7in s\u00f6yledik diyerek yalan yanl\u0131\u015f bilgilerle milletimizin zihnini buland\u0131rmaya \u00e7al\u0131\u015f\u0131yorlar. Bunlar se\u00e7im meydanlar\u0131nda dalga konusu yap\u0131lacak i\u015fler de\u011fildir. Tar\u0131m ciddi bir u\u011fra\u015ft\u0131r. \u00fclkemiz a\u00e7\u0131s\u0131ndan \u00e7ok stratejik sekt\u00f6rd\u00fcr. \u00c7ift\u00e7i karde\u015flerimizin al\u0131n terlerinin hakk\u0131n\u0131 daima vermeye \u00e7al\u0131\u015ft\u0131k.\u00a0<\/p>\n<p><strong>TARIMDA DESTEK \u00d6DEMELER\u0130<\/strong><\/p>\n<p>2024 y\u0131l\u0131nda \u015fu ana kadar 56 milyar lira destek \u00f6demesi yapt\u0131k. Y\u0131l sonuna kadar bu rakam 91,5 milyar liraya \u00e7\u0131kacak. Ya\u015f \u00e7ay al\u0131m fiyat\u0131n\u0131n yan\u0131nda \u00fcreticilerimize destek primleri verilmesi uygulamas\u0131n\u0131 ilk kez biz ba\u015flatt\u0131k. \u00c7aykur&#8217;un kapasitesini yine biz artt\u0131rd\u0131k. Bu\u011fday fiyatlar\u0131nda ise d\u00fcnya piyasas\u0131n\u0131n bir hayli \u00fczerindeyiz. TMO al\u0131m fiyat\u0131 desteklerle birlikte ton ba\u015f\u0131na 359 dolar olup d\u00fcnya fiyatlar\u0131ndan 89 dolar y\u00fcksektir. Hasat d\u00f6neminde \u00fcreticimizi koruma amac\u0131yla hububat ithalat\u0131n\u0131 15 Ekim&#8217;e kadar durdurduk.\u00a0TMO al\u0131mla ilgili s\u00fcre\u00e7leri titizlikle y\u00fcr\u00fct\u00fcyor. \u00c7ift\u00e7imizin \u00fcr\u00fcn\u00fcn\u00fc en h\u0131zl\u0131 \u015fekilde almak ve zaman\u0131nda \u00f6demesini ger\u00e7ekle\u015ftirmek i\u00e7in gayret g\u00f6steriyor.\u00a0TMO Hububat \u00f6demeleri ba\u015flad\u0131. \u00c7ift\u00e7imizin \u015fikayeti olabilir. Bunlar\u0131 da Cumhurba\u015fkan\u0131 olarak takip ediyorum. Bakanlar\u0131m\u0131za gerekli talimat\u0131 veriyorum.\u00a0Son 21 y\u0131ld\u0131r iyi ve k\u00f6t\u00fc g\u00fcn\u00fcnde nas\u0131l \u00e7ift\u00e7imizin yan\u0131nda olduysak bundan sonra da t\u00fcm imkanlar\u0131m\u0131zla yan\u0131nda olaca\u011f\u0131z.<\/p>\n<section>\n<div>\n<p>\u00c7ift\u00e7imizin ma\u011fdur edilmesine m\u00fcsaade etmeyiz. Sicili bozuk olanlar\u0131n, eli \u00f6p\u00fclesi \u00e7ift\u00e7ilerimizi istismar ederek siyasi rant dev\u015firmesine izin vermeyiz.<\/p>\n<\/div>\n<\/section>\n<p><strong>BATILI G\u00dc\u00c7LER\u0130N DESTE\u011e\u0130N\u0130 ALAN \u0130SRA\u0130L G\u00d6Z\u00dcN\u00dc KOM\u015eULARA D\u0130K\u0130YOR<\/strong><\/p>\n<p>T\u00fcrkiye, stratejik \u00f6nemi fevkalade y\u00fcksek bir co\u011frafyada bulunuyor. B\u00f6yle bir co\u011frafi konuma sahip olmak tehditleri de beraberinde getirmektedir.\u00a013.y\u0131l\u0131n\u0131 tamamlayan Suriye krizi en fazla bizim b\u00f6lgemizi etkiledi. Rusya &#8211; Ukrayna aras\u0131ndaki sava\u015f\u0131n olumsuz yans\u0131malar\u0131na maruz kalan b\u00f6lgelerin ba\u015f\u0131nda biz yer al\u0131yoruz. \u0130srail&#8217;in Gazze&#8217;ye sald\u0131rmas\u0131yla birlikte Do\u011fu Akdeniz&#8217;de \u0131s\u0131nan sular bizi, karde\u015f \u00fclkeleri tedirgin ediyor. Bat\u0131l\u0131 g\u00fc\u00e7lerin deste\u011fini alan \u0130srail&#8217;in g\u00f6z\u00fcn\u00fc kom\u015fular\u0131na dikti\u011fini g\u00f6r\u00fcyoruz. L\u00fcbnan&#8217;a y\u00f6nelik sald\u0131r\u0131lar\u0131n, tehdit dilinin artmas\u0131 bizi endi\u015felendirmektedir. Bat\u0131 d\u00fcnyas\u0131 destek verdik\u00e7e \u0130slam d\u00fcnyas\u0131 sessiz kald\u0131k\u00e7a Netanyahu denen caninin b\u00f6lgemizi ate\u015fe s\u00fcr\u00fckleme pahas\u0131na i\u015fgal politikas\u0131na devam edece\u011fi anla\u015f\u0131l\u0131yor. T\u00fcrkiye olarak ilk g\u00fcnden beri buna dikkat \u00e7ekmekteyiz. \u0130srail zulm\u00fcn\u00fcn vahim sonu\u00e7lar\u0131 olabilece\u011fini dile getirdik. \u0130srail&#8217;in yay\u0131lmac\u0131 hedeflerin pe\u015finde ko\u015ftu\u011funu her seferinde vurgulad\u0131k.<\/p>\n<section>\n<div>\n<p>\u0130srail&#8217;in L\u00fcbnan&#8217;a y\u00f6nelik sald\u0131r\u0131lar\u0131n, tehdit dilinin artmas\u0131, b\u00f6lgemizin gelece\u011fi ad\u0131na bizi ciddi manada endi\u015felendirmektedir. Netanyahu y\u00f6netimi alt\u0131ndaki \u0130srail sald\u0131rganl\u0131\u011f\u0131 durdurulmad\u0131k\u00e7a T\u00fcrkiye dahil b\u00f6lgemizdeki hi\u00e7bir devlet kendini emniyette hissedemez.<\/p>\n<\/div>\n<\/section>\n<p><strong>KAR\u015eIMIZDA G\u00d6Z\u00dc D\u00d6NM\u00dc\u015e B\u0130R KAT\u0130L VAR<\/strong><\/p>\n<p>Buradan bir kez daha \u015fu uyar\u0131y\u0131 yapmak durumunday\u0131m. Kar\u015f\u0131m\u0131zda devlet adam\u0131 vasf\u0131n\u0131n asgari \u015fartlar\u0131n\u0131 dahi ta\u015f\u0131mayan, g\u00f6z\u00fc d\u00f6nm\u00fc\u015f bir katil vard\u0131r. Masumlar\u0131n kan\u0131ndan beslenen bu zalim kendi vatanda\u015flar\u0131n\u0131n g\u00fcvenli\u011fini dahi hi\u00e7e saymaktad\u0131r. Netanyahu y\u00f6netimi alt\u0131ndaki \u0130srail sald\u0131rganl\u0131\u011f\u0131 durdurulmad\u0131k\u00e7a T\u00fcrkiye dahil kimse kendini g\u00fcvende hissedemez.\u00a0T\u00fcrkiye olarak g\u00fcvenlik \u00f6nceliklerimizi buna g\u00f6re tayin ve tespit ediyoruz.\u00a0Hedefimiz do\u011fru, ak\u0131ll\u0131 ve uzun vadeli hamlelerle bu m\u00fccadeleden \u00fclkemizi kay\u0131ps\u0131z hatta kazan\u00e7l\u0131 olarak \u00e7\u0131karmakt\u0131r.\u00a0Bar\u0131\u015f\u0131, diyalo\u011fu ve diplomasiyi en \u00fcst seviyede almam\u0131z gereken g\u00fcnlerden ge\u00e7iyoruz.<\/p>\n<p><strong>&#8216;SUR\u0130YE&#8217;N\u0130N TOPRAK B\u00dcT\u00dcNL\u00dc\u011e\u00dcN\u00dcN KORUNMASI T\u00dcRK\u0130YE&#8217;N\u0130N DE \u00d6NCEL\u0130\u011e\u0130D\u0130R&#8217;<\/strong><\/p>\n<p>Astana s\u00fcreciyle rejim ve muhalefetin ayn\u0131 zeminde bulu\u015fmas\u0131n\u0131 sa\u011flad\u0131k. Daha fazla \u00e7at\u0131\u015fma ya\u015fanmas\u0131n\u0131n \u00f6n\u00fcne ge\u00e7meye \u00e7al\u0131\u015ft\u0131k. S\u00fck\u00fbnete hizmet edecek ilave ad\u0131mlar\u0131n at\u0131lmas\u0131 m\u00fcmk\u00fcnd\u00fcr. Bizim kimsenin topra\u011f\u0131nda ve egemenli\u011finde g\u00f6z\u00fcm\u00fcz yoktur. Suriye&#8217;nin toprak b\u00fct\u00fcnl\u00fc\u011f\u00fcn\u00fcn korunmas\u0131 T\u00fcrkiye&#8217;nin de \u00f6nceli\u011fidir. Biz kom\u015fu olarak istikrars\u0131zl\u0131kla bo\u011fu\u015fan ve ter\u00f6r \u00f6rg\u00fctlerinin cirit att\u0131\u011f\u0131 de\u011fil demokratik g\u00fc\u00e7l\u00fc bir Suriye g\u00f6rmek istiyoruz.\u00a0Biz ayr\u0131l\u0131klar\u0131 derinle\u015ftirme yerine ortak payday\u0131 b\u00fcy\u00fctmenin derdindeyiz. Bunun i\u00e7in kiminle g\u00f6r\u00fc\u015f\u00fclmesi gerekiyorsa ge\u00e7mi\u015fte oldu\u011fu gibi yine g\u00f6r\u00fc\u015fmekten imtina etmeyiz. \u00d6ncelikle T\u00fcrkiye&#8217;nin menfaatlerini referans alacak bizimle ortak hareket eden hi\u00e7 kimsenin ma\u011fdur olmas\u0131na izin vermeyece\u011fiz. T\u00fcrkiye dostlar\u0131n\u0131 yar\u0131 yolda b\u0131rakan bir devlet de\u011fildir ve olmayacakt\u0131r.<\/p>\n<div>\n<div> <img decoding=\"async\" src=\"https:\/\/kamucalisani.net\/wp-content\/uploads\/2024\/08\/erdogandan-kayseri-ve-suriyede-yasanan-provokasyonlara-sert-tepki-bayraga-uzanan-eli-kirariz-0-VnSYwVdi.jpg\"\/><\/img> <\/div>\n<\/p><\/div>\n<\/p>\n<p><strong>KAYSER\u0130&#8217;dE B\u0130R KAOS PLANI TEZGAHLANDI!<\/strong><\/p>\n<p>Solingen&#8217;de evlatlar\u0131n\u0131 \u0131rk\u00e7\u0131 ter\u00f6re \u015fehit vermi\u015f bir millet olarak bize yak\u0131\u015fmayan, inanc\u0131m\u0131zla, medeniyet de\u011ferlerimizle asla ba\u011fda\u015fmayan sahnelerin ya\u015fanmas\u0131na g\u00f6z yummay\u0131z. Kamu d\u00fczeni devletimizin \u00e7izgisidir. Bu hassas \u00e7izginin yok say\u0131lmas\u0131na eyvallah demeyece\u011fiz. Biz kaos planlar\u0131na ba\u011f\u0131\u015f\u0131kl\u0131k kazanm\u0131\u015f bir \u00fclkeyiz. Etki ajanlar\u0131 eliyle \u00fclkemize hangi bedellerin \u00f6detildi\u011fini gayet net hat\u0131rl\u0131yoruz. Kayseri&#8217;de son derece i\u011fren\u00e7, rezil bir taciz vakas\u0131 \u00fczerinden ayn\u0131 kaos plan\u0131 tezg\u00e2hland\u0131. \u0130kinci perdesi ise Suriye&#8217;nin kuzeyinde sergilendi. B\u00f6l\u00fcc\u00fc ter\u00f6r \u00f6rg\u00fct\u00fc art\u0131klar\u0131 taraf\u0131ndan kotar\u0131lan bu oyunu kimin yazd\u0131\u011f\u0131n\u0131, kimlerini fig\u00fcranl\u0131k yapt\u0131\u011f\u0131n\u0131 \u00e7ok iyi biliyoruz. Bu sinsi tuza\u011fa d\u00fc\u015fmeyece\u011fiz. Nefret s\u00f6ylemlerine, provokasyonlara boyun e\u011fmeyece\u011fimizi tekrar alt\u0131n\u0131 \u00e7izerek s\u00f6ylemek istiyorum. Kimse kendini polisin, hakimin, devletin yerine koyamaz. Kayseri&#8217;deki olaylar sonras\u0131nda ortal\u0131\u011f\u0131 yak\u0131p y\u0131kan 474 provokat\u00f6r g\u00f6zalt\u0131na al\u0131nd\u0131. Suriye Milli Ordusu g\u00fc\u00e7keri ve g\u00fcvenlik kuvvetlerimiz gerekli m\u00fcdahalelerlede bulundu.<\/p>\n<p><strong>&#8216;K\u0130MSE GEL\u0130\u015eMELER\u0130 TR\u0130B\u00dcNDEN SEYRETMEM\u0130Z\u0130 BEKLEMES\u0130N&#8217;<\/strong><\/p>\n<p>\u0130stihbarat birimlerimiz s\u0131n\u0131r\u0131n \u00f6te taraf\u0131ndaki ortaklar\u0131yla birlikte \u00e7ok titiz bir \u00e7al\u0131\u015fma y\u00fcr\u00fctmektedir. Hangi killi ellerin bu i\u015flerin arkas\u0131nda oldu\u011funu mutlaka ortaya \u00e7\u0131karaca\u011f\u0131z. T\u00fcrkiye&#8217;nin Suriye&#8217;deki mevcudiyeti ter\u00f6ristan kurma hayallindeki en b\u00fcy\u00fck engeldir.\u00a0B\u00f6l\u00fcc\u00fc ter\u00f6r tehdidi tamamen ortadan kalk\u0131nca \u00fczerimize d\u00fc\u015feni yapaca\u011f\u0131z. B\u0131rak\u0131n tehdidin boyutunun azalmas\u0131n\u0131 ter\u00f6r \u00f6rg\u00fct\u00fc her g\u00fcn yeni bir provokasyona giri\u015firken kimse bizden geli\u015fmeleri trib\u00fcnden seyretmesini beklemesin. Biz yaln\u0131zca b\u00f6l\u00fcc\u00fc niyetlere kar\u015f\u0131 vatan\u0131m\u0131z\u0131 koruyoruz ve koruyaca\u011f\u0131z.<\/p>\n<p><strong>&#8216;SUR\u0130YE&#8217;DE HUZUR ORTAMI G\u00dc\u00c7LEND\u0130K\u00c7E GER\u0130 D\u00d6N\u00dc\u015eLER ARTACAK&#8217;<\/strong><\/p>\n<p>Suriyeli karde\u015flerimizin g\u00f6n\u00fcll\u00fc, g\u00fcvenli ve onurlu geri d\u00f6n\u00fc\u015flerini bug\u00fcne kadar hep te\u015fvik ettik. Katar&#8217;\u0131n da deste\u011fiyle hayata ge\u00e7irdi\u011fimiz konut projeleri tamamland\u0131\u011f\u0131nda bu say\u0131ya 1 milyon ki\u015fi daha eklenecek. Suriye&#8217;de huzur ortam\u0131 g\u00fc\u00e7lendik\u00e7e geri d\u00f6n\u00fc\u015fler artacak. S\u0131\u011f\u0131nmac\u0131lar konusunu \u00f6nyarg\u0131lar ve korkular temelinde de\u011fil ak\u0131ll\u0131, insani, vicdani \u00e7er\u00e7evede \u00e7\u00f6z\u00fcme kavu\u015fturaca\u011f\u0131z.<\/p>\n<section>\n<div>\n<p>Bayra\u011f\u0131m\u0131za uzanan m\u00fclevves elleri k\u0131rmas\u0131n\u0131 bildi\u011fimiz gibi, \u00fclkemize s\u0131\u011f\u0131nan mazlumlara uzanan elleri de k\u0131rmas\u0131n\u0131 biliriz.  Silahlar\u0131n\u0131n namlusu \u00fclkemize \u00e7evrili eli kanl\u0131 caniler orada var olduk\u00e7a biz de \u00fclkemizin ve milletimizin g\u00fcvenli\u011fini sa\u011flamaya devam edece\u011fiz.<\/p>\n<\/div>\n<\/section>\n<p><strong>ERKEN SE\u00c7\u0130M TARTI\u015eMALARI<\/strong><\/p>\n<p>T\u00fcrkiye se\u00e7im maratonunu tamamlam\u0131\u015ft\u0131r. Se\u00e7imler elbette demokrasinin bayram\u0131d\u0131r, \u015f\u00f6len g\u00fcn\u00fcd\u00fcr. Tarihimizde sand\u0131kta tezah\u00fcr eden iradeyi yok sayanlar\u0131n oldu\u011fu da \u00fclkemizin ger\u00e7e\u011fidir.\u00a0Bizce bu tart\u0131\u015fmalar muhalefet b\u00fcnyesinde giderek k\u0131z\u0131\u015fan i\u00e7 sava\u015f\u0131n d\u0131\u015fa yans\u0131malar\u0131ndan ibarettir. Yeni h\u00fck\u00fcmet sisteminde erken se\u00e7im diye kavram yoktur. Muhalefetin T\u00fcrkiye&#8217;yi geriden takip etti\u011fi anla\u015f\u0131l\u0131yor. Bu tarz sahte g\u00fcndemlerle muhalefet kendi i\u00e7indeki bilek g\u00fcre\u015fini perdelemeye \u00e7al\u0131\u015fmaktad\u0131r. Biz sadece ve sadece i\u015fimize odaklan\u0131yoruz. Her biri alt\u0131n de\u011ferinde olan 4 y\u0131ll\u0131k s\u00fcreyi en iyi ve en verimli \u015fekilde kullanmaya bak\u0131yoruz.\u00a0Milletin emanetinin hakk\u0131n\u0131 vermeye gayret edece\u011fiz. H\u00fck\u00fcmetimiz g\u00fc\u00e7l\u00fc bir \u015fekilde T\u00fcrkiye Y\u00fczy\u0131l\u0131&#8217;n\u0131n in\u015fas\u0131na devam edecektir.<\/p>\n<p>Avrupa Futbol \u015eampiyonas\u0131&#8217;nda \u00e7eyrek final m\u00fccadelesi verecek A Milli Tak\u0131m\u0131m\u0131za ba\u015far\u0131lar diliyorum.<\/p>\n<p><span><strong>YEN\u0130 KAB\u0130NE&#8217;DEN \u0130LK KARELER\u00a0<\/strong><\/span><\/p>\n<p>Cumhurba\u015fkan\u0131 Recep Tayyip Erdo\u011fan&#8217;\u0131n imzas\u0131yla \u00c7evre \u015eehircilik ve \u0130klim De\u011fi\u015fikli\u011fi Bakanl\u0131\u011f\u0131&#8217;na atanan Murat Kurum ve Sa\u011fl\u0131k Bakanl\u0131\u011f\u0131&#8217;na atanan Profes\u00f6r Doktor Kemal Memi\u015fo\u011flu da Kabine toplant\u0131s\u0131na kat\u0131ld\u0131.<\/p>\n<div>\n<div> <img decoding=\"async\" src=\"https:\/\/kamucalisani.net\/wp-content\/uploads\/2024\/08\/erdogandan-kayseri-ve-suriyede-yasanan-provokasyonlara-sert-tepki-bayraga-uzanan-eli-kirariz-1-9zOgenQN.jpg\"\/><\/img> <\/div>\n<\/p><\/div>\n<p> <\/p>\n<div>\n<div> <img decoding=\"async\" src=\"https:\/\/kamucalisani.net\/wp-content\/uploads\/2024\/08\/erdogandan-kayseri-ve-suriyede-yasanan-provokasyonlara-sert-tepki-bayraga-uzanan-eli-kirariz-2-mkNnlrW2.jpg\"\/><\/img> <\/div>\n<\/p><\/div>\n<\/p>\n<p><\/p>\n<p>Kaynak :\u00a0<span style=\"background-color: rgb(255, 249, 236); color: rgb(55, 58, 60); font-size: 14px;\">http:\/\/www.milliyet.com.tr\/gundem\/erdogandan-kayseri-ve-suriyede-yasanan-provokasyonlara-sert-tepki-bayraga-uzanan-eli-kirariz-7150084<\/span><\/p>\n","protected":false},"excerpt":{"rendered":"<p>Cumhurba\u015fkan\u0131 Recep Tayyip Erdo\u011fan, Kabine toplant\u0131s\u0131 sonras\u0131 yapt\u0131\u011f\u0131 a\u00e7\u0131klamada Kayseri ve Suriye&#8217;deki provokasyonlara sert tepki g\u00f6stererek,  &#8220;Bayra\u011f\u0131m\u0131za uzanan m\u00fclevves elleri k\u0131rmas\u0131n\u0131 bildi\u011fimiz gibi, \u00fclkemize s\u0131\u011f\u0131nan mazlumlara uzanan elleri de k\u0131rmas\u0131n\u0131 biliriz&#8221; ifadelerini kulland\u0131.<\/p>\n","protected":false},"author":1,"featured_media":88866,"comment_status":"open","ping_status":"open","sticky":false,"template":"","format":"standard","meta":{"footnotes":""},"categories":[3],"tags":[952,178,620,232,146],"class_list":["post-88865","post","type-post","status-publish","format-standard","has-post-thumbnail","hentry","category-guncel","tag-guc","tag-gun","tag-israil","tag-suriye","tag-turkiye"],"_links":{"self":[{"href":"https:\/\/kamucalisani.net\/index.php\/wp-json\/wp\/v2\/posts\/88865","targetHints":{"allow":["GET"]}}],"collection":[{"href":"https:\/\/kamucalisani.net\/index.php\/wp-json\/wp\/v2\/posts"}],"about":[{"href":"https:\/\/kamucalisani.net\/index.php\/wp-json\/wp\/v2\/types\/post"}],"author":[{"embeddable":true,"href":"https:\/\/kamucalisani.net\/index.php\/wp-json\/wp\/v2\/users\/1"}],"replies":[{"embeddable":true,"href":"https:\/\/kamucalisani.net\/index.php\/wp-json\/wp\/v2\/comments?post=88865"}],"version-history":[{"count":1,"href":"https:\/\/kamucalisani.net\/index.php\/wp-json\/wp\/v2\/posts\/88865\/revisions"}],"predecessor-version":[{"id":88870,"href":"https:\/\/kamucalisani.net\/index.php\/wp-json\/wp\/v2\/posts\/88865\/revisions\/88870"}],"wp:featuredmedia":[{"embeddable":true,"href":"https:\/\/kamucalisani.net\/index.php\/wp-json\/wp\/v2\/media\/88866"}],"wp:attachment":[{"href":"https:\/\/kamucalisani.net\/index.php\/wp-json\/wp\/v2\/media?parent=88865"}],"wp:term":[{"taxonomy":"category","embeddable":true,"href":"https:\/\/kamucalisani.net\/index.php\/wp-json\/wp\/v2\/categories?post=88865"},{"taxonomy":"post_tag","embeddable":true,"href":"https:\/\/kamucalisani.net\/index.php\/wp-json\/wp\/v2\/tags?post=88865"}],"curies":[{"name":"wp","href":"https:\/\/api.w.org\/{rel}","templated":true}]}}