{"id":89497,"date":"2024-08-31T06:12:06","date_gmt":"2024-08-31T06:12:06","guid":{"rendered":"https:\/\/kamucalisani.net\/?p=89497"},"modified":"2024-08-31T06:12:06","modified_gmt":"2024-08-31T06:12:06","slug":"corumda-su-meselesinde-kan-akti-baba-ve-oglu-hayatini-kaybetti","status":"publish","type":"post","link":"https:\/\/kamucalisani.net\/index.php\/2024\/08\/31\/corumda-su-meselesinde-kan-akti-baba-ve-oglu-hayatini-kaybetti\/","title":{"rendered":"\u00c7orum&#8217;da su meselesinde kan akt\u0131! Baba ve o\u011flu hayat\u0131n\u0131 kaybetti"},"content":{"rendered":"<p><p>Olay sabah saatlerinde, Sungurlu il\u00e7esi Cevheri Mahallesi&#8217;nde meydana geldi. Edinilen bilgiye g\u00f6re, emekli polis oldu\u011fu \u00f6\u011frenilen Ahmet Y., daha \u00f6nce tarla sulama anla\u015fmazl\u0131\u011f\u0131 sebebiyle husumetli oldu\u011fu Ramazan Yald\u0131ran ile tart\u0131\u015fmaya ba\u015flad\u0131.<\/p>\n<p>Tart\u0131\u015fman\u0131n kavgaya d\u00f6n\u00fc\u015fmesiyle, Ahmet Y. beylik tabanc\u0131yla Ramazan Yald\u0131ran ile o\u011fullar\u0131 Servet \u00d6zcan Yald\u0131ran ve F\u0131rat Yald\u0131ran&#8217;a ate\u015f etti. Silah sesini duyan vatanda\u015flar durumu 112 Acil \u00c7a\u011fr\u0131 Merkezine bildirdi. \u0130hbar \u00fczerine olay yerine sa\u011fl\u0131k ekipleri taraf\u0131ndan, yaralanan baba Ramazan Yald\u0131ran ile o\u011fullar\u0131 Servet \u00d6zcan Yald\u0131ran ve F\u0131rat Yald\u0131ran Sungurlu Devlet Hastanesi&#8217;ne kald\u0131r\u0131ld\u0131.<\/p>\n<p>\u00a0<\/p>\n<p>Tedavi alt\u0131na al\u0131nan yaral\u0131lardan Ramazan Yald\u0131ran ve Servet \u00d6zcan Yald\u0131ran kurtar\u0131lamayarak hayat\u0131n\u0131 kaybetti. F\u0131rat Yald\u0131ran&#8217;\u0131n ise tedavisinin devam etti\u011fi \u00f6\u011frenildi.<\/p>\n<p>Olayla ilgili soru\u015fturma devam ediyor.<\/p>\n\n<p><\/p>\n<p>Kaynak :\u00a0<span style=\"background-color: rgb(255, 249, 236); color: rgb(55, 58, 60); font-size: 14px;\">http:\/\/www.milliyet.com.tr\/gundem\/corumda-emekli-polis-dehset-sacti-2-kisi-hayatini-kaybetti-7150306<\/span><\/p>\n","protected":false},"excerpt":{"rendered":"<p>\u00c7orum&#8217;un Sungurlu il\u00e7esinde emekli polis oldu\u011fu \u00f6\u011frenilen \u015fah\u0131s, tarla sulama sebebiyle anla\u015fmazl\u0131k ya\u015fad\u0131\u011f\u0131 baba ve o\u011flunu \u00f6ld\u00fcrd\u00fc, di\u011fer o\u011flunu ise yaralad\u0131.<\/p>\n","protected":false},"author":1,"featured_media":89498,"comment_status":"open","ping_status":"open","sticky":false,"template":"","format":"standard","meta":{"footnotes":""},"categories":[3],"tags":[],"class_list":["post-89497","post","type-post","status-publish","format-standard","has-post-thumbnail","hentry","category-guncel"],"_links":{"self":[{"href":"https:\/\/kamucalisani.net\/index.php\/wp-json\/wp\/v2\/posts\/89497","targetHints":{"allow":["GET"]}}],"collection":[{"href":"https:\/\/kamucalisani.net\/index.php\/wp-json\/wp\/v2\/posts"}],"about":[{"href":"https:\/\/kamucalisani.net\/index.php\/wp-json\/wp\/v2\/types\/post"}],"author":[{"embeddable":true,"href":"https:\/\/kamucalisani.net\/index.php\/wp-json\/wp\/v2\/users\/1"}],"replies":[{"embeddable":true,"href":"https:\/\/kamucalisani.net\/index.php\/wp-json\/wp\/v2\/comments?post=89497"}],"version-history":[{"count":1,"href":"https:\/\/kamucalisani.net\/index.php\/wp-json\/wp\/v2\/posts\/89497\/revisions"}],"predecessor-version":[{"id":89499,"href":"https:\/\/kamucalisani.net\/index.php\/wp-json\/wp\/v2\/posts\/89497\/revisions\/89499"}],"wp:featuredmedia":[{"embeddable":true,"href":"https:\/\/kamucalisani.net\/index.php\/wp-json\/wp\/v2\/media\/89498"}],"wp:attachment":[{"href":"https:\/\/kamucalisani.net\/index.php\/wp-json\/wp\/v2\/media?parent=89497"}],"wp:term":[{"taxonomy":"category","embeddable":true,"href":"https:\/\/kamucalisani.net\/index.php\/wp-json\/wp\/v2\/categories?post=89497"},{"taxonomy":"post_tag","embeddable":true,"href":"https:\/\/kamucalisani.net\/index.php\/wp-json\/wp\/v2\/tags?post=89497"}],"curies":[{"name":"wp","href":"https:\/\/api.w.org\/{rel}","templated":true}]}}