{"id":89672,"date":"2024-08-31T15:12:09","date_gmt":"2024-08-31T15:12:09","guid":{"rendered":"https:\/\/kamucalisani.net\/?p=89672"},"modified":"2024-08-31T15:12:09","modified_gmt":"2024-08-31T15:12:09","slug":"istanbulun-gobeginde-sok-goruntu-istanbulun-fethi-sirasinda-sehit-olan-askerin-mezarini-kazdi","status":"publish","type":"post","link":"https:\/\/kamucalisani.net\/index.php\/2024\/08\/31\/istanbulun-gobeginde-sok-goruntu-istanbulun-fethi-sirasinda-sehit-olan-askerin-mezarini-kazdi\/","title":{"rendered":"\u0130stanbul&#8217;un g\u00f6be\u011finde \u015fok g\u00f6r\u00fcnt\u00fc! \u0130stanbul&#8217;un fethi s\u0131ras\u0131nda \u015fehit olan askerin mezar\u0131n\u0131 kazd\u0131"},"content":{"rendered":"<p><p>Osmanl\u0131 ve Bizans d\u00f6neminden kalan \u00f6nemli tarihi eserlere ev sahipli\u011fi yapan Fatih&#8217;te bulunan On Sekiz Sekbanlar \u015eehitli\u011fi, 1453 y\u0131l\u0131nda \u0130stanbul\u2019un fethine kat\u0131larak \u015fehit d\u00fc\u015fen isimsiz askerlerin defnedildi\u011fi yerler aras\u0131nda.<\/p>\n<p>Osmanl\u0131 ordusunda Yeni\u00e7eri Oca\u011f\u0131&#8217;na ba\u011fl\u0131 Sekban B\u00f6l\u00fc\u011f\u00fc&#8217;nden olan ve isimleri bilinmeyen bu askerler i\u00e7in yap\u0131lan On Sekiz Sekbanlar \u015eehitli\u011fi&#8217;nde anonim bir kitabe de bulunuyor.<\/p>\n<p>Tarihi belirsiz kitabede &#8220;Fatih Sultan Mehmet Han Hazretleriyle ma\u2019an te\u015frif buyurup bu mahalde \u015fehiden vefat eden on sekiz sekban aleyhi rahmetuvelgufran hazretlerinin ruhu p\u00fcr-f\u00fctuhlar\u0131na el fatiha&#8221; ifadesi yer al\u0131yor.<\/p>\n<div>\n<div> <img decoding=\"async\" src=\"https:\/\/kamucalisani.net\/wp-content\/uploads\/2024\/08\/istanbulun-gobeginde-sok-goruntu-istanbulun-fethi-sirasinda-sehit-olan-askerin-mezarini-kazdi-0-lfcmHEuI.jpg\"\/><\/img> <\/div>\n<\/p><\/div>\n<\/p>\n<p>\u015eehitlikte, kimli\u011fi bilinen tek mezar Sekbanlar Keth\u00fcdas\u0131 H\u0131z\u0131r O\u011flu Hamza\u2019ya ait. Cumhuriyet d\u00f6neminde yenilenen \u015fehitlik, en son 2018&#8217;de \u0130stanbul B\u00fcy\u00fck\u015fehir Belediyesince (\u0130BB) restore edildi.<\/p>\n<p>\u015eehitli\u011fin yak\u0131n\u0131nda Kad\u0131 H\u00fcsamettin \u00c7ama\u015f\u0131rc\u0131 Hac\u0131 Mustafa Efendi 18 Sekbanlar Cami, \u0130BB ve \u015eehzadeba\u015f\u0131 Camisi gibi \u00f6nemli mekanlar da yer al\u0131yor.<\/p>\n<p><strong>DEF\u0130NE \u0130\u00c7\u0130N KABR\u0130STANA DADANAN K\u0130\u015e\u0130 \u015eEH\u0130TL\u0130\u011e\u0130 KAZIP TAHR\u0130P ETT\u0130<\/strong><\/p>\n<p>On Sekiz Sekbanlar \u015eehitli\u011fi&#8217;ne dadanan kimli\u011fi belirsiz ki\u015fi, define bulmak i\u00e7in \u015fehitli\u011fi kazd\u0131. G\u00fcnd\u00fcz vakti yap\u0131lan kaz\u0131, \u00e7evredeki g\u00fcvenlik kameras\u0131nca kaydedildi.<\/p>\n<div>\n<div> <img decoding=\"async\" src=\"https:\/\/kamucalisani.net\/wp-content\/uploads\/2024\/08\/istanbulun-gobeginde-sok-goruntu-istanbulun-fethi-sirasinda-sehit-olan-askerin-mezarini-kazdi-1-4x9OBbjW.jpg\"\/><\/img> <\/div>\n<\/p><\/div>\n<\/p>\n<p><strong>&#8220;BURASI 18 \u00d6NEML\u0130 ASKER\u0130N YER ALDI\u011eI \u015eEH\u0130TL\u0130K&#8221;<\/strong><\/p>\n<p>Define i\u00e7in kaz\u0131 yap\u0131lan alanda incelemelerde bulunan Sanat Tarihi Derne\u011fi Y\u00f6netim Kurulu Ba\u015fkan\u0131 \u015eerif Ya\u015far, yapt\u0131\u011f\u0131 a\u00e7\u0131klamada, \u015fehitli\u011fe define bulmak amac\u0131yla zarar verilmesinin \u00e7ok \u00fcz\u00fcc\u00fc oldu\u011funu s\u00f6yledi.<\/p>\n<p>Ya\u015far, &#8220;B\u00f6yle bir yeri tahrip etmek i\u00e7in bir ki\u015finin ciddi anlamda akli dengesinin ve akli melekelerinin yerinde olmamas\u0131 ya da \u00e7ok b\u00fcy\u00fck bir \u00e7\u00fcr\u00fcm\u00fc\u015fl\u00fc\u011fe u\u011fram\u0131\u015f olmas\u0131 gerekiyor. \u00c7\u00fcnk\u00fc bulundu\u011fumuz yer Suri\u00e7i&#8217;nin en \u00f6nemli noktalar\u0131ndan biri.&#8221; dedi.<\/p>\n<p>\u015eehitlikle ilgili bilgi veren Ya\u015far, &#8220;Hemen Mimar Sinan&#8217;\u0131n \u015eehzade Camisi&#8217;nin kar\u015f\u0131s\u0131nda, On Sekiz Sekbanlar \u015eehitli\u011fi&#8217;ndeyiz. Buras\u0131, \u0130stanbul&#8217;u ilk fetheden askeri grubun i\u00e7inde \u015fehit olan 18 \u00f6nemli askerin yer ald\u0131\u011f\u0131 \u015fehitlik. Buras\u0131 manevi anlamda \u00e7ok \u00f6nemli. \u00c7\u00fcnk\u00fc suru delip gelen bu sekbanlar, sokak i\u00e7indeki ilk \u00e7at\u0131\u015fmay\u0131 yap\u0131p yine burada da ilk \u015fehit olanlard\u0131r. 17 ki\u015finin ismi bile bilinmiyor.&#8221; diye konu\u015ftu.<\/p>\n<p>\u015eehitli\u011fin korunmas\u0131 gerekti\u011finin alt\u0131n\u0131 \u00e7izen Ya\u015far, b\u00fcy\u00fck bir \u00f6zveriyle burada can\u0131n\u0131 veren insanlar i\u00e7in yap\u0131lan mezarl\u0131\u011f\u0131n bu \u015fekilde sahipsiz b\u0131rak\u0131lmas\u0131n\u0131n \u00e7ok anlams\u0131z oldu\u011funu vurgulad\u0131.<\/p>\n<p>Ya\u015far, &#8220;Ger\u00e7ekten kamu kurumlar\u0131m\u0131za da hi\u00e7 yak\u0131\u015fm\u0131yor. Burada \u0130stanbul B\u00fcy\u00fck\u015fehir Belediyesi&#8217;nin hemen dibindeyiz. \u015eikayet edilmesine ra\u011fmen g\u00fcpeg\u00fcnd\u00fcz defalarca buna nas\u0131l izin veriliyor, kabul edilecek bir \u015fey de\u011fil.&#8221; dedi.<\/p>\n<div>\n<div> <img decoding=\"async\" src=\"https:\/\/kamucalisani.net\/wp-content\/uploads\/2024\/08\/istanbulun-gobeginde-sok-goruntu-istanbulun-fethi-sirasinda-sehit-olan-askerin-mezarini-kazdi-2-FqeJtSkl.jpg\"\/><\/img> <\/div>\n<\/p><\/div>\n<\/p>\n<p><strong>&#8220;DEF\u0130NEC\u0130L\u0130K \u00c7ILGINLI\u011eI VAR, ALTIN FI\u015eKIRACAK ZANNED\u0130YORLAR&#8221;<\/strong><\/p>\n<p>Define aray\u0131\u015f\u0131n\u0131n \u00e7\u0131lg\u0131nl\u0131k haline geldi\u011fini aktaran Ya\u015far, \u015f\u00f6yle konu\u015ftu:<\/p>\n<p>&#8220;G\u00f6r\u00fcnt\u00fclerden g\u00f6rd\u00fck, maalesef g\u00fcnd\u00fcz vakti ve bunu defalarca yapabiliyor. Toplumumuzda b\u00f6yle bir definecilik \u00e7\u0131lg\u0131nl\u0131\u011f\u0131 var. G\u00f6rd\u00fckleri her tarihi alandan alt\u0131n f\u0131\u015fk\u0131racak zannediyorlar. Ya buras\u0131 bir garip \u015fehitlik. M\u00fcsl\u00fcman \u00fclkelerde, milletlerde mezara k\u0131ymetli bir e\u015fya, maden g\u00f6m\u00fclmez. Buras\u0131 tarihi ve koruma alt\u0131nda olan bir alan. Ne gerekiyorsa ivedilikle yap\u0131lmal\u0131. Hem yan\u0131 ba\u015f\u0131ndaki \u0130BB hem de K\u00fclt\u00fcr Bakanl\u0131\u011f\u0131 taraf\u0131ndan, hangi birime ba\u011fl\u0131ysa t\u00fcm birimler cayd\u0131r\u0131c\u0131 olarak ne yap\u0131lmas\u0131 gerekiyorsa yapmal\u0131.&#8221;<\/p>\n<p><strong>N\u0130&#8217;MEL CEY\u015e (MUTLU ASKERLER)<\/strong><\/p>\n<p>\u0130stanbul \u00dcniversitesi Tarih B\u00f6l\u00fcm\u00fc \u00d6\u011fretim G\u00f6revlisi Zafer Bilgi de \u0130stanbul&#8217;un fethine kat\u0131lan askerlere &#8220;Ni\u2019mel Cey\u015f&#8221; denildi\u011fini, Hz. Peygamber&#8217;in hadisinde yer alan m\u00fcjdeye mazhar olmalar\u0131ndan dolay\u0131 &#8220;mutlu askerler&#8221; olarak isimlendirildiklerini s\u00f6yledi.<\/p>\n<div>\n<div> <img decoding=\"async\" src=\"https:\/\/kamucalisani.net\/wp-content\/uploads\/2024\/08\/istanbulun-gobeginde-sok-goruntu-istanbulun-fethi-sirasinda-sehit-olan-askerin-mezarini-kazdi-3-P6CDbBdN.jpg\"\/><\/img> <\/div>\n<\/p><\/div>\n<\/p>\n<p>Askerlerin kahramanl\u0131\u011f\u0131n\u0131 g\u00f6stermek ad\u0131na \u015fehit d\u00fc\u015ft\u00fckleri yere On Sekiz Sekbanlar \u015eehitli\u011fi&#8217;nin yap\u0131ld\u0131\u011f\u0131n\u0131 anlatan Bilgi, &#8220;Hemen yan\u0131na bir cami de yap\u0131l\u0131yor. \u0130stanbul&#8217;un ilk camilerinden biri olarak say\u0131l\u0131r. \u015eehzade Mehmet Camisi&#8217;yle kar\u015f\u0131 kar\u015f\u0131ya. \u0130BB&#8217;nin hemen yan\u0131ndad\u0131r bu bahsetti\u011fimiz yer. Buralara sahip \u00e7\u0131kmak zorunday\u0131z. Bu hazireler bizim \u015fahitlerimiz. Hem tarihe \u015fahitlik etmi\u015f hem de bizim kimli\u011fimiz asl\u0131nda. Ge\u00e7mi\u015fimize d\u00f6n\u00fck bilgiler veriyor. \u015eehrin genetik kodlar\u0131n\u0131 olu\u015fturan bu tarz hazireleri korumakla m\u00fckellefiz.&#8221; dedi.<\/p>\n<p>Bilgi, tarihi yap\u0131lara de\u011fer verilmesi gerekti\u011fini vurgulayarak, \u015funlar\u0131 kaydetti:<\/p>\n<p>&#8220;\u015eehrin g\u00f6be\u011finde bazen haberimiz olmadan b\u00f6yle ilgin\u00e7, hakikaten abs\u00fcrt diyebilece\u011fimiz sahnelere rastlamak m\u00fcmk\u00fcn olabiliyor. \u0130vedilikle bu yerin tekrar bir k\u00fclt\u00fcr envanterinin \u00e7\u0131kar\u0131lmas\u0131, bir yer alt\u0131 r\u00f6ntgeninin \u00e7ekilmesi gerekiyor. Sorumlular kimse, i\u015fte Vak\u0131flar Genel M\u00fcd\u00fcrl\u00fc\u011f\u00fc olabiliyor, bazen \u0130BB olabiliyor. Bazen oralar T\u00fcrbeler M\u00fcd\u00fcrl\u00fc\u011f\u00fcne ba\u011fl\u0131 olabiliyor. G\u00f6zden ka\u00e7abiliyor bazen buralar. Hemen tarihi dokunun korunakl\u0131 bir \u015fekilde kadim k\u00fclt\u00fcr\u00fcm\u00fcze dahil edilmesi gerekiyor.&#8221;<\/p>\n<p><strong>&#8220;BURASI DA\u011e BA\u015eI DE\u011e\u0130L, \u0130STANBUL&#8217;UN G\u00d6BE\u011e\u0130&#8221;<\/strong><\/p>\n<p>\u015eehitli\u011fi ziyaret eden vatanda\u015flardan Baki G\u00fcnay, ya\u015fanan duruma bir an \u00f6nce m\u00fcdahale edilmesi gerekti\u011fini belirterek, &#8220;Ben de g\u00f6rd\u00fcm. Dikkatimi \u00e7ekti zaten. Hatta arkaya b\u00f6yle gizlenmi\u015f mi art\u0131k orada ya\u015f\u0131yor mu anlayamad\u0131m. Resmi bir yetkili mi diye bakt\u0131m ama de\u011fil. Berdu\u015f bir \u015fekilde ama kaz\u0131 yap\u0131yor. Hangi yetkiyle ve kime dayanarak yap\u0131yor bilemedim. Yetkililerin tedbir almas\u0131nda fayda var.&#8221; ifadelerini kulland\u0131.<\/p>\n<p>G\u00fcnay, tarihi yerlerin korunmas\u0131 gerekti\u011fini vurgulayarak, \u015funlar\u0131 s\u00f6yledi:<\/p>\n<p>&#8220;Burada fetih d\u00f6nemindeki \u015fehitlerimiz var. Onlar\u0131n aziz hat\u0131ras\u0131na da sayg\u0131s\u0131zl\u0131k olmamas\u0131 gerekiyor. Bu t\u00fcr insanlara nas\u0131l izin verilir? Buras\u0131 da\u011f ba\u015f\u0131 de\u011fil, \u0130stanbul&#8217;un g\u00f6be\u011fi. Hem de \u015eehr\u00fcl-Emin\u2019in yan\u0131nda. Buna dikkat etmek, en birinci vazifesi diye d\u00fc\u015f\u00fcn\u00fcyorum. O zaman eline kazma alan her yeri kazs\u0131n. \u00d6yle bir \u015fey olabilir mi? Devletin ve belediyenin kurallar\u0131 olmas\u0131 gerekiyor.&#8221;<\/p>\n\n<p><\/p>\n<p>Kaynak :\u00a0<span style=\"background-color: rgb(255, 249, 236); color: rgb(55, 58, 60); font-size: 14px;\">http:\/\/www.milliyet.com.tr\/gundem\/istanbulun-gobeginde-sok-goruntu-istanbulun-fethi-sirasinda-sehit-olan-askerin-mezarini-kazdi-7150388<\/span><\/p>\n","protected":false},"excerpt":{"rendered":"<p>\u0130stanbul&#8217;un fethi s\u0131ras\u0131nda \u015fehit olan askerlerin defnedildi\u011fi On Sekiz Sekbanlar \u015eehitli\u011fi&#8217;nde define bulmak amac\u0131yla g\u00fcnd\u00fcz vakti yap\u0131lan kaz\u0131 g\u00fcvenlik kameras\u0131nca kaydedildi.<\/p>\n","protected":false},"author":1,"featured_media":89673,"comment_status":"open","ping_status":"open","sticky":false,"template":"","format":"standard","meta":{"footnotes":""},"categories":[3],"tags":[5701,5700,179,2130,910],"class_list":["post-89672","post","type-post","status-publish","format-standard","has-post-thumbnail","hentry","category-guncel","tag-burasi","tag-define","tag-istanbul","tag-sehit","tag-tarihi"],"_links":{"self":[{"href":"https:\/\/kamucalisani.net\/index.php\/wp-json\/wp\/v2\/posts\/89672","targetHints":{"allow":["GET"]}}],"collection":[{"href":"https:\/\/kamucalisani.net\/index.php\/wp-json\/wp\/v2\/posts"}],"about":[{"href":"https:\/\/kamucalisani.net\/index.php\/wp-json\/wp\/v2\/types\/post"}],"author":[{"embeddable":true,"href":"https:\/\/kamucalisani.net\/index.php\/wp-json\/wp\/v2\/users\/1"}],"replies":[{"embeddable":true,"href":"https:\/\/kamucalisani.net\/index.php\/wp-json\/wp\/v2\/comments?post=89672"}],"version-history":[{"count":1,"href":"https:\/\/kamucalisani.net\/index.php\/wp-json\/wp\/v2\/posts\/89672\/revisions"}],"predecessor-version":[{"id":89678,"href":"https:\/\/kamucalisani.net\/index.php\/wp-json\/wp\/v2\/posts\/89672\/revisions\/89678"}],"wp:featuredmedia":[{"embeddable":true,"href":"https:\/\/kamucalisani.net\/index.php\/wp-json\/wp\/v2\/media\/89673"}],"wp:attachment":[{"href":"https:\/\/kamucalisani.net\/index.php\/wp-json\/wp\/v2\/media?parent=89672"}],"wp:term":[{"taxonomy":"category","embeddable":true,"href":"https:\/\/kamucalisani.net\/index.php\/wp-json\/wp\/v2\/categories?post=89672"},{"taxonomy":"post_tag","embeddable":true,"href":"https:\/\/kamucalisani.net\/index.php\/wp-json\/wp\/v2\/tags?post=89672"}],"curies":[{"name":"wp","href":"https:\/\/api.w.org\/{rel}","templated":true}]}}