{"id":90020,"date":"2024-09-01T10:24:05","date_gmt":"2024-09-01T10:24:05","guid":{"rendered":"https:\/\/kamucalisani.net\/?p=90020"},"modified":"2024-09-01T10:24:05","modified_gmt":"2024-09-01T10:24:05","slug":"altayda-gokhan-karaaslan-donemi-basladi","status":"publish","type":"post","link":"https:\/\/kamucalisani.net\/index.php\/2024\/09\/01\/altayda-gokhan-karaaslan-donemi-basladi\/","title":{"rendered":"Altay&#8217;da G\u00f6khan Karaaslan d\u00f6nemi ba\u015flad\u0131!"},"content":{"rendered":"<p><p>TFF 2&#8217;nci Lig ekiplerinden Altay&#8217;da teknik direkt\u00f6rl\u00fck g\u00f6revine C\u00fcneyt Bi\u00e7er&#8217;in yerine G\u00f6khan Karaaslan getirildi.<\/p>\n<p>Gaziemir Vali Kutlu Akta\u015f Tesisleri&#8217;nde d\u00fczenlenen imza t\u00f6renine Ba\u015fkan S\u00fcleyman \u00d6zkaral kat\u0131ld\u0131. Siyah-beyazl\u0131 kul\u00fcpten yap\u0131lan a\u00e7\u0131klamada, &#8220;Y\u00f6netim kurulumuz, kul\u00fcb\u00fcm\u00fcz\u00fcn A tak\u0131m teknik direkt\u00f6rl\u00fc\u011f\u00fc i\u00e7in yap\u0131lan g\u00f6r\u00fc\u015fmelerde S\u00fcleyman G\u00f6khan Karaaslan ile anla\u015ft\u0131. G\u00f6khan Karaaslan, 2020-21 sezonunda TFF 1&#8217;inci Lig\u2019den S\u00fcper Lig&#8217;e \u00e7\u0131kan ve 2021-22 sezonunda S\u00fcper Lig&#8217;de m\u00fccadele etti\u011fimiz sezon teknik direkt\u00f6rl\u00fc\u011f\u00fcm\u00fcz\u00fc yapan Mustafa Denizli&#8217;nin ekibinde A tak\u0131m antren\u00f6r\u00fc olarak g\u00f6rev alm\u0131\u015ft\u0131. Teknik direkt\u00f6r\u00fcm\u00fcz G\u00f6khan Karaaslan&#8217;a ba\u015far\u0131lar dileriz&#8221; denildi.<\/p>\n\n<p><\/p>\n<p>Kaynak :\u00a0<span style=\"background-color: rgb(255, 249, 236); color: rgb(55, 58, 60); font-size: 14px;\">http:\/\/www.milliyet.com.tr\/skorer\/altayda-gokhan-karaaslan-donemi-basladi-7150590<\/span><\/p>\n","protected":false},"excerpt":{"rendered":"<p>Altay&#8217;da C\u00fcneyt Bi\u00e7er&#8217;den bo\u015falan teknik direkt\u00f6rl\u00fck g\u00f6revine G\u00f6khan Karaaslan getirildi.<\/p>\n","protected":false},"author":1,"featured_media":90021,"comment_status":"open","ping_status":"open","sticky":false,"template":"","format":"standard","meta":{"footnotes":""},"categories":[7],"tags":[],"class_list":["post-90020","post","type-post","status-publish","format-standard","has-post-thumbnail","hentry","category-spor"],"_links":{"self":[{"href":"https:\/\/kamucalisani.net\/index.php\/wp-json\/wp\/v2\/posts\/90020","targetHints":{"allow":["GET"]}}],"collection":[{"href":"https:\/\/kamucalisani.net\/index.php\/wp-json\/wp\/v2\/posts"}],"about":[{"href":"https:\/\/kamucalisani.net\/index.php\/wp-json\/wp\/v2\/types\/post"}],"author":[{"embeddable":true,"href":"https:\/\/kamucalisani.net\/index.php\/wp-json\/wp\/v2\/users\/1"}],"replies":[{"embeddable":true,"href":"https:\/\/kamucalisani.net\/index.php\/wp-json\/wp\/v2\/comments?post=90020"}],"version-history":[{"count":1,"href":"https:\/\/kamucalisani.net\/index.php\/wp-json\/wp\/v2\/posts\/90020\/revisions"}],"predecessor-version":[{"id":90022,"href":"https:\/\/kamucalisani.net\/index.php\/wp-json\/wp\/v2\/posts\/90020\/revisions\/90022"}],"wp:featuredmedia":[{"embeddable":true,"href":"https:\/\/kamucalisani.net\/index.php\/wp-json\/wp\/v2\/media\/90021"}],"wp:attachment":[{"href":"https:\/\/kamucalisani.net\/index.php\/wp-json\/wp\/v2\/media?parent=90020"}],"wp:term":[{"taxonomy":"category","embeddable":true,"href":"https:\/\/kamucalisani.net\/index.php\/wp-json\/wp\/v2\/categories?post=90020"},{"taxonomy":"post_tag","embeddable":true,"href":"https:\/\/kamucalisani.net\/index.php\/wp-json\/wp\/v2\/tags?post=90020"}],"curies":[{"name":"wp","href":"https:\/\/api.w.org\/{rel}","templated":true}]}}