{"id":90036,"date":"2024-09-01T11:24:10","date_gmt":"2024-09-01T11:24:10","guid":{"rendered":"https:\/\/kamucalisani.net\/?p=90036"},"modified":"2024-09-01T11:24:10","modified_gmt":"2024-09-01T11:24:10","slug":"pes-pese-orman-yangini-haberleri-mucadele-suruyor","status":"publish","type":"post","link":"https:\/\/kamucalisani.net\/index.php\/2024\/09\/01\/pes-pese-orman-yangini-haberleri-mucadele-suruyor\/","title":{"rendered":"Pe\u015f pe\u015fe orman yang\u0131n\u0131 haberleri! M\u00fccadele s\u00fcr\u00fcyor"},"content":{"rendered":"<p><p>Hava s\u0131cakl\u0131klar\u0131n\u0131n artmas\u0131 ile beraber yang\u0131n haberleri de gelmeye ba\u015flad\u0131. \u0130zmir\u2019in Bornova il\u00e7esinde \u00e7\u0131kan orman yang\u0131n\u0131nda alevlerin ula\u015ft\u0131\u011f\u0131 k\u0131rsal Be\u015fyol ile Sarn\u0131\u00e7 mahalleleri bo\u015falt\u0131ld\u0131.<\/p>\n<section>\n<div>\n<div> <span>18:27<\/span> <span>03 Temmuz 2024<\/span> <\/p>\n<div> BALIKES\u0130R&#8217;DE ORMAN YANGINI <\/div>\n<div>\n<p>Bal\u0131kesir\u2019in Kepsut il\u00e7esi Karahaliller Mahallesi&#8217;ndeki arazide, saat 14.30 s\u0131ralar\u0131nda yang\u0131n \u00e7\u0131kt\u0131. Alevler, yak\u0131ndaki ormana da s\u0131\u00e7rad\u0131. \u0130hbar \u00fczerine b\u00f6lgeye u\u00e7ak, helikopter ve araz\u00f6zler sevk edildi. Yang\u0131n\u0131n kontrol alt\u0131na al\u0131nmas\u0131 amac\u0131yla havadan ve karadan m\u00fcdahale ediliyor.<\/p>\n<p><img decoding=\"async\" src=\"https:\/\/kamucalisani.net\/wp-content\/uploads\/2024\/09\/pes-pese-orman-yangini-haberleri-mucadele-suruyor-0-VaJYQrSr.jpg\"\/><\/img><\/p>\n<\/div>\n<div>\n<div>\n<div> <span> <img decoding=\"async\" src=\"https:\/\/kamucalisani.net\/wp-content\/uploads\/2024\/09\/pes-pese-orman-yangini-haberleri-mucadele-suruyor-1-e5eqREOx.jpg\"\/><\/img> <\/span> <\/div>\n<\/p><\/div>\n<\/p><\/div>\n<\/p><\/div>\n<div> <span>18:26<\/span> <span>03 Temmuz 2024<\/span> <\/p>\n<div> TSK&#8217;YA A\u0130T HEL\u0130KOPTER DESTEK SA\u011eLIYOR <\/div>\n<div>\n<p>MSB&#8217;den yap\u0131lan a\u00e7\u0131klamada \u015fu ifadeler yer ald\u0131: T\u00fcrk Silahl\u0131 Kuvvetlerimize ait 3 adet AS-532 tipi helikopter, \u0130zmir&#8217;in Bornova il\u00e7esinde devam eden yang\u0131n s\u00f6nd\u00fcrme \u00e7al\u0131\u015fmalar\u0131na havadan destek sa\u011fl\u0131yor.<\/p>\n<\/div>\n<div>\n<div>\n<div> <span> <img decoding=\"async\" src=\"https:\/\/kamucalisani.net\/wp-content\/uploads\/2024\/09\/pes-pese-orman-yangini-haberleri-mucadele-suruyor-1-e5eqREOx.jpg\"\/><\/img> <\/span> <\/div>\n<\/p><\/div>\n<\/p><\/div>\n<\/p><\/div>\n<div> <span>03 Temmuz 2024<\/span> <\/p>\n<div> KARA YOLU TEDB\u0130R AMA\u00c7LI KAPATILDI <\/div>\n<div>\n<p>\u0130zmir&#8217;in Bornova il\u00e7esinde ormanda \u00e7\u0131kan yang\u0131na takviye ekipler sevk edildi. Alevlere \u015fu an 6 u\u00e7ak ve 9 helikopterle havadan, 25 araz\u00f6z, 8 su ikmal arac\u0131, 4 dozer, 4 yer ekibiyle de karadan m\u00fcdahale s\u00fcr\u00fcyor. Yang\u0131n nedeniyle \u0130zmir-Manisa kara yolu tedbir amac\u0131yla trafi\u011fe kapat\u0131ld\u0131.<\/p>\n<p><img decoding=\"async\" src=\"https:\/\/kamucalisani.net\/wp-content\/uploads\/2024\/09\/pes-pese-orman-yangini-haberleri-mucadele-suruyor-3-iOh48dH8.jpg\"\/><\/img><\/p>\n<p>\u00a0<\/p>\n<\/div>\n<div>\n<div>\n<div> <span> <img decoding=\"async\" src=\"https:\/\/kamucalisani.net\/wp-content\/uploads\/2024\/09\/pes-pese-orman-yangini-haberleri-mucadele-suruyor-1-e5eqREOx.jpg\"\/><\/img> <\/span> <\/div>\n<\/p><\/div>\n<\/p><\/div>\n<\/p><\/div>\n<div> <span>18:26<\/span> <span>03 Temmuz 2024<\/span> <\/p>\n<div> 2 MAHALLE BO\u015eALTILDI <\/div>\n<div>\n<p>\u0130zmir\u2019in Bornova il\u00e7esinde \u00e7\u0131kan orman yang\u0131n\u0131nda alevlerin ula\u015ft\u0131\u011f\u0131 k\u0131rsal Be\u015fyol ile Sarn\u0131\u00e7 mahalleleri bo\u015falt\u0131ld\u0131. \u0130zmir Valisi S\u00fcleyman Elban, &#8220;Yang\u0131n \u00e7\u0131kt\u0131ktan k\u0131sa s\u00fcre sonra Be\u015fyol ile Sarn\u0131\u00e7 k\u00f6ylerine yay\u0131ld\u0131, civar\u0131ndaki orman da yanmaya ba\u015flad\u0131. Havadan ve karadan bir\u00e7ok ekip yang\u0131na m\u00fcdahale ediyor. 15 hava arac\u0131 var daha fazla alam\u0131yoruz \u00e7\u00fcnk\u00fc alan dar. Jandarma tedbirlerini ald\u0131. Her iki k\u00f6y\u00fc de bo\u015faltt\u0131k. Be\u015fyol&#8217;da 3, Sarn\u0131\u00e7&#8217;ta ise 4 ev zarar g\u00f6rd\u00fc. \u00c7ok \u015f\u00fck\u00fcr yaral\u0131m\u0131z ve can kayb\u0131m\u0131z yok. Ekipler, genel anlamda da yang\u0131n\u0131 tutmak \u00fczereler&#8221; dedi.<\/p>\n<p>\u00d6te yandan orman ve AFAD ekipleri b\u00f6lgedeki baz\u0131 k\u00fcmes ve a\u011f\u0131llardaki hayvanlar\u0131 tahliye etti.<\/p>\n<\/div>\n<div>\n<div>\n<div> <span> <img decoding=\"async\" src=\"https:\/\/kamucalisani.net\/wp-content\/uploads\/2024\/09\/pes-pese-orman-yangini-haberleri-mucadele-suruyor-1-e5eqREOx.jpg\"\/><\/img> <\/span> <\/div>\n<\/p><\/div>\n<\/p><\/div>\n<\/p><\/div>\n<div> <span>18:26<\/span> <span>03 Temmuz 2024<\/span> <\/p>\n<div> SABUNCUBEL\u0130 T\u00dcNELLER\u0130 TRAF\u0130\u011eE KAPATILDI <\/div>\n<div>\n<p>\u00d6te yandan, \u0130zmir ve Manisa aras\u0131nda ula\u015f\u0131m\u0131 sa\u011flayan Sabuncubeli T\u00fcnelleri yo\u011fun duman sebebi ile trafi\u011fe kapat\u0131ld\u0131.\u00a0<\/p>\n<\/div>\n<div>\n<div>\n<div> <span> <img decoding=\"async\" src=\"https:\/\/kamucalisani.net\/wp-content\/uploads\/2024\/09\/pes-pese-orman-yangini-haberleri-mucadele-suruyor-1-e5eqREOx.jpg\"\/><\/img> <\/span> <\/div>\n<\/p><\/div>\n<\/p><\/div>\n<\/p><\/div>\n<\/p><\/div>\n<div>\n<div> <img decoding=\"async\" src=\"https:\/\/kamucalisani.net\/wp-content\/uploads\/2024\/09\/pes-pese-orman-yangini-haberleri-mucadele-suruyor-7-Z1RP3VrJ.jpg\"\/><\/img> <\/p>\n<p><b>Canl\u0131 Anlat\u0131m \u00d6zeti<\/b><\/p>\n<\/div>\n<ul>\n<li> <img decoding=\"async\" src=\"https:\/\/kamucalisani.net\/wp-content\/uploads\/2024\/09\/pes-pese-orman-yangini-haberleri-mucadele-suruyor-8-aMsDUyka.jpg\"\/><\/img> TSK&#8217;YA A\u0130T HEL\u0130KOPTER DESTEK SA\u011eLIYOR <\/li>\n<li> <img decoding=\"async\" src=\"https:\/\/kamucalisani.net\/wp-content\/uploads\/2024\/09\/pes-pese-orman-yangini-haberleri-mucadele-suruyor-8-aMsDUyka.jpg\"\/><\/img> KARA YOLU TEDB\u0130R AMA\u00c7LI KAPATILDI <\/li>\n<li> <img decoding=\"async\" src=\"https:\/\/kamucalisani.net\/wp-content\/uploads\/2024\/09\/pes-pese-orman-yangini-haberleri-mucadele-suruyor-8-aMsDUyka.jpg\"\/><\/img> 2 MAHALLE BO\u015eALTILDI <\/li>\n<li> <img decoding=\"async\" src=\"https:\/\/kamucalisani.net\/wp-content\/uploads\/2024\/09\/pes-pese-orman-yangini-haberleri-mucadele-suruyor-8-aMsDUyka.jpg\"\/><\/img> SABUNCUBEL\u0130 T\u00dcNELLER\u0130 TRAF\u0130\u011eE KAPATILDI <\/li>\n<li> <img decoding=\"async\" src=\"https:\/\/kamucalisani.net\/wp-content\/uploads\/2024\/09\/pes-pese-orman-yangini-haberleri-mucadele-suruyor-8-aMsDUyka.jpg\"\/><\/img> BALIKES\u0130R&#8217;DE ORMAN YANGINI <\/li>\n<\/ul><\/div>\n<\/section>\n<p>\u00a0<\/p>\n<p>\u00a0<\/p>\n<p>\u00a0<\/p>\n<p>\u00a0<\/p>\n<p>\u00a0<\/p>\n<p>\u00a0<\/p>\n<p>\u00a0<\/p>\n<p>.<\/p>\n<p>\u00a0<\/p>\n\n<p><\/p>\n<p>Kaynak :\u00a0<span style=\"background-color: rgb(255, 249, 236); color: rgb(55, 58, 60); font-size: 14px;\">http:\/\/www.milliyet.com.tr\/gundem\/live-manisa-somada-orman-yangini-mudahale-devam-ediyor-7150425<\/span><\/p>\n","protected":false},"excerpt":{"rendered":"<p>Hava s\u0131cakl\u0131klar\u0131n\u0131n artmas\u0131 ile beraber yang\u0131n haberleri de gelmeye ba\u015flad\u0131. \u0130zmir\u2019in Bornova il\u00e7esinde \u00e7\u0131kan orman yang\u0131n\u0131nda alevlerin ula\u015ft\u0131\u011f\u0131 k\u0131rsal Be\u015fyol ile Sarn\u0131\u00e7 mahalleleri bo\u015falt\u0131ld\u0131.<\/p>\n","protected":false},"author":1,"featured_media":90037,"comment_status":"open","ping_status":"open","sticky":false,"template":"","format":"standard","meta":{"footnotes":""},"categories":[3],"tags":[1387,5735,658,831,768],"class_list":["post-90036","post","type-post","status-publish","format-standard","has-post-thumbnail","hentry","category-guncel","tag-izmir","tag-kapatildi","tag-kara","tag-orman","tag-yangin"],"_links":{"self":[{"href":"https:\/\/kamucalisani.net\/index.php\/wp-json\/wp\/v2\/posts\/90036","targetHints":{"allow":["GET"]}}],"collection":[{"href":"https:\/\/kamucalisani.net\/index.php\/wp-json\/wp\/v2\/posts"}],"about":[{"href":"https:\/\/kamucalisani.net\/index.php\/wp-json\/wp\/v2\/types\/post"}],"author":[{"embeddable":true,"href":"https:\/\/kamucalisani.net\/index.php\/wp-json\/wp\/v2\/users\/1"}],"replies":[{"embeddable":true,"href":"https:\/\/kamucalisani.net\/index.php\/wp-json\/wp\/v2\/comments?post=90036"}],"version-history":[{"count":1,"href":"https:\/\/kamucalisani.net\/index.php\/wp-json\/wp\/v2\/posts\/90036\/revisions"}],"predecessor-version":[{"id":90051,"href":"https:\/\/kamucalisani.net\/index.php\/wp-json\/wp\/v2\/posts\/90036\/revisions\/90051"}],"wp:featuredmedia":[{"embeddable":true,"href":"https:\/\/kamucalisani.net\/index.php\/wp-json\/wp\/v2\/media\/90037"}],"wp:attachment":[{"href":"https:\/\/kamucalisani.net\/index.php\/wp-json\/wp\/v2\/media?parent=90036"}],"wp:term":[{"taxonomy":"category","embeddable":true,"href":"https:\/\/kamucalisani.net\/index.php\/wp-json\/wp\/v2\/categories?post=90036"},{"taxonomy":"post_tag","embeddable":true,"href":"https:\/\/kamucalisani.net\/index.php\/wp-json\/wp\/v2\/tags?post=90036"}],"curies":[{"name":"wp","href":"https:\/\/api.w.org\/{rel}","templated":true}]}}