{"id":90062,"date":"2024-09-01T12:12:05","date_gmt":"2024-09-01T12:12:05","guid":{"rendered":"https:\/\/kamucalisani.net\/?p=90062"},"modified":"2024-09-01T12:12:05","modified_gmt":"2024-09-01T12:12:05","slug":"a-milli-futbol-takiminin-avusturya-maci-rekorlari-beraberinde-getirdi","status":"publish","type":"post","link":"https:\/\/kamucalisani.net\/index.php\/2024\/09\/01\/a-milli-futbol-takiminin-avusturya-maci-rekorlari-beraberinde-getirdi\/","title":{"rendered":"A Milli Futbol Tak\u0131m\u0131&#8217;n\u0131n Avusturya ma\u00e7\u0131 rekorlar\u0131 beraberinde getirdi!"},"content":{"rendered":"<p><p>A Milli Futbol Tak\u0131m\u0131, 2024 Avrupa \u015eampiyonas\u0131 son 16 turunda Avusturya&#8217;y\u0131 2-1 yenip \u00e7eyrek finale y\u00fckselirken, futbolcular da bir\u00e7ok ilke imza att\u0131.<\/p>\n<p>Avusturya kar\u015f\u0131s\u0131nda 90 dakika sahada kalan Merih Demiral, Abd\u00fclkerim Bardakc\u0131, Kaan Ayhan, Mert M\u00fcld\u00fcr, Ferdi Kad\u0131o\u011flu ve Bar\u0131\u015f Alper Y\u0131lmaz, hakemin son d\u00fcd\u00fc\u011f\u00fcyle birlikte kendilerini saha zeminine b\u0131rak\u0131rken, saha i\u00e7inde \u00e7eyrek finale y\u00fckselmenin sevinci ya\u015fand\u0131.<\/p>\n<p>Kar\u015f\u0131la\u015fma boyunca y\u00fcksek efor sarf eden milliler, ma\u00e7 boyunca 114,3 kilometre mesafe kat etti. Ay-y\u0131ld\u0131zl\u0131lar, turnuvada oynad\u0131\u011f\u0131 4 kar\u015f\u0131la\u015fmada 453,1 kilometre ko\u015farken, ma\u00e7 ba\u015f\u0131na 113 kilometre ortalama yakalad\u0131. Milliler, Avusturya kar\u015f\u0131s\u0131nda ortalaman\u0131n \u00fczerinde ko\u015fu mesafesine ula\u015ft\u0131.<\/p>\n<p><strong>MER\u0130H&#8217;TEN 40 YIL SONRA B\u0130R \u0130LK<\/strong><\/p>\n<p>A Milli Tak\u0131m&#8217;\u0131 galibiyete ta\u015f\u0131yan golleri kaydeden savunma oyuncusu Merih Demiral, 40 y\u0131l sonra Avrupa \u015eampiyonas\u0131&#8217;nda bir ma\u00e7ta 2 gol atmay\u0131 ba\u015faran ilk savunma oyuncusu oldu. Merih&#8217;ten \u00f6nce 1984 y\u0131l\u0131ndaki organizasyonda Fransa formas\u0131 giyen defans Jean-Fran\u00e7ois Domergue, Portekiz ma\u00e7\u0131nda 2 gol atm\u0131\u015ft\u0131.<\/p>\n<p>B\u00fcy\u00fck turnuvalarda ise bir savunma oyuncusunun 2 gol att\u0131\u011f\u0131 son organizasyon 1998 D\u00fcnya Kupas\u0131. Fransa&#8217;n\u0131n savunma oyuncular\u0131ndan Lilian Thuram, H\u0131rvatistan ma\u00e7\u0131nda kaydetti\u011fi 2 golle tak\u0131m\u0131n\u0131n 2-1 kazanmas\u0131n\u0131 sa\u011flam\u0131\u015ft\u0131.<\/p>\n<p>Merih Demiral ayn\u0131 zamanda 2008 Avrupa \u015eampiyonas\u0131&#8217;nda \u00c7ekya ile oynanan kar\u015f\u0131la\u015fmada 2 gol atan Nihat Kahveci&#8217;yi de yakalayarak, milli formayla Avrupa \u015eampiyonas\u0131&#8217;nda bir ma\u00e7ta 2 gol atmay\u0131 ba\u015faran ikinci futbolcu oldu.<\/p>\n<p><strong>ARDA G\u00dcLER TAR\u0130HE GE\u00c7T\u0130<\/strong><\/p>\n<p>Avusturya kar\u015f\u0131s\u0131nda Merih Demiral&#8217;\u0131n kaydetti\u011fi ikinci golde asisti yapan 19 ya\u015f\u0131ndaki y\u0131ld\u0131z Arda G\u00fcler, Avrupa Futbol \u015eampiyonas\u0131 tarihine ge\u00e7ti.<\/p>\n<p>Arda G\u00fcler, 20 ya\u015f\u0131n alt\u0131nda olup Avrupa \u015eampiyonas\u0131&#8217;nda hem gol at\u0131p hem de asist yapan \u00fc\u00e7\u00fcnc\u00fc \u00fcnvan\u0131n\u0131 ald\u0131.<\/p>\n<p>Bu ba\u015far\u0131y\u0131 2004 y\u0131l\u0131ndaki organizasyonda \u0130ngiltere&#8217;den Wayne Rooney ve Portekiz&#8217;den Cristiano Ronaldo yakalam\u0131\u015ft\u0131.<\/p>\n<p>D\u00fcn ak\u015fam oynanan kar\u015f\u0131la\u015fman\u0131n biti\u015f d\u00fcd\u00fc\u011f\u00fcyle birlikte futbolcular kendilerini yere b\u0131rak\u0131rken, en \u00e7ok mesafe kat eden isimlerden olan Ferdi Kad\u0131o\u011flu ve Bar\u0131\u015f Alper Y\u0131lmaz, A Milli Futbol Tak\u0131m\u0131&#8217;nda en fazla s\u00fcre alan oyuncular oldu.<\/p>\n<p>Her iki futbolcu da milli tak\u0131m\u0131n sahaya \u00e7\u0131kt\u0131\u011f\u0131 4 ma\u00e7ta 90&#8217;ar dakika sahada kalarak toplamda 360 dakika forma giydi.<\/p>\n<p><strong>EN \u00c7OK TEHL\u0130KE UZAKLA\u015eTIRAN TAKIMIZ<\/strong><\/p>\n<p>\u200b\u200b\u200b\u200b\u200b\u200b\u200bA Milli Futbol Tak\u0131m\u0131, Avusturya kar\u015f\u0131s\u0131nda 56 kez tehlike uzakla\u015ft\u0131r\u0131rken bu anlamda organizasyonda tehlikeyi en fazla savu\u015fturan yapan tak\u0131m oldu.<\/p>\n<p>Millilerde Merih-Kaan-Abd\u00fclkerim \u00fc\u00e7l\u00fcs\u00fc, toplamda 38 uzakla\u015ft\u0131rma yaparken, Merih 17 uzakla\u015ft\u0131rmayla ilk s\u0131raya \u00e7\u0131kt\u0131.<\/p>\n<p>Merih Demiral, ula\u015ft\u0131\u011f\u0131 bu say\u0131yla, A Milli Tak\u0131m formas\u0131yla bir Avrupa \u015eampiyonas\u0131&#8217;nda en fazla tehlike savu\u015fturan futbolcu olmay\u0131 ba\u015fard\u0131.<\/p>\n<p><strong>FERD\u0130 KADIO\u011eLU L\u0130STEDE TEK BA\u015eINA<\/strong><\/p>\n<p>A Milli Tak\u0131m&#8217;\u0131n turnuvadaki en \u00f6nemli isimlerinden Ferdi Kad\u0131o\u011flu, yakalad\u0131\u011f\u0131 istatistiklerle dikkati \u00e7ekti.<\/p>\n<p>2024 Avrupa \u015eampiyonas\u0131&#8217;nda 5 ve \u00fczerinde ikili m\u00fccadele kazanan (28), \u015fut pas\u0131 veren (11), \u00e7al\u0131m atan (5), top kapan (10) ve pas aras\u0131 yapan (7) Ferdi Kad\u0131o\u011flu, bu anlamda organizasyondaki tek futbolcu oldu.<\/p>\n<p>Avusturya m\u00fcsabakas\u0131nda uzatma dakikalar\u0131nda Baumgartner&#8217;\u0131n kafa vuru\u015funda gole izin vermeyen Mert G\u00fcnok da y\u00fczde 80&#8217;lik kurtar\u0131\u015f y\u00fczdesiyle milli tak\u0131m formas\u0131 alt\u0131nda R\u00fc\u015ft\u00fc Re\u00e7ber&#8217;in ard\u0131ndan bir Avrupa \u015eampiyonas\u0131&#8217;nda en y\u00fcksek y\u00fczdeye ula\u015fan isim oldu. R\u00fc\u015ft\u00fc Re\u00e7ber, 2000 Avrupa \u015eampiyonas\u0131&#8217;nda bir ma\u00e7ta y\u00fczde 85&#8217;lik kurtar\u0131\u015f y\u00fczdesine ula\u015fm\u0131\u015ft\u0131.<\/p>\n<p><strong>EN BA\u015eARILI \u00dc\u00c7\u00dcNC\u00dc TAKIMIZ<\/strong><\/p>\n<p>Avusturya kar\u015f\u0131s\u0131nda 2-1 kazanarak organizasyonda \u00e7\u0131kt\u0131\u011f\u0131 4. ma\u00e7ta \u00fc\u00e7\u00fcnc\u00fc galibiyetini elde eden A Milli Futbol Tak\u0131m\u0131, turnuvan\u0131n en ba\u015far\u0131l\u0131 \u00fc\u00e7\u00fcnc\u00fc ekibi konumuna y\u00fckseldi.<\/p>\n<p>\u00c7\u0131kt\u0131\u011f\u0131 4 ma\u00e7ta 4 galibiyet alan \u0130spanya bunu ba\u015faran tek ekip olurken, 4 ma\u00e7ta 3 galibiyet ve 1 beraberlik alan ev sahibi Almanya ise ikinci s\u0131rada yer ald\u0131. Ay-y\u0131ld\u0131zl\u0131lar; G\u00fcrcistan, \u00c7ekya ve Avusturya&#8217;y\u0131 yenerken, tek yenilgisini grup ma\u00e7lar\u0131nda Portekiz&#8217;e kar\u015f\u0131 alm\u0131\u015ft\u0131.<\/p>\n<p>Almanya oynad\u0131\u011f\u0131 4 ma\u00e7ta att\u0131\u011f\u0131 10 golle turnuvan\u0131n en golc\u00fc tak\u0131m\u0131 olurken, 9 gol kaydeden \u0130spanya ise ikinci s\u0131rada yer ald\u0131. 7&#8217;\u015fer gol kaydeden T\u00fcrkiye, Hollanda, \u0130svi\u00e7re ve Avusturya ise bu anlamda \u00fc\u00e7\u00fcnc\u00fc oldu.<\/p>\n\n<p><\/p>\n<p>Kaynak :\u00a0<span style=\"background-color: rgb(255, 249, 236); color: rgb(55, 58, 60); font-size: 14px;\">http:\/\/www.milliyet.com.tr\/skorer\/a-milli-futbol-takiminin-avusturya-maci-rekorlari-beraberinde-getirdi-7150592<\/span><\/p>\n","protected":false},"excerpt":{"rendered":"<p>A Milli Futbol Tak\u0131m\u0131&#8217;n\u0131n Avusturya ma\u00e7\u0131ndaki unutulmaz performans\u0131 tarihi ba\u015far\u0131lar\u0131 beraberinde getirdi.<\/p>\n","protected":false},"author":1,"featured_media":90063,"comment_status":"open","ping_status":"open","sticky":false,"template":"","format":"standard","meta":{"footnotes":""},"categories":[7],"tags":[2420,949,289,288,263],"class_list":["post-90062","post","type-post","status-publish","format-standard","has-post-thumbnail","hentry","category-spor","tag-a-milli","tag-futbol","tag-gol","tag-mac","tag-takim"],"_links":{"self":[{"href":"https:\/\/kamucalisani.net\/index.php\/wp-json\/wp\/v2\/posts\/90062","targetHints":{"allow":["GET"]}}],"collection":[{"href":"https:\/\/kamucalisani.net\/index.php\/wp-json\/wp\/v2\/posts"}],"about":[{"href":"https:\/\/kamucalisani.net\/index.php\/wp-json\/wp\/v2\/types\/post"}],"author":[{"embeddable":true,"href":"https:\/\/kamucalisani.net\/index.php\/wp-json\/wp\/v2\/users\/1"}],"replies":[{"embeddable":true,"href":"https:\/\/kamucalisani.net\/index.php\/wp-json\/wp\/v2\/comments?post=90062"}],"version-history":[{"count":1,"href":"https:\/\/kamucalisani.net\/index.php\/wp-json\/wp\/v2\/posts\/90062\/revisions"}],"predecessor-version":[{"id":90064,"href":"https:\/\/kamucalisani.net\/index.php\/wp-json\/wp\/v2\/posts\/90062\/revisions\/90064"}],"wp:featuredmedia":[{"embeddable":true,"href":"https:\/\/kamucalisani.net\/index.php\/wp-json\/wp\/v2\/media\/90063"}],"wp:attachment":[{"href":"https:\/\/kamucalisani.net\/index.php\/wp-json\/wp\/v2\/media?parent=90062"}],"wp:term":[{"taxonomy":"category","embeddable":true,"href":"https:\/\/kamucalisani.net\/index.php\/wp-json\/wp\/v2\/categories?post=90062"},{"taxonomy":"post_tag","embeddable":true,"href":"https:\/\/kamucalisani.net\/index.php\/wp-json\/wp\/v2\/tags?post=90062"}],"curies":[{"name":"wp","href":"https:\/\/api.w.org\/{rel}","templated":true}]}}