{"id":90286,"date":"2024-09-02T00:36:06","date_gmt":"2024-09-02T00:36:06","guid":{"rendered":"https:\/\/kamucalisani.net\/?p=90286"},"modified":"2024-09-02T00:36:06","modified_gmt":"2024-09-02T00:36:06","slug":"facebook-logosunu-degistirdi-meta-teknik-hata-aciklamasi-yapti","status":"publish","type":"post","link":"https:\/\/kamucalisani.net\/index.php\/2024\/09\/02\/facebook-logosunu-degistirdi-meta-teknik-hata-aciklamasi-yapti\/","title":{"rendered":"Facebook logosunu de\u011fi\u015ftirdi: Meta teknik hata a\u00e7\u0131klamas\u0131 yapt\u0131"},"content":{"rendered":"<p><figure> <span> <img decoding=\"async\" src=\"https:\/\/kamucalisani.net\/wp-content\/uploads\/2024\/09\/facebook-logosunu-degistirdi-meta-teknik-hata-aciklamasi-yapti-0-Ge8YnLBY.jpg\"\/> <\/span> <strong>Facebook<\/strong> kullan\u0131c\u0131lar\u0131 uygulaman\u0131n logosundaki aniden de\u011fi\u015fen tasar\u0131ma b\u00fcy\u00fck bir tepki g\u00f6sterdi. Kullan\u0131c\u0131lar\u0131n al\u0131\u015ft\u0131\u011f\u0131 klasik <strong>mavi<\/strong> ve <strong>beyaz<\/strong> tasar\u0131m yerine, simgenin siyah ve mavi bir renkte olmas\u0131 bir\u00e7ok ki\u015fiyi rahats\u0131z etti. Tepkilerin ard\u0131ndan \u015firketten a\u00e7\u0131klama geldi. <\/figure>\n<p><b>Tasar\u0131m de\u011fi\u015fikli\u011finin teknik bir hata oldu\u011fu a\u00e7\u0131kland\u0131<\/b><\/p>\n<p>Facebook kullan\u0131c\u0131lar\u0131, uygulaman\u0131n <strong>iPhone<\/strong> simgesinin\u00a0<strong>siyah ve mavi<\/strong> tasar\u0131ma ge\u00e7i\u015f yapmas\u0131 nedeniyle isyan etti. \u0130lk ba\u015fta bu durum Facebook&#8217;un marka kimli\u011fini de\u011fi\u015ftirmeye y\u00f6nelik bir \u00e7abas\u0131 olarak yorumlanm\u0131\u015ft\u0131 ancak ger\u00e7ek \u00e7ok farkl\u0131 \u00e7\u0131kt\u0131.<\/p>\n<p>Meta&#8217;n\u0131n ileti\u015fim m\u00fcd\u00fcr\u00fc Dave Arnold, konuyla alakal\u0131 yapt\u0131\u011f\u0131 a\u00e7\u0131klamada bu tasar\u0131m de\u011fi\u015fikli\u011finin yaln\u0131zca <strong>teknik bir hata<\/strong> oldu\u011funu ifade etti. Arnold, kullan\u0131c\u0131lar uygulamay\u0131 g\u00fcncellediklerinde sorunun \u00e7\u00f6z\u00fclece\u011fini ve Facebook logosunun eski haline d\u00f6nece\u011fini s\u00f6yledi. Kullan\u0131c\u0131lar, Facebook&#8217;un en son d\u00fczeltmeleri i\u00e7eren uygulama s\u00fcr\u00fcm\u00fcn\u00fc App Store&#8217;dan indirerek eski tasar\u0131ma geri d\u00f6nebilecek.<\/p>\n\n<p>Kaynak\u00a0 :\u00a0<span style=\"background-color: rgb(255, 249, 236); color: rgb(55, 58, 60); font-size: 14px;\">https:\/\/www.donanimhaber.com\/facebook-logosunu-degistirdi-meta-teknik-hata-aciklamasi-yapti&#8211;181397<\/span><\/p>\n","protected":false},"excerpt":{"rendered":"<p>Facebook kullan\u0131c\u0131lar\u0131 uygulaman\u0131n logosundaki aniden de\u011fi\u015fen tasar\u0131ma b\u00fcy\u00fck bir tepki g\u00f6sterdi. Kullan\u0131c\u0131lar\u0131n al\u0131\u015ft\u0131\u011f\u0131 klasik mavi ve beyaz tasar\u0131m yerine, simgenin siyah ve mavi bir renkte olmas\u0131 bir\u00e7ok ki\u015fiyi rahats\u0131z etti. Tepkilerin &#8230;<\/p>\n","protected":false},"author":1,"featured_media":90287,"comment_status":"open","ping_status":"open","sticky":false,"template":"","format":"standard","meta":{"footnotes":""},"categories":[8],"tags":[1705,425,435],"class_list":["post-90286","post","type-post","status-publish","format-standard","has-post-thumbnail","hentry","category-teknoloji","tag-facebook","tag-kullanicilar","tag-tasarim"],"_links":{"self":[{"href":"https:\/\/kamucalisani.net\/index.php\/wp-json\/wp\/v2\/posts\/90286","targetHints":{"allow":["GET"]}}],"collection":[{"href":"https:\/\/kamucalisani.net\/index.php\/wp-json\/wp\/v2\/posts"}],"about":[{"href":"https:\/\/kamucalisani.net\/index.php\/wp-json\/wp\/v2\/types\/post"}],"author":[{"embeddable":true,"href":"https:\/\/kamucalisani.net\/index.php\/wp-json\/wp\/v2\/users\/1"}],"replies":[{"embeddable":true,"href":"https:\/\/kamucalisani.net\/index.php\/wp-json\/wp\/v2\/comments?post=90286"}],"version-history":[{"count":1,"href":"https:\/\/kamucalisani.net\/index.php\/wp-json\/wp\/v2\/posts\/90286\/revisions"}],"predecessor-version":[{"id":90289,"href":"https:\/\/kamucalisani.net\/index.php\/wp-json\/wp\/v2\/posts\/90286\/revisions\/90289"}],"wp:featuredmedia":[{"embeddable":true,"href":"https:\/\/kamucalisani.net\/index.php\/wp-json\/wp\/v2\/media\/90287"}],"wp:attachment":[{"href":"https:\/\/kamucalisani.net\/index.php\/wp-json\/wp\/v2\/media?parent=90286"}],"wp:term":[{"taxonomy":"category","embeddable":true,"href":"https:\/\/kamucalisani.net\/index.php\/wp-json\/wp\/v2\/categories?post=90286"},{"taxonomy":"post_tag","embeddable":true,"href":"https:\/\/kamucalisani.net\/index.php\/wp-json\/wp\/v2\/tags?post=90286"}],"curies":[{"name":"wp","href":"https:\/\/api.w.org\/{rel}","templated":true}]}}