{"id":90297,"date":"2024-09-02T01:12:08","date_gmt":"2024-09-02T01:12:08","guid":{"rendered":"https:\/\/kamucalisani.net\/?p=90297"},"modified":"2024-09-02T01:12:08","modified_gmt":"2024-09-02T01:12:08","slug":"kastamonuda-yildirim-dustu-orman-yangini-cikti","status":"publish","type":"post","link":"https:\/\/kamucalisani.net\/index.php\/2024\/09\/02\/kastamonuda-yildirim-dustu-orman-yangini-cikti\/","title":{"rendered":"Kastamonu&#8217;da y\u0131ld\u0131r\u0131m d\u00fc\u015ft\u00fc orman yang\u0131n\u0131 \u00e7\u0131kt\u0131"},"content":{"rendered":"<p><p>Kastamonu&#8217;nun y\u0131ld\u0131r\u0131m d\u00fc\u015fmesi sebebiyle iki farkl\u0131 noktada orman yang\u0131n\u0131 \u00e7\u0131kt\u0131.<\/p>\n<p>Edinilen bilgiye g\u00f6re, ak\u015fam saatlerinde merkeze ba\u011fl\u0131 Kuzyaka b\u00f6lgesi Ko\u00e7ca\u011f\u0131z mevkisi ile \u0130hsangazi il\u00e7esine ba\u011fl\u0131 \u00d6rencik k\u00f6y\u00fc ve \u00c7atalyaz\u0131 k\u00f6y\u00fc aras\u0131nda bulunan ormanl\u0131k alanda y\u0131ld\u0131r\u0131m d\u00fc\u015fmesi sebebiyle yang\u0131n ba\u015flad\u0131. \u00c7evredekilerin haber vermesi \u00fczerine b\u00f6lgeye Kastamonu Orman B\u00f6lge M\u00fcd\u00fcrl\u00fc\u011f\u00fcne ba\u011fl\u0131 ekipler sevk edildi. Ekiplerin m\u00fcdahalesi ile \u00d6rencik k\u00f6y\u00fc ve \u00c7atalyaz\u0131 k\u00f6y\u00fc aras\u0131nda bulunan ormanl\u0131k alandaki yang\u0131n k\u0131sa s\u00fcrede kontrol alt\u0131na al\u0131nd\u0131. Ko\u00e7ca\u011f\u0131z mevkiindeki yang\u0131na ise ekiplerin m\u00fcdahalesi s\u00fcr\u00fcyor. \u00d6rencik k\u00f6y\u00fc ve \u00c7atalyaz\u0131 k\u00f6y\u00fc aras\u0131nda \u00e7\u0131kan yang\u0131nda yakla\u015f\u0131k 2 hektarl\u0131k ormanl\u0131k alan\u0131n zarar g\u00f6rd\u00fc\u011f\u00fc tahmin ediliyor.<\/p>\n<div>\n<div> <img decoding=\"async\" src=\"https:\/\/kamucalisani.net\/wp-content\/uploads\/2024\/09\/kastamonuda-yildirim-dustu-orman-yangini-cikti-0-QiidJYSp.jpg\"\/><\/img> <\/div>\n<\/p><\/div>\n<\/p>\n<p>\u00d6te yandan, bug\u00fcn Kastamonu&#8217;nun \u0130hsangazi ve Ara\u00e7 il\u00e7elerinde \u00e7\u0131kan 4 orman yang\u0131n\u0131ndan 3&#8217;\u00fc Orman B\u00f6lge M\u00fcd\u00fcrl\u00fc\u011f\u00fc ekipleri taraf\u0131ndan b\u00fcy\u00fcmeden s\u00f6nd\u00fcr\u00fcld\u00fc.<\/p>\n\n<p><\/p>\n<p>Kaynak :\u00a0<span style=\"background-color: rgb(255, 249, 236); color: rgb(55, 58, 60); font-size: 14px;\">http:\/\/www.milliyet.com.tr\/gundem\/kastamonuda-yildirim-dustu-orman-yangini-cikti-7150694<\/span><\/p>\n","protected":false},"excerpt":{"rendered":"<p>Kastamonu&#8217;da ormana y\u0131ld\u0131r\u0131m d\u00fc\u015ft\u00fc ve ard\u0131ndan yang\u0131n \u00e7\u0131kt\u0131. \u0130\u015fte detaylar&#8230;<\/p>\n","protected":false},"author":1,"featured_media":90298,"comment_status":"open","ping_status":"open","sticky":false,"template":"","format":"standard","meta":{"footnotes":""},"categories":[3],"tags":[964,831,768],"class_list":["post-90297","post","type-post","status-publish","format-standard","has-post-thumbnail","hentry","category-guncel","tag-koyu","tag-orman","tag-yangin"],"_links":{"self":[{"href":"https:\/\/kamucalisani.net\/index.php\/wp-json\/wp\/v2\/posts\/90297","targetHints":{"allow":["GET"]}}],"collection":[{"href":"https:\/\/kamucalisani.net\/index.php\/wp-json\/wp\/v2\/posts"}],"about":[{"href":"https:\/\/kamucalisani.net\/index.php\/wp-json\/wp\/v2\/types\/post"}],"author":[{"embeddable":true,"href":"https:\/\/kamucalisani.net\/index.php\/wp-json\/wp\/v2\/users\/1"}],"replies":[{"embeddable":true,"href":"https:\/\/kamucalisani.net\/index.php\/wp-json\/wp\/v2\/comments?post=90297"}],"version-history":[{"count":1,"href":"https:\/\/kamucalisani.net\/index.php\/wp-json\/wp\/v2\/posts\/90297\/revisions"}],"predecessor-version":[{"id":90300,"href":"https:\/\/kamucalisani.net\/index.php\/wp-json\/wp\/v2\/posts\/90297\/revisions\/90300"}],"wp:featuredmedia":[{"embeddable":true,"href":"https:\/\/kamucalisani.net\/index.php\/wp-json\/wp\/v2\/media\/90298"}],"wp:attachment":[{"href":"https:\/\/kamucalisani.net\/index.php\/wp-json\/wp\/v2\/media?parent=90297"}],"wp:term":[{"taxonomy":"category","embeddable":true,"href":"https:\/\/kamucalisani.net\/index.php\/wp-json\/wp\/v2\/categories?post=90297"},{"taxonomy":"post_tag","embeddable":true,"href":"https:\/\/kamucalisani.net\/index.php\/wp-json\/wp\/v2\/tags?post=90297"}],"curies":[{"name":"wp","href":"https:\/\/api.w.org\/{rel}","templated":true}]}}