{"id":90342,"date":"2024-09-02T03:48:06","date_gmt":"2024-09-02T03:48:06","guid":{"rendered":"https:\/\/kamucalisani.net\/?p=90342"},"modified":"2024-09-02T03:48:06","modified_gmt":"2024-09-02T03:48:06","slug":"dilan-polat-ve-engin-polat-cifti-icin-sorusturma-tamamlandi-3-ayri-suctan-iddianame","status":"publish","type":"post","link":"https:\/\/kamucalisani.net\/index.php\/2024\/09\/02\/dilan-polat-ve-engin-polat-cifti-icin-sorusturma-tamamlandi-3-ayri-suctan-iddianame\/","title":{"rendered":"Dilan Polat ve Engin Polat \u00e7ifti i\u00e7in soru\u015fturma tamamland\u0131! 3 ayr\u0131 su\u00e7tan iddianame"},"content":{"rendered":"<p><p>Dilan ve Engin Polat\u2019\u0131n da aralar\u0131nda bulundu\u011fu 16 \u015f\u00fcpheli hakk\u0131nda kara para aklad\u0131klar\u0131 iddias\u0131 \u00fczerine ba\u015flat\u0131lan soru\u015fturma tamamland\u0131. \u015e\u00fcpheliler i\u00e7in &#8220;su\u00e7tan kaynaklanan mal varl\u0131\u011f\u0131n\u0131 de\u011ferlerini aklama&#8221; , \u201cyasa d\u0131\u015f\u0131 bahis\u201d, \u201csu\u00e7 \u00f6rg\u00fct\u00fc kurma ve \u00fcye olma\u201d su\u00e7lar\u0131ndan iddianame d\u00fczenledi.<\/p>\n<p><strong>\u0130STENEN CEZA BELL\u0130 OLDU<\/strong><\/p>\n<p>Dilan ve Engin Polat\u2019\u0131n da aralar\u0131nda bulundu\u011fu 16 \u015f\u00fcpheli hakk\u0131nda kara para aklad\u0131klar\u0131 iddias\u0131 \u00fczerine ba\u015flat\u0131lan soru\u015fturma tamamland\u0131. \u015e\u00fcpheliler i\u00e7in \u201c\u00d6rg\u00fct yap\u0131s\u0131 i\u00e7inde su\u00e7tan kaynaklanan mal varl\u0131\u011f\u0131 de\u011ferlerini aklama\u201d, \u201cSu\u00e7 \u00f6rg\u00fct\u00fc kurma ve \u00fcye olma\u201d ve \u201cYasad\u0131\u015f\u0131 Bahis\u201d su\u00e7lar\u0131ndan 13 y\u0131ldan 27 y\u0131la kadar hapis cezas\u0131 istemiyle iddianame d\u00fczenlendi.<\/p>\n<p>Kara para aklad\u0131klar\u0131 gerek\u00e7esiyle haklar\u0131nda soru\u015fturma ba\u015flat\u0131lan Dilan ve Engin Polat\u2019\u0131n da aralar\u0131nda bulundu\u011fu 16 \u015f\u00fcpheli hakk\u0131nda y\u00fcr\u00fct\u00fclen soru\u015fturma tamamland\u0131.<\/p>\n<p><strong>3 ayr\u0131 su\u00e7la yarg\u0131lanacaklar<\/strong><\/p>\n<p>\u0130stanbul Anadolu Cumhuriyet Ba\u015fsavc\u0131l\u0131\u011f\u0131 Ter\u00f6r ve \u00d6rg\u00fctl\u00fc Su\u00e7lar Soru\u015fturma B\u00fcrosu, Dilan ve Engin Polat&#8217;\u0131n da aralar\u0131nda bulundu\u011fu \u015f\u00fcpheliler hakk\u0131nda \u201csu\u00e7tan kaynaklanan mal varl\u0131\u011f\u0131n\u0131 de\u011ferlerini aklama&#8221;, \u201cyasa d\u0131\u015f\u0131 bahis\u201d, \u201csu\u00e7 \u00f6rg\u00fct\u00fc kurma ve \u00fcye olma\u201d su\u00e7lar\u0131ndan iddianame d\u00fczenledi. Haz\u0131rlanan iddianame, Anadolu 2. Asliye Ceza Mahkemesi&#8217;ne g\u00f6nderildi.<\/p>\n<p><strong>Yarg\u0131lanma ba\u015flayacak<\/strong><\/p>\n<p>Mahkemenin iddianameyi kabul etmesinin ard\u0131ndan \u015f\u00fcphelilerin yarg\u0131lanmas\u0131na ba\u015flanacak.<\/p>\n\n<p><\/p>\n<p>Kaynak :\u00a0<span style=\"background-color: rgb(255, 249, 236); color: rgb(55, 58, 60); font-size: 14px;\">http:\/\/www.milliyet.com.tr\/gundem\/dilan-polat-ve-engin-polat-cifti-icin-sorusturma-tamamlandi-3-ayri-suctan-iddianame-7150706<\/span><\/p>\n","protected":false},"excerpt":{"rendered":"<p>Dilan Polat ve Engin Polat\u2019\u0131n da aralar\u0131nda bulundu\u011fu 16 ki\u015fi hakk\u0131nda kara para aklama su\u00e7undan ba\u015flat\u0131lan soru\u015fturma tamamland\u0131. \u0130stenen ceza da belli oldu. \u0130\u015fte detaylar&#8230;<\/p>\n","protected":false},"author":1,"featured_media":90343,"comment_status":"open","ping_status":"open","sticky":false,"template":"","format":"standard","meta":{"footnotes":""},"categories":[3],"tags":[1599,512,5750,644],"class_list":["post-90342","post","type-post","status-publish","format-standard","has-post-thumbnail","hentry","category-guncel","tag-iddianame","tag-sorusturma","tag-sucla","tag-supheli"],"_links":{"self":[{"href":"https:\/\/kamucalisani.net\/index.php\/wp-json\/wp\/v2\/posts\/90342","targetHints":{"allow":["GET"]}}],"collection":[{"href":"https:\/\/kamucalisani.net\/index.php\/wp-json\/wp\/v2\/posts"}],"about":[{"href":"https:\/\/kamucalisani.net\/index.php\/wp-json\/wp\/v2\/types\/post"}],"author":[{"embeddable":true,"href":"https:\/\/kamucalisani.net\/index.php\/wp-json\/wp\/v2\/users\/1"}],"replies":[{"embeddable":true,"href":"https:\/\/kamucalisani.net\/index.php\/wp-json\/wp\/v2\/comments?post=90342"}],"version-history":[{"count":1,"href":"https:\/\/kamucalisani.net\/index.php\/wp-json\/wp\/v2\/posts\/90342\/revisions"}],"predecessor-version":[{"id":90344,"href":"https:\/\/kamucalisani.net\/index.php\/wp-json\/wp\/v2\/posts\/90342\/revisions\/90344"}],"wp:featuredmedia":[{"embeddable":true,"href":"https:\/\/kamucalisani.net\/index.php\/wp-json\/wp\/v2\/media\/90343"}],"wp:attachment":[{"href":"https:\/\/kamucalisani.net\/index.php\/wp-json\/wp\/v2\/media?parent=90342"}],"wp:term":[{"taxonomy":"category","embeddable":true,"href":"https:\/\/kamucalisani.net\/index.php\/wp-json\/wp\/v2\/categories?post=90342"},{"taxonomy":"post_tag","embeddable":true,"href":"https:\/\/kamucalisani.net\/index.php\/wp-json\/wp\/v2\/tags?post=90342"}],"curies":[{"name":"wp","href":"https:\/\/api.w.org\/{rel}","templated":true}]}}