{"id":90367,"date":"2024-09-02T05:12:06","date_gmt":"2024-09-02T05:12:06","guid":{"rendered":"https:\/\/kamucalisani.net\/?p=90367"},"modified":"2024-09-02T05:12:06","modified_gmt":"2024-09-02T05:12:06","slug":"demiroren-medya-tv-grup-baskani-murat-yanci-erdogan-putin-zirvesinin-perde-arkasini-anlatti","status":"publish","type":"post","link":"https:\/\/kamucalisani.net\/index.php\/2024\/09\/02\/demiroren-medya-tv-grup-baskani-murat-yanci-erdogan-putin-zirvesinin-perde-arkasini-anlatti\/","title":{"rendered":"Demir\u00f6ren Medya TV Grup Ba\u015fkan\u0131 Murat Yanc\u0131 Erdo\u011fan-Putin zirvesinin perde arkas\u0131n\u0131 anlatt\u0131"},"content":{"rendered":"<p><p>Cumhurba\u015fkan\u0131 Erdo\u011fan, \u015eanghay \u0130\u015fbirli\u011fi \u00d6rg\u00fct\u00fc 24&#8217;\u00fcc\u00fc Devlet Ba\u015fkanlar\u0131 Zirvesi&#8217;ndeki temaslar\u0131 kapsam\u0131nda, Rusya Devlet Ba\u015fkan\u0131 Putin ile bir araya geldi. Demir\u00f6ren Medya TV Grup Ba\u015fkan\u0131 Yanc\u0131&#8217;n\u0131n Astana&#8217;da yap\u0131lan g\u00f6r\u00fc\u015fmelere ili\u015fkin yapt\u0131\u011f\u0131 a\u00e7\u0131klamalar \u015f\u00f6yle:<\/p>\n<p>D\u00fcnyan\u0131n g\u00f6z\u00fc buradayd\u0131. Putin ile Erdo\u011fan&#8217;\u0131n g\u00f6r\u00fc\u015fmesindeydi. Erdo\u011fan, Putin ile g\u00f6r\u00fc\u015febilen tek NATO \u00fcyesi \u00fclke lideri. Geldi\u011fimizden beri g\u00f6zlemledi\u011fim Erdo\u011fan&#8217;a y\u00f6nelik b\u00fcy\u00fck bir sayg\u0131 var hem de b\u00fcy\u00fck bir ilgi alaka var. \u00d6zellikle Rusya-Ukrayna sava\u015f\u0131yla alakal\u0131 \u00f6nemli mesajlar verdiler. T\u00fcrkiye&#8217;nin arabulucu olabilece\u011fi y\u00f6n\u00fcnde Erdo\u011fan a\u00e7\u0131klama yapt\u0131. <br \/>Ticaret, turizm konular\u0131nda 55 milyar dolarl\u0131k ticareti 100 milyar dolara \u00e7\u0131karmak noktas\u0131 konu\u015fuldu. N\u00fckleer santral konusu \u00f6zellikle Sinop&#8217;takini birlikte yapma arzusu var.<\/p>\n<p><strong>ESAD \u0130LE G\u00d6R\u00dc\u015eME OLUR MU?<\/strong><\/p>\n<p>Esad konusu g\u00fcndeme geldi mi? Evet geldi. G\u00f6r\u00fc\u015fmenin bas\u0131na yans\u0131yan bir k\u0131sm\u0131 var bir de bas\u0131na yans\u0131mayan k\u0131sm\u0131 var. Toplant\u0131 sonras\u0131 Say\u0131n Cumhurba\u015fkan\u0131&#8217;n\u0131 g\u00f6rd\u00fck. \u00c7ok keyfi ve morali yerindeydi.<\/p>\n<p>D\u0131\u015fi\u015fleri Bakan\u0131 Hakan Fidan&#8217;la sohbet etme imkan\u0131m\u0131z oldu. Cumhurba\u015fkan\u0131 D\u0131\u015f Politika ve G\u00fcvenlik Ba\u015fdan\u0131\u015fman\u0131 Akif \u00c7a\u011fatay K\u0131l\u0131\u00e7 ile sohbet ettik. Onlardan ald\u0131\u011f\u0131m izlenime g\u00f6re \u00e7ok b\u00fcy\u00fck kazan\u0131mlar var. Bug\u00fcnk\u00fc g\u00f6r\u00fc\u015fme inan\u0131lmaz olumlu ge\u00e7mi\u015f. \u0130nsanlar \u015funu bekliyorlar malum Cumhurba\u015fkan\u0131 Erdo\u011fan da belirtti, Esad ile g\u00f6r\u00fc\u015febilece\u011fini ama bu beyanla belli olmuyor kar\u015f\u0131daki muhatab\u0131n da ayn\u0131 noktada olmas\u0131 gerekiyor. Benim ald\u0131\u011f\u0131m izlenim belli bir tarih \u015fu an i\u00e7in yok. Bu benim yorumum.<\/p>\n<p>Burada Rusya ve \u0130ran T\u00fcrkiye&#8217;nin Cumhurba\u015fkan\u0131 Erdo\u011fan&#8217;\u0131n Esad ile kar\u015f\u0131 kar\u015f\u0131ya oturup sorunlar\u0131 \u00e7\u00f6zmesini \u00e7ok da istekli g\u00f6r\u00fcnm\u00fcyor. Son tahlilde onlar b\u00fcy\u00fck abi rol\u00fcn\u00fc s\u00fcrd\u00fcrmek istiyor. Esad ile birebir g\u00f6r\u00fc\u015f\u00fclmeye ba\u015fland\u0131\u011f\u0131nda Rusya biraz kenara \u00e7ekilmi\u015f olacak ama \u015fu haliyle stabil devam etti\u011fi zaman T\u00fcrkiye&#8217;nin kar\u015f\u0131s\u0131nda bir akt\u00f6r olarak kal\u0131yor Rusya bunu da kaybetmek istedi\u011fini d\u00fc\u015f\u00fcnm\u00fcyorum. Herkesin farkl\u0131 \u00e7\u0131karlar\u0131 var.<\/p>\n<p>Rusya ile baz\u0131 \u00e7\u0131karlar\u0131m\u0131z uyu\u015fuyor, \u0130ran&#8217;la uyu\u015fuyor ama baz\u0131 yerlerde de uyu\u015fmuyor. Kendi \u00e7\u0131karlar\u0131m\u0131z do\u011frultusunda \u00fclkelerle i\u015fbirli\u011fi yap\u0131yoruz ama bu bir s\u00fcre\u00e7 beklemek laz\u0131m. Putin T\u00fcrkiye&#8217;ye gelece\u011fini s\u00f6yledi. T\u00fcrkiye ile Rusya&#8217;n\u0131n \u00f6n\u00fcm\u00fczdeki s\u00fcre\u00e7te daha yak\u0131nla\u015fma iradesi ortaya koydu\u011funu g\u00f6r\u00fcyoruz. Erdo\u011fan davet ediyor Putin&#8217;i ve Putin de gelece\u011fini s\u00f6yl\u00fcyor. Telefon diplomasisi oldu\u011funu s\u00f6ylediler. Y\u00fcz y\u00fcze g\u00f6r\u00fc\u015fme olmasa da telefon diplomasisi s\u00fcr\u00fcyor. Ba\u015ftan da s\u00f6yledim.<\/p>\n\n<p><\/p>\n<p>Kaynak :\u00a0<span style=\"background-color: rgb(255, 249, 236); color: rgb(55, 58, 60); font-size: 14px;\">http:\/\/www.milliyet.com.tr\/gundem\/demiroren-medya-tv-grup-baskani-murat-yanci-erdogan-putin-zirvesinin-perde-arkasini-anlatti-7150755<\/span><\/p>\n","protected":false},"excerpt":{"rendered":"<p>D\u00fcnyan\u0131n g\u00f6z\u00fc Cumhurba\u015fkan\u0131 Erdo\u011fan-Putin g\u00f6r\u00fc\u015fmesindeydi. Peki \u00e7ok merak edilen kritik zirvede neler konu\u015fuldu? Demir\u00f6ren Medya TV Grup Ba\u015fkan\u0131 Murat Yanc\u0131, Astana&#8217;daki g\u00f6r\u00fc\u015fmenin perde arkas\u0131n\u0131 anlatt\u0131.<\/p>\n","protected":false},"author":1,"featured_media":90368,"comment_status":"open","ping_status":"open","sticky":false,"template":"","format":"standard","meta":{"footnotes":""},"categories":[3],"tags":[593,2257,4490,481,146],"class_list":["post-90367","post","type-post","status-publish","format-standard","has-post-thumbnail","hentry","category-guncel","tag-erdogan","tag-gorusme","tag-putin","tag-rusya","tag-turkiye"],"_links":{"self":[{"href":"https:\/\/kamucalisani.net\/index.php\/wp-json\/wp\/v2\/posts\/90367","targetHints":{"allow":["GET"]}}],"collection":[{"href":"https:\/\/kamucalisani.net\/index.php\/wp-json\/wp\/v2\/posts"}],"about":[{"href":"https:\/\/kamucalisani.net\/index.php\/wp-json\/wp\/v2\/types\/post"}],"author":[{"embeddable":true,"href":"https:\/\/kamucalisani.net\/index.php\/wp-json\/wp\/v2\/users\/1"}],"replies":[{"embeddable":true,"href":"https:\/\/kamucalisani.net\/index.php\/wp-json\/wp\/v2\/comments?post=90367"}],"version-history":[{"count":1,"href":"https:\/\/kamucalisani.net\/index.php\/wp-json\/wp\/v2\/posts\/90367\/revisions"}],"predecessor-version":[{"id":90369,"href":"https:\/\/kamucalisani.net\/index.php\/wp-json\/wp\/v2\/posts\/90367\/revisions\/90369"}],"wp:featuredmedia":[{"embeddable":true,"href":"https:\/\/kamucalisani.net\/index.php\/wp-json\/wp\/v2\/media\/90368"}],"wp:attachment":[{"href":"https:\/\/kamucalisani.net\/index.php\/wp-json\/wp\/v2\/media?parent=90367"}],"wp:term":[{"taxonomy":"category","embeddable":true,"href":"https:\/\/kamucalisani.net\/index.php\/wp-json\/wp\/v2\/categories?post=90367"},{"taxonomy":"post_tag","embeddable":true,"href":"https:\/\/kamucalisani.net\/index.php\/wp-json\/wp\/v2\/tags?post=90367"}],"curies":[{"name":"wp","href":"https:\/\/api.w.org\/{rel}","templated":true}]}}