{"id":90386,"date":"2024-09-02T06:12:07","date_gmt":"2024-09-02T06:12:07","guid":{"rendered":"https:\/\/kamucalisani.net\/?p=90386"},"modified":"2024-09-02T06:12:07","modified_gmt":"2024-09-02T06:12:07","slug":"u22-kadin-milli-voleybol-takimi-yari-finale-cikti","status":"publish","type":"post","link":"https:\/\/kamucalisani.net\/index.php\/2024\/09\/02\/u22-kadin-milli-voleybol-takimi-yari-finale-cikti\/","title":{"rendered":"U22 Kad\u0131n Milli Voleybol Tak\u0131m\u0131 yar\u0131 finale \u00e7\u0131kt\u0131!"},"content":{"rendered":"<p><p>22 Ya\u015f Alt\u0131 Kad\u0131n Milli Voleybol Tak\u0131m\u0131, \u0130talya&#8217;da d\u00fczenlenen Avrupa \u015eampiyonas\u0131&#8217;ndaki \u00fc\u00e7\u00fcnc\u00fc ma\u00e7\u0131nda \u0130talya&#8217;ya 3-0 yenildi.<\/p>\n<p>T\u00fcrkiye Voleybol Federasyonu&#8217;nun a\u00e7\u0131klamas\u0131na g\u00f6re, grup m\u00fcsabakalar\u0131n\u0131 Lecce kentinde oynayan milli tak\u0131m, \u015fampiyonadaki \u00fc\u00e7\u00fcnc\u00fc ve son ma\u00e7\u0131nda ev sahibi \u0130talya&#8217;yla kar\u015f\u0131la\u015ft\u0131.<\/p>\n<p>Rakibine 26-24, 25-18 ve 27-25&#8217;lik setlerle 3-0 kaybeden milli tak\u0131m, organizasyondaki ilk yenilgisini ald\u0131.<\/p>\n<p>\u00dc\u00e7 ma\u00e7ta iki galibiyet alarak grubunu ikinci s\u0131rada tamamlayan milli tak\u0131m, 22 Ya\u015f Alt\u0131 Avrupa Voleybol \u015eampiyonas\u0131&#8217;nda yar\u0131 finale y\u00fckselmeye hak kazand\u0131.<\/p>\n<p>Milli tak\u0131m yar\u0131 finalde di\u011fer grubun lideri S\u0131rbistan&#8217;la e\u015fle\u015fti. Ma\u00e7 yar\u0131n Lecce&#8217;deki San Giuseppe da Copertino Spor Salonu&#8217;nda TS\u0130 18.00&#8217;de oynanacak.<\/p>\n\n<p><\/p>\n<p>Kaynak :\u00a0<span style=\"background-color: rgb(255, 249, 236); color: rgb(55, 58, 60); font-size: 14px;\">http:\/\/www.milliyet.com.tr\/skorer\/u22-kadin-milli-voleybol-takimi-yari-finale-cikti-7150784<\/span><\/p>\n","protected":false},"excerpt":{"rendered":"<p>U22 Kad\u0131n Milli Voleybol Tak\u0131m\u0131, Avrupa \u015eampiyonas\u0131&#8217;nda yar\u0131 finalde S\u0131rbistan ile e\u015fle\u015fti.<\/p>\n","protected":false},"author":1,"featured_media":90387,"comment_status":"open","ping_status":"open","sticky":false,"template":"","format":"standard","meta":{"footnotes":""},"categories":[7],"tags":[623,263],"class_list":["post-90386","post","type-post","status-publish","format-standard","has-post-thumbnail","hentry","category-spor","tag-milli","tag-takim"],"_links":{"self":[{"href":"https:\/\/kamucalisani.net\/index.php\/wp-json\/wp\/v2\/posts\/90386","targetHints":{"allow":["GET"]}}],"collection":[{"href":"https:\/\/kamucalisani.net\/index.php\/wp-json\/wp\/v2\/posts"}],"about":[{"href":"https:\/\/kamucalisani.net\/index.php\/wp-json\/wp\/v2\/types\/post"}],"author":[{"embeddable":true,"href":"https:\/\/kamucalisani.net\/index.php\/wp-json\/wp\/v2\/users\/1"}],"replies":[{"embeddable":true,"href":"https:\/\/kamucalisani.net\/index.php\/wp-json\/wp\/v2\/comments?post=90386"}],"version-history":[{"count":1,"href":"https:\/\/kamucalisani.net\/index.php\/wp-json\/wp\/v2\/posts\/90386\/revisions"}],"predecessor-version":[{"id":90388,"href":"https:\/\/kamucalisani.net\/index.php\/wp-json\/wp\/v2\/posts\/90386\/revisions\/90388"}],"wp:featuredmedia":[{"embeddable":true,"href":"https:\/\/kamucalisani.net\/index.php\/wp-json\/wp\/v2\/media\/90387"}],"wp:attachment":[{"href":"https:\/\/kamucalisani.net\/index.php\/wp-json\/wp\/v2\/media?parent=90386"}],"wp:term":[{"taxonomy":"category","embeddable":true,"href":"https:\/\/kamucalisani.net\/index.php\/wp-json\/wp\/v2\/categories?post=90386"},{"taxonomy":"post_tag","embeddable":true,"href":"https:\/\/kamucalisani.net\/index.php\/wp-json\/wp\/v2\/tags?post=90386"}],"curies":[{"name":"wp","href":"https:\/\/api.w.org\/{rel}","templated":true}]}}