{"id":90450,"date":"2024-09-02T09:24:08","date_gmt":"2024-09-02T09:24:08","guid":{"rendered":"https:\/\/kamucalisani.net\/?p=90450"},"modified":"2024-09-02T09:24:08","modified_gmt":"2024-09-02T09:24:08","slug":"haziran-ayi-yaktin-bizi","status":"publish","type":"post","link":"https:\/\/kamucalisani.net\/index.php\/2024\/09\/02\/haziran-ayi-yaktin-bizi\/","title":{"rendered":"Haziran ay\u0131 yakt\u0131n bizi!"},"content":{"rendered":"<p><p><span><strong>ALEYNA SEV\u0130M\/\u0130STANBUL-<\/strong><\/span> Uzmanlar, ge\u00e7en ay T\u00fcrkiye tarihinin en s\u0131cak haziran ay\u0131n\u0131n ya\u015fand\u0131\u011f\u0131n\u0131 a\u00e7\u0131klad\u0131. 24-25 Haziran\u2019da T\u00fcrkiye\u2019nin Avrupa\u2019n\u0131n en s\u0131cak yeri oldu\u011funu aktaran CNN T\u00dcRK Meteoroloji Uzman\u0131 Prof. Dr. Orhan \u015een, \u201cHaziran genelinde Avrupa\u2019n\u0131n en s\u0131cak \u00fclkesi olduk. \u0130stanbul\u2019da ortalamalar 28 dereceyken s\u0131cakl\u0131k 35 dereceye kadar \u00e7\u0131kt\u0131. Ege\u2019de 40 dereceyi a\u015fan s\u0131cakl\u0131klar ya\u015fand\u0131. \u0130stanbul, \u0130zmir ve Antalya\u2019dan daha s\u0131cak. \u0130stanbul 35 dereceyken Antalya 32 derece. Marmara Ege ve \u0130\u00e7 Anadolu\u2019ya ya\u011fmur d\u00fc\u015fmedi. Bu kurakl\u0131k tehlikeli. Ormanlar tutu\u015fma s\u0131cakl\u0131\u011f\u0131na geldi. Cuma Marmara ve Kuzey Ege\u2019ye ya\u011fmur var ama \u0130stanbul\u2019a \u00e7ok ya\u011fmaz. Bu da kurakl\u0131\u011f\u0131 kurtarmaz\u201d dedi.<\/p>\n<p><strong>4 DERECE DAHA SICAK<\/strong><\/p>\n<p>\u0130stanbul Teknik \u00dcniversitesi Meteoroloji M\u00fchendisli\u011fi B\u00f6l\u00fcm\u00fc\u2019nden Prof. Dr. Bar\u0131\u015f \u00d6nol da 2024 y\u0131l\u0131 Haziran ay\u0131n\u0131n ge\u00e7en 60 seneye g\u00f6re baz\u0131 yerlerde s\u0131cakl\u0131k ortalamas\u0131n\u0131n 4 derece daha y\u00fcksek oldu\u011funu belirterek \u015funlar\u0131 s\u00f6yledi: \u201c\u00d6l\u00e7\u00fcm tarihindeki en s\u0131cak haziran olmas\u0131 d\u0131\u015f\u0131nda ge\u00e7mi\u015fteki bir\u00e7ok temmuz ve a\u011fustostan s\u0131cak ge\u00e7ti. Al\u0131\u015f\u0131lm\u0131\u015f\u0131n d\u0131\u015f\u0131nda bir durum. Yang\u0131n \u00e7\u0131kan \u0130zmir\u2019de maksimum s\u0131cakl\u0131klar haziran boyunca 30 derecenin alt\u0131na d\u00fc\u015fmemi\u015f. 12 g\u00fcn \u00fcst \u00fcste 35 derecenin \u00fczerinde s\u0131cakl\u0131klar ya\u015fanm\u0131\u015f. 1964\u2019ten beri buna benzer bir y\u0131l yok. \u0130zmir\/Sel\u00e7uk istasyonu i\u00e7in haziran ortalamalar\u0131 ge\u00e7mi\u015f 60 seneye g\u00f6re 4.7 derece daha s\u0131cak. Bir\u00e7ok istasyonda benzer g\u00f6r\u00fcnt\u00fc var. Bu s\u0131cakl\u0131klar\u0131n devam edece\u011fi \u00f6ng\u00f6r\u00fcs\u00fc var.\u201d<\/p>\n<p>\u00d6te yandan yar\u0131n ya\u011f\u0131\u015fla birlikte s\u0131cakl\u0131\u011f\u0131n i\u00e7 ve bat\u0131 b\u00f6lgelerde azalaca\u011f\u0131 sonra yine y\u00fckselece\u011fi bildirildi.<\/p>\n<p><strong>AKDEN\u0130Z ALARM VER\u0130YOR<\/strong><\/p>\n<p>Deniz suyu s\u0131cakl\u0131klar\u0131 ortalaman\u0131n \u00fczerinde seyrediyor. Ge\u00e7en y\u0131l a\u011fustosta 20,98 dereceye \u00e7\u0131karak rekor k\u0131ran deniz y\u00fczey s\u0131cakl\u0131\u011f\u0131, bu y\u0131l\u0131n \u015fubat ay\u0131nda 21,06 derece ile yeni bir rekor k\u0131rd\u0131. \u0130zmir Bak\u0131r\u00e7ay \u00dcniversitesi\u2019nden Prof. Dr. \u015eermin Ta\u011f\u0131l, Akdeniz\u2019de y\u00fczey suyunun \u015fu anda ortalaman\u0131n 3 santigrat derece \u00fczerinde oldu\u011funu belirterek, \u201cAkdeniz alarm veriyor, deniz suyu tehlike boyutunda s\u0131cakl\u0131\u011fa ula\u015ft\u0131. Akdeniz, Ege ve Karadeniz sular\u0131nda s\u0131cakl\u0131k anomalileri g\u00f6zl\u00fcyoruz\u201d dedi. &#8211;<strong>DHA<\/strong><\/p>\n<p><strong> <\/p>\n<div>\n<div> <img decoding=\"async\" src=\"https:\/\/kamucalisani.net\/wp-content\/uploads\/2024\/09\/haziran-ayi-yaktin-bizi-0-p2Ppe38I.jpg\"\/><\/img> <\/div>\n<\/p><\/div>\n<p><\/strong><\/p>\n<p><strong>MEGA ORMAN YANGINI UYARISI<\/strong><\/p>\n<p>\u00a0S\u0131cak havan\u0131n etkisiyle yurdun \u00e7e\u015fitli yerlerinde g\u00f6r\u00fclen orman yang\u0131nlar\u0131n\u0131n y\u00fczde 90\u2019\u0131n\u0131n insan kaynakl\u0131 oldu\u011fu bildirildi. Ormana at\u0131lan at\u0131klar\u0131n yang\u0131nlar\u0131n \u00e7\u0131kmas\u0131 ve ilerlemesinde b\u00fcy\u00fck rol\u00fc oldu\u011funu belirten T\u00fcrkiye Ormanc\u0131lar Derne\u011fi Ba\u015fkan\u0131 H\u00fcsrev \u00d6zkara, Milliyet\u2019e \u015funlar\u0131 s\u00f6yledi:<\/p>\n<p>\u201cHaziran ay\u0131ndaki orman yang\u0131nlar\u0131, temmuz ve a\u011fustosta olabilecek \u00e7ok daha b\u00fcy\u00fck yang\u0131nlar\u0131n habercisi. Yang\u0131nlara kar\u015f\u0131 orman k\u00f6yl\u00fclerinden en az \u00fc\u00e7 bin ki\u015filik bir sistem kurulmal\u0131. Ormanlar\u0131n yan\u0131c\u0131 maddelerden temizlenmesinde, orman k\u00f6yl\u00fclerinin aktifle\u015ftirilmesi gerekiyor. Bu konuda s\u00fcrekli e\u011fitim verilmeli.\u201d<\/p>\n<p>Ormanl\u0131k alanlarda yan\u0131c\u0131 madde azaltma \u00e7al\u0131\u015fmalar\u0131, Tar\u0131m ve Orman Bakanl\u0131\u011f\u0131 taraf\u0131ndan yap\u0131l\u0131yor. Bakanl\u0131\u011f\u0131n, may\u0131s ay\u0131nda 81 ilde ba\u015flatt\u0131\u011f\u0131 \u201cOrman Benim\u201d kampanyas\u0131nda 313 ton \u00e7\u00f6p topland\u0131. &#8211;<strong>MELTEM G\u00dcNE\u015e ANKARA<\/strong><\/p>\n\n<p><\/p>\n<p>Kaynak :\u00a0<span style=\"background-color: rgb(255, 249, 236); color: rgb(55, 58, 60); font-size: 14px;\">http:\/\/www.milliyet.com.tr\/gundem\/haziran-ayi-yaktin-bizi-7150736<\/span><\/p>\n","protected":false},"excerpt":{"rendered":"<p>Prof. Dr. Orhan \u015een, \u201cHaziranda Avrupa\u2019n\u0131n en s\u0131cak \u00fclkesiydik, \u0130stanbul\u2019da s\u0131cakl\u0131k 35 dereceye \u00e7\u0131kt\u0131\u201d dedi. Prof. Dr. Bar\u0131\u015f \u00d6nol da haziran\u0131n son 60 y\u0131la g\u00f6re 4 derece daha s\u0131cak oldu\u011funu s\u00f6yledi.<\/p>\n","protected":false},"author":1,"featured_media":90451,"comment_status":"open","ping_status":"open","sticky":false,"template":"","format":"standard","meta":{"footnotes":""},"categories":[3],"tags":[1056,392,831,1248,768],"class_list":["post-90450","post","type-post","status-publish","format-standard","has-post-thumbnail","hentry","category-guncel","tag-derece","tag-haziran","tag-orman","tag-sicak","tag-yangin"],"_links":{"self":[{"href":"https:\/\/kamucalisani.net\/index.php\/wp-json\/wp\/v2\/posts\/90450","targetHints":{"allow":["GET"]}}],"collection":[{"href":"https:\/\/kamucalisani.net\/index.php\/wp-json\/wp\/v2\/posts"}],"about":[{"href":"https:\/\/kamucalisani.net\/index.php\/wp-json\/wp\/v2\/types\/post"}],"author":[{"embeddable":true,"href":"https:\/\/kamucalisani.net\/index.php\/wp-json\/wp\/v2\/users\/1"}],"replies":[{"embeddable":true,"href":"https:\/\/kamucalisani.net\/index.php\/wp-json\/wp\/v2\/comments?post=90450"}],"version-history":[{"count":1,"href":"https:\/\/kamucalisani.net\/index.php\/wp-json\/wp\/v2\/posts\/90450\/revisions"}],"predecessor-version":[{"id":90453,"href":"https:\/\/kamucalisani.net\/index.php\/wp-json\/wp\/v2\/posts\/90450\/revisions\/90453"}],"wp:featuredmedia":[{"embeddable":true,"href":"https:\/\/kamucalisani.net\/index.php\/wp-json\/wp\/v2\/media\/90451"}],"wp:attachment":[{"href":"https:\/\/kamucalisani.net\/index.php\/wp-json\/wp\/v2\/media?parent=90450"}],"wp:term":[{"taxonomy":"category","embeddable":true,"href":"https:\/\/kamucalisani.net\/index.php\/wp-json\/wp\/v2\/categories?post=90450"},{"taxonomy":"post_tag","embeddable":true,"href":"https:\/\/kamucalisani.net\/index.php\/wp-json\/wp\/v2\/tags?post=90450"}],"curies":[{"name":"wp","href":"https:\/\/api.w.org\/{rel}","templated":true}]}}