{"id":90495,"date":"2024-09-02T12:12:08","date_gmt":"2024-09-02T12:12:08","guid":{"rendered":"https:\/\/kamucalisani.net\/?p=90495"},"modified":"2024-09-02T12:12:08","modified_gmt":"2024-09-02T12:12:08","slug":"bozkurta-kostek-terore-ortulu-destek","status":"publish","type":"post","link":"https:\/\/kamucalisani.net\/index.php\/2024\/09\/02\/bozkurta-kostek-terore-ortulu-destek\/","title":{"rendered":"\u2018Bozkurt\u2019a k\u00f6stek, ter\u00f6re \u00f6rt\u00fcl\u00fc\u00a0destek"},"content":{"rendered":"<p><p><span><strong>AYDIN HASAN Ankara &#8211;<\/strong>\u00a0<\/span>T\u00fcrkiye ile ilgili sembollere hassasiyet g\u00f6steren Almanya\u2019n\u0131n ter\u00f6r \u00f6rg\u00fctleri PKK ve FET\u00d6 kar\u015f\u0131s\u0131ndaki tutumu dikkat \u00e7ekici. Anayasay\u0131 Koruma Te\u015fkilat\u0131\u2019n\u0131n (BfV) 2023 Raporu\u2019na g\u00f6re; Almanya\u2019da PKK \u00fcyelerinin say\u0131s\u0131 15 bine \u00e7\u0131km\u0131\u015f durumda. PKK, Almanya\u2019da en g\u00fc\u00e7l\u00fc yabanc\u0131 a\u015f\u0131r\u0131l\u0131k\u00e7\u0131 \u00f6rg\u00fct olarak kabul ediliyor. Ter\u00f6r faaliyetlerini, Irak ile Suriye\u2019nin kuzeyinde y\u00fcr\u00fcten PKK, Almanya\u2019y\u0131 bir t\u00fcr dinlenme ve geri \u00e7ekilme yeri olarak g\u00f6r\u00fcyor. PKK, ge\u00e7en y\u0131l Almanya\u2019da ba\u011f\u0131\u015f ad\u0131 alt\u0131nda 17 milyon euro civar\u0131nda nakit para toplad\u0131. Ter\u00f6r \u00f6rg\u00fct\u00fc, Almanya\u2019da sivil toplum kurulu\u015flar\u0131 maskesini kullanarak faaliyet y\u00fcr\u00fct\u00fcyor. Almanya, FET\u00d6\u2019n\u00fcn ABD\u2019den sonra en etkin oldu\u011fu \u00fclkelerden biri. 15 Temmuz darbe giri\u015fiminden sonra Avrupa\u2019ya ka\u00e7an FET\u00d6 mensuplar\u0131n\u0131n gittikleri \u00fclkelerin ba\u015f\u0131nda gelen Almanya\u2019da, FET\u00d6 ile iltisakl\u0131 kurulu\u015flar, \u015firket, dernek, vak\u0131f gibi maskeler alt\u0131nda faaliyet y\u00fcr\u00fct\u00fcyor. FET\u00d6\u2019n\u00fcn \u00f6nemli isimleri ve kumpas davalar\u0131n\u0131n savc\u0131lar\u0131 Zekeriya \u00d6z, Fikret Se\u00e7en, Celal Kara ile Eski Subay \u0130lhami Polat, Almanya\u2019da ya\u015f\u0131yor. Almanya; bug\u00fcne kadar 130\u2019un \u00fczerindeki FET\u00d6\u2019c\u00fc ile ilgili iade talebine ise olumlu yan\u0131t vermedi.\u00a0<\/p>\n<p><span><strong><em>G\u00d6R\u00dc\u015e<\/em><\/strong><\/span><\/p>\n<p><strong>Tutars\u0131zl\u0131k ve ikiy\u00fczl\u00fcl\u00fck<\/strong><\/p>\n<p><strong>Prof. Dr. Nuran Y\u0131ld\u0131z\u00a0 &#8211;<\/strong> Yeni d\u00fcnyan\u0131n karakteri maalesef tart\u0131\u015f\u0131lmas\u0131 gereken \u00e7ok daha hayati meseleler varken gen\u00e7 bir futbolcunun gol sevincini tart\u0131\u015fmaya a\u00e7arak hayat buluyor. Sa\u00e7mal\u0131k. Merih\u2019in hareketini \u201ca\u015f\u0131r\u0131 sa\u011fc\u0131\u201d olarak tan\u0131mlayarak tepki koyan Almanya, kendi \u00fclkesinde y\u00fckselen a\u015f\u0131r\u0131 sa\u011f\u0131n hayaletini ba\u015fka \u00fclkelerde ar\u0131yor. Kendi politik ve tarihi g\u00fcnahlar\u0131n\u0131 bir futbolcu \u00fczerinden temizlemeye kalk\u0131yor.\u00a0<\/p>\n<p>UEFA Merih Demiral\u2019\u0131n hareketine soru\u015fturma a\u00e7\u0131yorsa, Avusturya-T\u00fcrkiye ma\u00e7\u0131 s\u0131ras\u0131nda Avusturya taraftar trib\u00fcnlerinden y\u00fckselen a\u015f\u0131r\u0131 sa\u011f sloganlara ne yapacak merak ediyorum.\u00a0<\/p>\n<p>Merih\u2019in el i\u015faretine tepki koyacak kadar \u0131rk\u00e7\u0131l\u0131k kar\u015f\u0131t\u0131 Almanya ve soru\u015fturma a\u00e7an UEFA\u2019n\u0131n, Filistin\u2019de toplu katliamlara hi\u00e7bir tepki koymamas\u0131, tam aksine \u0130srail\u2019e ayr\u0131cal\u0131kl\u0131 davranmas\u0131 tam bir tutars\u0131zl\u0131k.\u00a0<\/p>\n<p>Sporcunun sevincini kafaya takt\u0131klar\u0131 kadar, insanlar\u0131n kendi sokaklar\u0131nda \u0131rk\u00e7\u0131 eylemler neticesinde katledilmesine kafay\u0131 takm\u0131yorlar.\u00a0<\/p>\n<p>Avrupa \u00fclkelerini y\u00f6neten siyaset\u00e7ilerin ve politikalar\u0131n ikiy\u00fczl\u00fc tutumlar\u0131, d\u00fcnya bar\u0131\u015f\u0131 \u00f6n\u00fcndeki en \u00f6nemli engel. Kendileri d\u0131\u015f\u0131ndaki b\u00fct\u00fcnl\u00fckl\u00fc yap\u0131lar\u0131 par\u00e7alamak i\u00e7in her f\u0131rsat\u0131 kullan\u0131yorlar.\u00a0<\/p>\n<p>\u00dcstelik Merih Demiral, \u201cHareketimde herhangi bir mesaj yok, gururumu ve sevincimi dile getirmek istedim\u201d diyor. San\u0131r\u0131m spora siyaseti Merih de\u011fil, UEFA kar\u0131\u015ft\u0131rm\u0131\u015f oluyor.\u00a0<\/p>\n<p><strong>Ezberleri bozduk\u00a0<\/strong><\/p>\n<p>Sonu\u00e7 olarak hissiyat\u0131m \u015fu ki, T\u00fcrkiye\u2019nin \u015fahane bir oyunla, efsane hareketlerle turnuvan\u0131n favorisi Avusturya\u2019y\u0131 elemesi, Avrupa\u2019n\u0131n ezberlerini bozmas\u0131, Avrupa\u2019da ve UEFA\u2019da rahats\u0131zl\u0131k yaratm\u0131\u015f olmal\u0131. Yenilseydik, sorun yapmazlard\u0131. Peki \u015fimdi biz ne yapmal\u0131y\u0131z? Avrupa\u2019n\u0131n at\u0131l kalm\u0131\u015f ezberlerini bozmaya devam etmeliyiz.\u00a0<\/p>\n<p><strong>Farkl\u0131 konjonkt\u00fcrde farkl\u0131 anlamlara gelebilir<\/strong><\/p>\n<p><strong>Prof. Dr. Bar\u0131\u015f Erdo\u011fan &#8211;<\/strong> Merih Demiral\u2019\u0131n ma\u00e7 sonras\u0131 trib\u00fcnlerden yap\u0131lan bozkurt i\u015faretine ayn\u0131 \u015fekilde cevap vermesini siyasi yan\u0131ndan \u00e7ok sosyolojik boyutuyla de\u011ferlendirmek gerekti\u011fini d\u00fc\u015f\u00fcn\u00fcyorum. Evet bozkurt i\u015fareti T\u00fcrk siyasi hayat\u0131nda a\u015f\u0131r\u0131 sa\u011f\u0131n ve \u00f6zellikle \u00dclk\u00fcc\u00fc hareketin siyasi bir sembol\u00fc olarak kullan\u0131lmaktad\u0131r. Ancak semboller farkl\u0131 zamanlarda ve konjonkt\u00fcrlerde farkl\u0131 anlamlara gelebilir. \u00d6zellikle yurt d\u0131\u015f\u0131nda ya\u015fayan s\u0131radan T\u00fcrkler i\u00e7in bozkurt i\u015fareti bir siyasi hareketin \u00f6tesinde \u00e7ok daha derin anlamlar ta\u015f\u0131maktad\u0131r.\u00a0<\/p>\n<p><strong>Dayan\u0131\u015fma i\u015fareti\u00a0<\/strong><\/p>\n<p>G\u00fcnl\u00fck hayatta \u0131rk\u00e7\u0131l\u0131kla m\u00fccadele eden, kimliklerini korumak ve ya\u015fatma m\u00fccadelesi veren gurbet\u00e7iler i\u00e7in bozkurt i\u015fareti hem T\u00fcrkl\u00fc\u011f\u00fcn hem de aralar\u0131ndaki birlik ve dayan\u0131\u015fman\u0131n bir i\u015faretidir. Bu i\u015faret T\u00fcrkiye\u2019de bir siyasi olu\u015fuma aidiyeti g\u00f6sterse de az\u0131nl\u0131k olarak ya\u015fanan bir toplumda topluluk bilincini g\u00fc\u00e7lendirici, ku\u015fat\u0131c\u0131 bir sembol haline gelmektedir.\u00a0<\/p>\n<p>\u00dcstelik bu i\u015faretin yap\u0131ld\u0131\u011f\u0131 ana da dikkat etmek gerekiyor. G\u00fcndelik hayatta s\u00fcrekli ikinci s\u0131n\u0131f vatanda\u015f olarak g\u00f6r\u00fclen bir topluluk bir Avrupa \u00fclkesinde yabanc\u0131 bir tak\u0131ma kar\u015f\u0131 net bir zafer kazan\u0131yor. Duygular\u0131n \u00e7ok yo\u011funla\u015ft\u0131\u011f\u0131 bir anda tart\u0131\u015fmal\u0131 olarak de\u011ferlendirilen ve Alman otoriteleri taraf\u0131ndan yasaklanan bu sembol\u00fcn bir duygu seli halinde trib\u00fcnlerde g\u00f6sterilmesini \u201cbiz buraday\u0131z ve var\u0131z\u201d olarak okumak gerekiyor. Milli bir oyuncumuzun buna kar\u015f\u0131l\u0131k vermesini de siyasi bir kutupla\u015fma olarak okumamal\u0131y\u0131z. Bunu Avrupa T\u00fcrk toplumu \u00f6zelinde de\u011ferlendirmeli ve oradaki T\u00fcrk toplumunun birlik ve beraberlik i\u015fareti olarak de\u011ferlendirmeliyiz.\u00a0<\/p>\n\n<p><\/p>\n<p>Kaynak :\u00a0<span style=\"background-color: rgb(255, 249, 236); color: rgb(55, 58, 60); font-size: 14px;\">http:\/\/www.milliyet.com.tr\/gundem\/bozkurta-kostek-terore-ortulu-destek-7150777<\/span><\/p>\n","protected":false},"excerpt":{"rendered":"<p>Ter\u00f6r \u00f6rg\u00fctleri PKK ve FET\u00d6\u2019ye faaliyetlerini g\u00f6rmezden gelerek \u00f6rt\u00fcl\u00fc bi\u00e7imde kucak a\u00e7an Almanya, Merih Demiral\u2019\u0131n \u201cbozkurt\u201d i\u015fareti yapmas\u0131na abart\u0131l\u0131 bir siyasi tepki g\u00f6sterdi.<\/p>\n","protected":false},"author":1,"featured_media":90496,"comment_status":"open","ping_status":"open","sticky":false,"template":"","format":"standard","meta":{"footnotes":""},"categories":[3],"tags":[43,5755,3879,5762,1521],"class_list":["post-90495","post","type-post","status-publish","format-standard","has-post-thumbnail","hentry","category-guncel","tag-avrupa","tag-isareti","tag-siyasi","tag-toplu","tag-tur"],"_links":{"self":[{"href":"https:\/\/kamucalisani.net\/index.php\/wp-json\/wp\/v2\/posts\/90495","targetHints":{"allow":["GET"]}}],"collection":[{"href":"https:\/\/kamucalisani.net\/index.php\/wp-json\/wp\/v2\/posts"}],"about":[{"href":"https:\/\/kamucalisani.net\/index.php\/wp-json\/wp\/v2\/types\/post"}],"author":[{"embeddable":true,"href":"https:\/\/kamucalisani.net\/index.php\/wp-json\/wp\/v2\/users\/1"}],"replies":[{"embeddable":true,"href":"https:\/\/kamucalisani.net\/index.php\/wp-json\/wp\/v2\/comments?post=90495"}],"version-history":[{"count":1,"href":"https:\/\/kamucalisani.net\/index.php\/wp-json\/wp\/v2\/posts\/90495\/revisions"}],"predecessor-version":[{"id":90497,"href":"https:\/\/kamucalisani.net\/index.php\/wp-json\/wp\/v2\/posts\/90495\/revisions\/90497"}],"wp:featuredmedia":[{"embeddable":true,"href":"https:\/\/kamucalisani.net\/index.php\/wp-json\/wp\/v2\/media\/90496"}],"wp:attachment":[{"href":"https:\/\/kamucalisani.net\/index.php\/wp-json\/wp\/v2\/media?parent=90495"}],"wp:term":[{"taxonomy":"category","embeddable":true,"href":"https:\/\/kamucalisani.net\/index.php\/wp-json\/wp\/v2\/categories?post=90495"},{"taxonomy":"post_tag","embeddable":true,"href":"https:\/\/kamucalisani.net\/index.php\/wp-json\/wp\/v2\/tags?post=90495"}],"curies":[{"name":"wp","href":"https:\/\/api.w.org\/{rel}","templated":true}]}}