{"id":90548,"date":"2024-09-02T15:24:10","date_gmt":"2024-09-02T15:24:10","guid":{"rendered":"https:\/\/kamucalisani.net\/?p=90548"},"modified":"2024-09-02T15:24:10","modified_gmt":"2024-09-02T15:24:10","slug":"son-dakika-fenerbahceye-sok-galatasaray-mourinhonun-istedigi-yildiz-icin-devrede","status":"publish","type":"post","link":"https:\/\/kamucalisani.net\/index.php\/2024\/09\/02\/son-dakika-fenerbahceye-sok-galatasaray-mourinhonun-istedigi-yildiz-icin-devrede\/","title":{"rendered":"SON DAK\u0130KA                         Fenerbah\u00e7e&#8217;ye \u015fok! Galatasaray, Mourinho&#8217;nun istedi\u011fi y\u0131ld\u0131z i\u00e7in devrede"},"content":{"rendered":"<p><p>S\u00fcper Lig&#8217;de yaz transfer penceresi a\u00e7\u0131l\u0131rken, kul\u00fcplerin hummal\u0131 bi\u00e7imde takviye \u00e7al\u0131\u015fmalar\u0131n\u0131 s\u00fcrd\u00fcr\u00fcyor. G\u00fcn\u00fcn \u00f6ne \u00e7\u0131kan transfer haberlerini sizler i\u00e7in derledik.<\/p>\n<section>\n<div>\n<div> <img decoding=\"async\" src=\"https:\/\/kamucalisani.net\/wp-content\/uploads\/2024\/09\/son-dakika-ps42jD8H.jpg\"\/><\/img> <\/p>\n<p> CANLI <\/p>\n<\/div>\n<div> <span>09:39<\/span> <span>04 Temmuz 2024<\/span> <\/p>\n<div> G.SARAY, DOUE TRANSFER\u0130NDE MUTLU SONA YAKIN <\/div>\n<div>\n<p>Galatasaray sa\u011f bek transferi i\u00e7in geri say\u0131ma ge\u00e7ti. Sar\u0131-k\u0131rm\u0131z\u0131l\u0131lar ba\u015fta Wan Bissaka ve Assignon olmak \u00fczere Okan Buruk\u2019un istedi\u011fi bir\u00e7ok oyuncuyla temas halinde. Ancak g\u00fcndemde \u015fu s\u0131ralardaki 1 numaral\u0131 isim Guela Doue\u2019den ba\u015fkas\u0131 de\u011fil. T\u0131pk\u0131 Sacha Boey gibi Rennes formas\u0131 giyen ve 1 y\u0131ll\u0131k kontrat\u0131 kalan 21 ya\u015f\u0131ndaki oyuncuyla Galatasaray y\u00f6netiminin el s\u0131k\u0131\u015ft\u0131\u011f\u0131, bonservis pazarl\u0131\u011f\u0131n\u0131n da pozitif \u015fekilde ilerledi\u011fi \u00f6\u011frenildi. Galatasaray\u2019\u0131n plan\u0131, 9 Temmuz\u2019da ba\u015flayacak olan Avusturya kamp\u0131na kadar hem sa\u011f bek hem de orta saha transferini bitirmek. (Fanatik)<\/p>\n<p><img decoding=\"async\" src=\"https:\/\/kamucalisani.net\/wp-content\/uploads\/2024\/09\/son-dakika-8pQ3sFQq.jpg\"\/><\/img><\/p>\n<p>\u00a0<\/p>\n<p>\u00a0<\/p>\n<p>\u00a0<\/p>\n<\/div>\n<div>\n<div>\n<div> <span> <img decoding=\"async\" src=\"https:\/\/kamucalisani.net\/wp-content\/uploads\/2024\/09\/son-dakika-y2yh2IqP.jpg\"\/><\/img> <\/span> <\/div>\n<\/p><\/div>\n<\/p><\/div>\n<\/p><\/div>\n<div> <span>09:27<\/span> <span>04 Temmuz 2024<\/span> <\/p>\n<div> FENERBAH\u00c7E&#8217;N\u0130N HOJBJERG&#8217;TE KOZU MOURINHO <\/div>\n<div>\n<p>Savunman\u0131n merkezine \u00c7a\u011flar S\u00f6y\u00fcnc\u00fc&#8217;y\u00fc ve soluna da Levent Mercan&#8217;\u0131 kadrosuna katan Fenerbah\u00e7e&#8217;de s\u0131ra orta sahaya geldi. Transfer listenin birinci s\u0131ras\u0131nda Pierre-Emile Hojbjerg bulunuyor. 28 ya\u015f\u0131ndaki futbolcu kul\u00fcb\u00fcnden ayr\u0131lmak istiyor. Teknik direkt\u00f6r Mourinho, hem 6 hem de 8 numara oynayabilen Tottenham&#8217;dan eski \u00f6\u011frencisini tak\u0131mda g\u00f6rmek istiyor. Fenerbah\u00e7e, s\u00f6zle\u015fmesi 2025&#8217;te bitecek ba\u015far\u0131l\u0131 orta sahay\u0131, bonservisle almaya \u00e7al\u0131\u015facak. (Sabah)<\/p>\n<p><img decoding=\"async\" src=\"https:\/\/kamucalisani.net\/wp-content\/uploads\/2024\/09\/son-dakika-Lm7Uuyae.jpg\"\/><\/img><\/p>\n<\/div>\n<div>\n<div>\n<div> <span> <img decoding=\"async\" src=\"https:\/\/kamucalisani.net\/wp-content\/uploads\/2024\/09\/son-dakika-y2yh2IqP.jpg\"\/><\/img> <\/span> <\/div>\n<\/p><\/div>\n<\/p><\/div>\n<\/p><\/div>\n<div> <span>09:24<\/span> <span>04 Temmuz 2024<\/span> <\/p>\n<div> DEVLER\u0130N TRANSFER SAVA\u015eI! SAMARDZIC \u0130\u00c7\u0130N G.SARAY DA DEVREDE <\/div>\n<div>\n<p>Galatasaray y\u00f6netimi, ezeli rakibinin ilgilendi\u011fi Lazar Samardzic i\u00e7in de devreye girdi. Orta sahada Torreira&#8217;ya ofansif g\u00fcc\u00fc y\u00fcksek ve gen\u00e7 bir partner arayan sar\u0131-k\u0131rm\u0131z\u0131l\u0131larda teknik direkt\u00f6r Okan Buruk&#8217;tan Samardzic&#8217;e onay \u00e7\u0131kt\u0131. Udinese&#8217;de oynayan 22 ya\u015f\u0131ndaki S\u0131rp orta sahaya 20 milyon Euro&#8217;nun \u00fczerinde de\u011fer bi\u00e7iliyor. Bonservisi y\u00fcksek ancak maa\u015f\u0131 d\u00fc\u015f\u00fck olan oyuncunun kul\u00fcb\u00fcyle 2 y\u0131l daha s\u00f6zle\u015fmesi bulunuyor. Serie A&#8217;da 93 ma\u00e7a \u00e7\u0131kan 2002 do\u011fumlu gen\u00e7 yetenek, 13 gol, 8 asiste imzas\u0131n\u0131 koydu. (Sabah)<\/p>\n<p><img decoding=\"async\" src=\"https:\/\/kamucalisani.net\/wp-content\/uploads\/2024\/09\/son-dakika-Jeaj8b3h.jpg\"\/><\/img><\/p>\n<\/div>\n<div>\n<div>\n<div> <span> <img decoding=\"async\" src=\"https:\/\/kamucalisani.net\/wp-content\/uploads\/2024\/09\/son-dakika-y2yh2IqP.jpg\"\/><\/img> <\/span> <\/div>\n<\/p><\/div>\n<\/p><\/div>\n<\/p><\/div>\n<div> <span>09:34<\/span> <span>04 Temmuz 2024<\/span> <\/p>\n<div> PAULISTA&#8217;NIN YANINA ISMAJLI! BE\u015e\u0130KTA\u015e HAREKETE GE\u00c7T\u0130 <\/div>\n<div>\n<p>\u00a0<\/p>\n<p>Savunmay\u0131 Gabriel Paulista hamlesi yaparak sa\u011flamla\u015ft\u0131ran Be\u015fikta\u015f, Sambac\u0131&#8217;n\u0131n yan\u0131na partner aray\u0131\u015f\u0131na girdi. Bu kapsamda siyah-beyazl\u0131 y\u00f6netim, \u0130talya&#8217;da Empoli formas\u0131 giyen 27 ya\u015f\u0131ndaki stoper Ardian \u0130smajli&#8217;yi g\u00fcndemine ald\u0131. Transferden sorumlu kurmaylar, tecr\u00fcbeli stoper i\u00e7in k\u0131sa s\u00fcre i\u00e7inde resmi giri\u015fimlere ba\u015flayacak. \u0130smajli, Arnavutluk&#8217;un 2024 Avrupa \u015eampiyonas\u0131 kadrosuna \u00e7a\u011fr\u0131lsa da turnuvada s\u00fcre alamad\u0131. Kariyerinde Hajduk Split ve Spezia formalar\u0131 da giyen oyuncunun Empoli ile s\u00f6zle\u015fmesi sene sonunda bitiyor. Oynad\u0131\u011f\u0131 tak\u0131mlarda toplamda 195 ma\u00e7a \u00e7\u0131kan savunmac\u0131, 3 gol-4 asistlik performans sergiledi. (Fanatik)<\/p>\n<p><img decoding=\"async\" src=\"https:\/\/kamucalisani.net\/wp-content\/uploads\/2024\/09\/son-dakika-k3g3c44F.jpg\"\/><\/img><\/p>\n<\/div>\n<div>\n<div>\n<div> <span> <img decoding=\"async\" src=\"https:\/\/kamucalisani.net\/wp-content\/uploads\/2024\/09\/son-dakika-y2yh2IqP.jpg\"\/><\/img> <\/span> <\/div>\n<\/p><\/div>\n<\/p><\/div>\n<\/p><\/div>\n<div> <span>09:30<\/span> <span>04 Temmuz 2024<\/span> <\/p>\n<div> SZALA\u0130&#8217;N\u0130N ALTERNAT\u0130F\u0130 FOLCARELL\u0130 <\/div>\n<div>\n<p>\u00a0<\/p>\n<p>Trabzonsporlu y\u00f6neticileri Attila Szalai transferinde sorun \u00e7\u0131kmas\u0131 halinde daha \u00f6nce de istedi\u011fi Tim-Jabol Folcarelli\u2019yi yeniden g\u00fcndemine alacak. Ge\u00e7ti\u011fimiz sezon Frans\u0131z ekibi AC Ajaccio ile yap\u0131lan t\u00fcm g\u00f6r\u00fc\u015fmelere ra\u011fmen transferi i\u00e7in onay al\u0131namayan 24 ya\u015f\u0131ndaki oyuncu i\u00e7in temaslar ba\u015flad\u0131. Trabzonspor bu transferi bonservis bedeli ile ger\u00e7ekle\u015ftirerek, scout ekibinin al\u0131nmas\u0131n\u0131 \u00e7ok istedi\u011fi bir oyuncuyu kadroya katmak istiyor.\u00a0<\/p>\n<p><img decoding=\"async\" src=\"https:\/\/kamucalisani.net\/wp-content\/uploads\/2024\/09\/son-dakika-fDqt14OM.jpg\"\/><\/img><\/p>\n<\/div>\n<div>\n<div>\n<div> <span> <img decoding=\"async\" src=\"https:\/\/kamucalisani.net\/wp-content\/uploads\/2024\/09\/son-dakika-y2yh2IqP.jpg\"\/><\/img> <\/span> <\/div>\n<\/p><\/div>\n<\/p><\/div>\n<\/p><\/div>\n<\/p><\/div>\n<div>\n<div> <img decoding=\"async\" src=\"https:\/\/kamucalisani.net\/wp-content\/uploads\/2024\/09\/son-dakika-x6Zd8XGV.jpg\"\/><\/img> <\/p>\n<p><b>Canl\u0131 Anlat\u0131m \u00d6zeti<\/b><\/p>\n<\/div>\n<ul>\n<li> <img decoding=\"async\" src=\"https:\/\/kamucalisani.net\/wp-content\/uploads\/2024\/09\/son-dakika-UELJbKLA.jpg\"\/><\/img> G.SARAY, DOUE TRANSFER\u0130NDE MUTLU SONA YAKIN <\/li>\n<li> <img decoding=\"async\" src=\"https:\/\/kamucalisani.net\/wp-content\/uploads\/2024\/09\/son-dakika-UELJbKLA.jpg\"\/><\/img> FENERBAH\u00c7E&#8217;N\u0130N HOJBJERG&#8217;TE KOZU MOURINHO <\/li>\n<li> <img decoding=\"async\" src=\"https:\/\/kamucalisani.net\/wp-content\/uploads\/2024\/09\/son-dakika-UELJbKLA.jpg\"\/><\/img> DEVLER\u0130N TRANSFER SAVA\u015eI! SAMARDZIC \u0130\u00c7\u0130N G.SARAY DA DEVREDE <\/li>\n<li> <img decoding=\"async\" src=\"https:\/\/kamucalisani.net\/wp-content\/uploads\/2024\/09\/son-dakika-UELJbKLA.jpg\"\/><\/img> PAULISTA&#8217;NIN YANINA ISMAJLI! BE\u015e\u0130KTA\u015e HAREKETE GE\u00c7T\u0130 <\/li>\n<li> <img decoding=\"async\" src=\"https:\/\/kamucalisani.net\/wp-content\/uploads\/2024\/09\/son-dakika-UELJbKLA.jpg\"\/><\/img> SZALA\u0130&#8217;N\u0130N ALTERNAT\u0130F\u0130 FOLCARELL\u0130 <\/li>\n<\/ul><\/div>\n<\/section>\n<p><\/p>\n<p>Kaynak :\u00a0<span style=\"background-color: rgb(255, 249, 236); color: rgb(55, 58, 60); font-size: 14px;\">http:\/\/www.milliyet.com.tr\/skorer\/live-fenerbahceye-sok-galatasaray-mourinhonun-istedigi-yildiz-icin-devrede-7150819<\/span><\/p>\n","protected":false},"excerpt":{"rendered":"<p>Yaz transfer d\u00f6nemi 24 Haziran&#8217;da ba\u015flad\u0131. S\u00fcper Lig&#8217;de ba\u015fta Fenerbah\u00e7e, Galatasaray, Be\u015fikta\u015f ve Trabzonspor olmak \u00fczere t\u00fcm kul\u00fcpler transfer giri\u015fimleri h\u0131z verdi. \u0130\u015fte g\u00fcn\u00fcn \u00f6ne \u00e7\u0131kan transfer haberleri..<\/p>\n","protected":false},"author":1,"featured_media":90549,"comment_status":"open","ping_status":"open","sticky":false,"template":"","format":"standard","meta":{"footnotes":""},"categories":[7],"tags":[5766,967,589],"class_list":["post-90548","post","type-post","status-publish","format-standard","has-post-thumbnail","hentry","category-spor","tag-orta-saha","tag-oyuncu","tag-transfer"],"_links":{"self":[{"href":"https:\/\/kamucalisani.net\/index.php\/wp-json\/wp\/v2\/posts\/90548","targetHints":{"allow":["GET"]}}],"collection":[{"href":"https:\/\/kamucalisani.net\/index.php\/wp-json\/wp\/v2\/posts"}],"about":[{"href":"https:\/\/kamucalisani.net\/index.php\/wp-json\/wp\/v2\/types\/post"}],"author":[{"embeddable":true,"href":"https:\/\/kamucalisani.net\/index.php\/wp-json\/wp\/v2\/users\/1"}],"replies":[{"embeddable":true,"href":"https:\/\/kamucalisani.net\/index.php\/wp-json\/wp\/v2\/comments?post=90548"}],"version-history":[{"count":1,"href":"https:\/\/kamucalisani.net\/index.php\/wp-json\/wp\/v2\/posts\/90548\/revisions"}],"predecessor-version":[{"id":90567,"href":"https:\/\/kamucalisani.net\/index.php\/wp-json\/wp\/v2\/posts\/90548\/revisions\/90567"}],"wp:featuredmedia":[{"embeddable":true,"href":"https:\/\/kamucalisani.net\/index.php\/wp-json\/wp\/v2\/media\/90549"}],"wp:attachment":[{"href":"https:\/\/kamucalisani.net\/index.php\/wp-json\/wp\/v2\/media?parent=90548"}],"wp:term":[{"taxonomy":"category","embeddable":true,"href":"https:\/\/kamucalisani.net\/index.php\/wp-json\/wp\/v2\/categories?post=90548"},{"taxonomy":"post_tag","embeddable":true,"href":"https:\/\/kamucalisani.net\/index.php\/wp-json\/wp\/v2\/tags?post=90548"}],"curies":[{"name":"wp","href":"https:\/\/api.w.org\/{rel}","templated":true}]}}