{"id":90725,"date":"2024-09-02T23:12:06","date_gmt":"2024-09-02T23:12:06","guid":{"rendered":"https:\/\/kamucalisani.net\/?p=90725"},"modified":"2024-09-02T23:12:06","modified_gmt":"2024-09-02T23:12:06","slug":"sinan-ates-cinayeti-davasinin-4-celsesi-basladi","status":"publish","type":"post","link":"https:\/\/kamucalisani.net\/index.php\/2024\/09\/02\/sinan-ates-cinayeti-davasinin-4-celsesi-basladi\/","title":{"rendered":"Sinan Ate\u015f cinayeti davas\u0131n\u0131n 4. celsesi ba\u015flad\u0131"},"content":{"rendered":"<p><p>Ankara 32. A\u011f\u0131r Ceza Mahkemesince, Sincan Ceza \u0130nfaz Kurumlar\u0131 Kamp\u00fcs\u00fc&#8217;ndeki salonda g\u00f6r\u00fclen duru\u015fmaya, san\u0131klar, taraf avukatlar\u0131, m\u00fc\u015fteki Ay\u015fe Ate\u015f, Sinan Ate\u015f&#8217;in annesi Saniye Ate\u015f, karde\u015fleri ve yak\u0131nlar\u0131 kat\u0131ld\u0131.<\/p>\n<p>Demokrat Parti Genel Ba\u015fkan\u0131 G\u00fcltekin Uysal, CHP Genel Ba\u015fkan Yard\u0131mc\u0131lar\u0131 Murat Bakan ve Meryem G\u00fcl \u00c7iftci Binici de duru\u015fmay\u0131 takip ediyor.<\/p>\n<section>\n<div>\n<div> <span>04 Temmuz 2024<\/span> <\/p>\n<div> SANIK \u00c7EP&#8217;E UYARI <\/div>\n<div>\n<p>Mahkeme ba\u015fkan\u0131, d\u00fcnk\u00fc duru\u015fmada san\u0131klardan Do\u011fukan \u00c7ep&#8217;in tuvalet ihtiyac\u0131 i\u00e7in salondan \u00e7\u0131kar\u0131ld\u0131\u011f\u0131 s\u0131rada m\u00fc\u015ftekilerin bulundu\u011fu tarafta oturan izleyicilere d\u00f6nerek tehdit anlam\u0131na gelecek \u015fekilde ba\u015f\u0131n\u0131 sallad\u0131\u011f\u0131n\u0131n \u00fcye hakim taraf\u0131ndan g\u00f6r\u00fcld\u00fc\u011f\u00fcn\u00fc ve kendisine durumun aktar\u0131ld\u0131\u011f\u0131n\u0131 bildirerek, \u00c7ep&#8217;i uyard\u0131.<\/p>\n<p>Mahkeme ba\u015fkan\u0131n\u0131n, &#8220;Do\u011fukan anlad\u0131n m\u0131?&#8221; diye sordu\u011fu \u00c7ep, konu\u015fmak i\u00e7in s\u00f6z istedi ancak buna izin verilmedi. Duru\u015fma, avukat beyan\u0131yla devam ediyor.<\/p>\n<\/div>\n<div>\n<div>\n<div> <span> <img decoding=\"async\" src=\"https:\/\/kamucalisani.net\/wp-content\/uploads\/2024\/09\/sinan-ates-cinayeti-davasinin-4-celsesi-basladi-0-nXsTKRnL.jpg\"\/><\/img> <\/span> <\/div>\n<\/p><\/div>\n<\/p><\/div>\n<\/p><\/div>\n<div> <span>04 Temmuz 2024<\/span> <\/p>\n<div> SANIK SAVUNMALARI TAMAMLANDI <\/div>\n<div>\n<p>Pazartesi g\u00fcn\u00fc ba\u015flayan duru\u015fmada d\u00fcn itibar\u0131yla san\u0131k savunmalar\u0131 tamamland\u0131, ard\u0131ndan avukatlar\u0131n beyanlar\u0131na ge\u00e7ildi. D\u00fcnk\u00fc celsede 19 san\u0131k avukat\u0131n\u0131n beyan\u0131 dinlenirken, bug\u00fcnk\u00fc duru\u015fmada avukat beyanlar\u0131n\u0131n al\u0131nmas\u0131na devam edilecek. Sonras\u0131nda ise m\u00fc\u015fteki Ay\u015fe Ate\u015f&#8217;in dinlenmesi bekleniyor.<\/p>\n<\/div>\n<div>\n<div>\n<div> <span> <img decoding=\"async\" src=\"https:\/\/kamucalisani.net\/wp-content\/uploads\/2024\/09\/sinan-ates-cinayeti-davasinin-4-celsesi-basladi-0-nXsTKRnL.jpg\"\/><\/img> <\/span> <\/div>\n<\/p><\/div>\n<\/p><\/div>\n<\/p><\/div>\n<\/p><\/div>\n<div>\n<div> <img decoding=\"async\" src=\"https:\/\/kamucalisani.net\/wp-content\/uploads\/2024\/09\/sinan-ates-cinayeti-davasinin-4-celsesi-basladi-2-avRRsuGQ.jpg\"\/><\/img> <\/p>\n<p><b>Canl\u0131 Anlat\u0131m \u00d6zeti<\/b><\/p>\n<\/div>\n<ul>\n<li> <img decoding=\"async\" src=\"https:\/\/kamucalisani.net\/wp-content\/uploads\/2024\/09\/sinan-ates-cinayeti-davasinin-4-celsesi-basladi-3-9lPT2jiR.jpg\"\/><\/img> SANIK \u00c7EP&#8217;E UYARI <\/li>\n<li> <img decoding=\"async\" src=\"https:\/\/kamucalisani.net\/wp-content\/uploads\/2024\/09\/sinan-ates-cinayeti-davasinin-4-celsesi-basladi-3-9lPT2jiR.jpg\"\/><\/img> SANIK SAVUNMALARI TAMAMLANDI <\/li>\n<\/ul><\/div>\n<\/section>\n<p>\u00a0<\/p>\n<p>\u00a0<\/p>\n<p>\u00a0<\/p>\n\n<p><\/p>\n<p>Kaynak :\u00a0<span style=\"background-color: rgb(255, 249, 236); color: rgb(55, 58, 60); font-size: 14px;\">http:\/\/www.milliyet.com.tr\/gundem\/live-sinan-ates-cinayeti-davasinin-dorduncu-celsesi-basladi-7150836<\/span><\/p>\n","protected":false},"excerpt":{"rendered":"<p>Eski \u00dclk\u00fc Ocaklar\u0131 E\u011fitim ve K\u00fclt\u00fcr Vakf\u0131 Ba\u015fkan\u0131 ve Hacettepe \u00dcniversitesi \u00d6\u011fretim \u00dcyesi Do\u00e7. Dr. Sinan Ate\u015f&#8217;in \u00f6ld\u00fcr\u00fclmesine ili\u015fkin 22 san\u0131kl\u0131 davan\u0131n d\u00f6rd\u00fcnc\u00fc celsesi ba\u015flad\u0131.<\/p>\n","protected":false},"author":1,"featured_media":90726,"comment_status":"open","ping_status":"open","sticky":false,"template":"","format":"standard","meta":{"footnotes":""},"categories":[3],"tags":[778,447],"class_list":["post-90725","post","type-post","status-publish","format-standard","has-post-thumbnail","hentry","category-guncel","tag-avukat","tag-sanik"],"_links":{"self":[{"href":"https:\/\/kamucalisani.net\/index.php\/wp-json\/wp\/v2\/posts\/90725","targetHints":{"allow":["GET"]}}],"collection":[{"href":"https:\/\/kamucalisani.net\/index.php\/wp-json\/wp\/v2\/posts"}],"about":[{"href":"https:\/\/kamucalisani.net\/index.php\/wp-json\/wp\/v2\/types\/post"}],"author":[{"embeddable":true,"href":"https:\/\/kamucalisani.net\/index.php\/wp-json\/wp\/v2\/users\/1"}],"replies":[{"embeddable":true,"href":"https:\/\/kamucalisani.net\/index.php\/wp-json\/wp\/v2\/comments?post=90725"}],"version-history":[{"count":1,"href":"https:\/\/kamucalisani.net\/index.php\/wp-json\/wp\/v2\/posts\/90725\/revisions"}],"predecessor-version":[{"id":90732,"href":"https:\/\/kamucalisani.net\/index.php\/wp-json\/wp\/v2\/posts\/90725\/revisions\/90732"}],"wp:featuredmedia":[{"embeddable":true,"href":"https:\/\/kamucalisani.net\/index.php\/wp-json\/wp\/v2\/media\/90726"}],"wp:attachment":[{"href":"https:\/\/kamucalisani.net\/index.php\/wp-json\/wp\/v2\/media?parent=90725"}],"wp:term":[{"taxonomy":"category","embeddable":true,"href":"https:\/\/kamucalisani.net\/index.php\/wp-json\/wp\/v2\/categories?post=90725"},{"taxonomy":"post_tag","embeddable":true,"href":"https:\/\/kamucalisani.net\/index.php\/wp-json\/wp\/v2\/tags?post=90725"}],"curies":[{"name":"wp","href":"https:\/\/api.w.org\/{rel}","templated":true}]}}