{"id":90989,"date":"2024-09-03T12:00:08","date_gmt":"2024-09-03T12:00:08","guid":{"rendered":"https:\/\/kamucalisani.net\/?p=90989"},"modified":"2024-09-03T12:00:08","modified_gmt":"2024-09-03T12:00:08","slug":"mhpli-yalcin-asil-irkci-olanlar-bozkurt-isaretinin-yasaklanmasini-savunanlardir","status":"publish","type":"post","link":"https:\/\/kamucalisani.net\/index.php\/2024\/09\/03\/mhpli-yalcin-asil-irkci-olanlar-bozkurt-isaretinin-yasaklanmasini-savunanlardir\/","title":{"rendered":"MHP&#8217;li Yal\u00e7\u0131n: As\u0131l \u0131rk\u00e7\u0131 olanlar bozkurt i\u015faretinin yasaklanmas\u0131n\u0131 savunanlard\u0131r"},"content":{"rendered":"<p><p>Yal\u00e7\u0131n, yapt\u0131\u011f\u0131 yaz\u0131l\u0131 a\u00e7\u0131klamada, \u0131rk\u00e7\u0131l\u0131\u011f\u0131n ve yabanc\u0131 d\u00fc\u015fmanl\u0131\u011f\u0131n\u0131n, \u00f6zellikle T\u00fcrk d\u00fc\u015fmanl\u0131\u011f\u0131n\u0131n Avusturya&#8217;dan sonra \u00f6teki AB \u00fclkelerine s\u0131\u00e7ramas\u0131n\u0131n b\u00fcy\u00fck tehlike oldu\u011funu kaydetti.<\/p>\n<p>Tart\u0131\u015fmalara vesile k\u0131l\u0131nan bozkurtun, T\u00fcrkler nezdinde cesaretin, ba\u011f\u0131ms\u0131zl\u0131k azminin ve \u00f6zg\u00fcrl\u00fc\u011f\u00fcn sembol\u00fc oldu\u011funu, bu simgeyi Almanya&#8217;da yasalar \u00e7er\u00e7evesinde y\u0131llard\u0131r faaliyet g\u00f6steren, \u00fclkede toplumsal bar\u0131\u015f ve huzura katk\u0131da bulunan T\u00fcrk federasyonlar\u0131n\u0131n da kulland\u0131\u011f\u0131n\u0131 ifade eden Yal\u00e7\u0131n, a\u00e7\u0131klamas\u0131nda \u015fu de\u011ferlendirmelerde bulundu:<\/p>\n<p>&#8220;Milli de\u011ferlerimizin bir par\u00e7as\u0131 olan bozkurt motifinin kullan\u0131lmas\u0131 nas\u0131l yasaklanabilir? Almanya&#8217;da ya\u015fayan T\u00fcrkler en do\u011fal, demokratik ve yasal haklar\u0131ndan nas\u0131l mahrum b\u0131rak\u0131labilir? Bozkurt i\u015faretinin yasaklanmas\u0131 Almanya&#8217;n\u0131n entegrasyon \u00e7abalar\u0131n\u0131 sekteye u\u011fratacak, sosyal bar\u0131\u015f ve dayan\u0131\u015fmay\u0131, bir arada ya\u015fama k\u00fclt\u00fcr\u00fcn\u00fc zedeleyecek; ayr\u0131mc\u0131, ayr\u0131\u015ft\u0131r\u0131c\u0131 ve kutupla\u015ft\u0131r\u0131c\u0131 bir ad\u0131m olacakt\u0131r. Nas\u0131l Almanya bayra\u011f\u0131nda yer alan kartal, Frans\u0131zlar\u0131n sembol\u00fc olan horoz, \u0130spanyollar\u0131 temsil eden bo\u011fa zarars\u0131z milli sembollerse bozkurt da T\u00fcrklerin en masum remzidir. Bunlar da m\u0131 Avrupa&#8217;da yasaklanacakt\u0131r? As\u0131l \u0131rk\u00e7\u0131 olanlar bozkurt i\u015faretini kullananlar de\u011fil, yasaklanmas\u0131n\u0131 savunanlard\u0131r. Bozkurt \u00fczerinden, T\u00fcrk ve yabanc\u0131 d\u00fc\u015fmanl\u0131\u011f\u0131 yap\u0131lmaktad\u0131r.<\/p>\n<p>Almanya \u0130\u00e7i\u015fleri Bakan\u0131 Nancy Faeser&#8217;\u0131n, milli futbolcumuz Merih Demiral&#8217;\u0131n bozkurt i\u015fareti yaparak sergiledi\u011fi masum gol sevincine tepkisi, a\u015f\u0131r\u0131 sa\u011fc\u0131lar\u0131nkinden de Nazilerinkinden de beter bir tutumdur.&#8221;<\/p>\n<p>T\u00fcrkiye&#8217;nin milli sembollerinin kullan\u0131lmas\u0131na yasak getirilmeye \u00e7al\u0131\u015f\u0131lmas\u0131n\u0131n ard\u0131nda, esasen T\u00fcrkiye ve T\u00fcrk korkusunun yatt\u0131\u011f\u0131n\u0131 savunan Yal\u00e7\u0131n, &#8220;T\u00fcrkiye&#8217;nin mevcut konumuyla d\u00fcnyada bir y\u0131ld\u0131z gibi parlamas\u0131, Bat\u0131l\u0131 \u00fclkeleri rahats\u0131z etmektedir. Ba\u015fta Almanya olmak \u00fczeri AB \u00fclkelerinde y\u00fckselen a\u015f\u0131r\u0131 sa\u011f ve \u0131rk\u00e7\u0131l\u0131\u011f\u0131n, futbol sahalar\u0131na yans\u0131t\u0131lmas\u0131 ise ayr\u0131 bir endi\u015fe vesilesi olmu\u015ftur.&#8221; g\u00f6r\u00fc\u015f\u00fcn\u00fc payla\u015ft\u0131.<\/p>\n<p>Yal\u00e7\u0131n, &#8220;Alman h\u00fck\u00fcmetini, spor k\u00fclt\u00fcr\u00fcn\u00fc zehirleyen s\u00f6ylemlerden ve siyasi ba\u015far\u0131s\u0131zl\u0131klar\u0131na k\u0131l\u0131f uydurmak i\u00e7in T\u00fcrkleri d\u0131\u015flamaktan vazge\u00e7meye \u00e7a\u011f\u0131rd\u0131klar\u0131n\u0131&#8221; belirtti.<\/p>\n\n<p><\/p>\n<p>Kaynak :\u00a0<span style=\"background-color: rgb(255, 249, 236); color: rgb(55, 58, 60); font-size: 14px;\">http:\/\/www.milliyet.com.tr\/gundem\/mhpli-yalcin-asil-irkci-olanlar-bozkurt-isaretinin-yasaklanmasini-savunanlardir-7151061<\/span><\/p>\n","protected":false},"excerpt":{"rendered":"<p>MHP Genel Ba\u015fkan Yard\u0131mc\u0131s\u0131 Semih Yal\u00e7\u0131n, &#8220;Almanya \u0130\u00e7i\u015fleri Bakan\u0131 Nancy Faeser&#8217;\u0131n, milli futbolcumuz Merih Demiral&#8217;\u0131n bozkurt i\u015fareti yaparak sergiledi\u011fi masum gol sevincine tepkisi, a\u015f\u0131r\u0131 sa\u011fc\u0131lar\u0131nkinden de Nazilerinkinden de beter bir tutumdur.&#8221; ifadesini kulland\u0131.<\/p>\n","protected":false},"author":1,"featured_media":90990,"comment_status":"open","ping_status":"open","sticky":false,"template":"","format":"standard","meta":{"footnotes":""},"categories":[3],"tags":[428,5797,221,1279],"class_list":["post-90989","post","type-post","status-publish","format-standard","has-post-thumbnail","hentry","category-guncel","tag-almanya","tag-bozkurt","tag-turk","tag-yasak"],"_links":{"self":[{"href":"https:\/\/kamucalisani.net\/index.php\/wp-json\/wp\/v2\/posts\/90989","targetHints":{"allow":["GET"]}}],"collection":[{"href":"https:\/\/kamucalisani.net\/index.php\/wp-json\/wp\/v2\/posts"}],"about":[{"href":"https:\/\/kamucalisani.net\/index.php\/wp-json\/wp\/v2\/types\/post"}],"author":[{"embeddable":true,"href":"https:\/\/kamucalisani.net\/index.php\/wp-json\/wp\/v2\/users\/1"}],"replies":[{"embeddable":true,"href":"https:\/\/kamucalisani.net\/index.php\/wp-json\/wp\/v2\/comments?post=90989"}],"version-history":[{"count":1,"href":"https:\/\/kamucalisani.net\/index.php\/wp-json\/wp\/v2\/posts\/90989\/revisions"}],"predecessor-version":[{"id":90991,"href":"https:\/\/kamucalisani.net\/index.php\/wp-json\/wp\/v2\/posts\/90989\/revisions\/90991"}],"wp:featuredmedia":[{"embeddable":true,"href":"https:\/\/kamucalisani.net\/index.php\/wp-json\/wp\/v2\/media\/90990"}],"wp:attachment":[{"href":"https:\/\/kamucalisani.net\/index.php\/wp-json\/wp\/v2\/media?parent=90989"}],"wp:term":[{"taxonomy":"category","embeddable":true,"href":"https:\/\/kamucalisani.net\/index.php\/wp-json\/wp\/v2\/categories?post=90989"},{"taxonomy":"post_tag","embeddable":true,"href":"https:\/\/kamucalisani.net\/index.php\/wp-json\/wp\/v2\/tags?post=90989"}],"curies":[{"name":"wp","href":"https:\/\/api.w.org\/{rel}","templated":true}]}}