{"id":91148,"date":"2024-09-03T20:00:06","date_gmt":"2024-09-03T20:00:06","guid":{"rendered":"https:\/\/kamucalisani.net\/?p=91148"},"modified":"2024-09-03T20:00:06","modified_gmt":"2024-09-03T20:00:06","slug":"galatasarayda-michy-batshuayiden-transfer-itirafi-sampiyonlar-ligi-mesaji","status":"publish","type":"post","link":"https:\/\/kamucalisani.net\/index.php\/2024\/09\/03\/galatasarayda-michy-batshuayiden-transfer-itirafi-sampiyonlar-ligi-mesaji\/","title":{"rendered":"Galatasaray&#8217;da Michy Batshuayi&#8217;den transfer itiraf\u0131! \u015eampiyonlar Ligi mesaj\u0131"},"content":{"rendered":"<p><p>Fenerbah\u00e7e&#8217;den ayr\u0131ld\u0131ktan sonra Galatasaray ile 3 y\u0131ll\u0131k s\u00f6zle\u015fme imzalayan Michy Batshuayi suskunlu\u011funu bozdu. Bel\u00e7ikal\u0131 santrfor, sar\u0131-k\u0131rm\u0131z\u0131l\u0131lar\u0131n uzun s\u00fcredir kendisini istedi\u011fini dile getirdi.<\/p>\n<p>\u0130mza t\u00f6reninin ard\u0131ndan te\u015fekk\u00fcr ederek s\u00f6zlerine ba\u015flayan Michy Batshuayi, &#8220;Kar\u015f\u0131lama i\u00e7in \u00e7ok te\u015fekk\u00fcr ederim, \u00e7ok mutluyum. Galatasaray b\u00fcy\u00fck bir kul\u00fcp. Galatasaray s\u0131kl\u0131kla \u015fampiyon olan bir kul\u00fcp ve bu durum bir oyuncu i\u00e7in \u00e7ok \u00f6nemli&#8221; dedi.<\/p>\n<p>Sar\u0131-k\u0131rm\u0131z\u0131l\u0131lar\u0131n uzun s\u00fcredir kendisini takip etti\u011fini belirten Michy Batshuayi, &#8220;Galatasaray zaten birka\u00e7 seneden beri beni istiyordu. Kaderin bizi bir araya getirdi\u011fini d\u00fc\u015f\u00fcn\u00fcyorum. Allah&#8217;\u0131n da yard\u0131m\u0131yla bu formay\u0131 giyece\u011fim, gurur duyuyorum&#8221; diye konu\u015ftu.<\/p>\n<p>Transferinden ailesinin de mutlu oldu\u011funun alt\u0131n\u0131 \u00e7izen Bel\u00e7ikal\u0131 forvet, &#8220;Futbolun g\u00fczelli\u011fi burada baz\u0131lar\u0131 memnun oluyor, baz\u0131lar\u0131 memnun olmuyor. Bu durumdaki en \u00f6nemli \u015fey, benim memnun olmam. Bu durumdan ailem de \u00e7ok memnun. Galatasaray&#8217;\u0131n bana duymu\u015f oldu\u011fu g\u00fcvene kar\u015f\u0131l\u0131k, \u00e7ok \u00e7al\u0131\u015f\u0131p iyi sonu\u00e7lar almaya devam edece\u011fim&#8221; a\u00e7\u0131klamas\u0131n\u0131 yapt\u0131.<\/p>\n<p>S\u00fcper Lig&#8217;de b\u00fcy\u00fck tak\u0131mlarda oynam\u0131\u015f olmas\u0131n\u0131n hat\u0131rlat\u0131lmas\u0131n\u0131n ard\u0131ndan Michy Batshuayi, &#8220;Benim i\u00e7in \u00e7ok b\u00fcy\u00fck bir onur. T\u00fcrkiye Ligi her ge\u00e7en g\u00fcn daha da iyi hale gelen bir lig. Benim \u015fu anda 3 b\u00fcy\u00fck kul\u00fcpte deneyimim oldu. Bu a\u00e7\u0131dan \u00e7ok mutluyum, \u00e7ok b\u00fcy\u00fck bir onur. Benim a\u00e7\u0131mdan \u00e7ok farkl\u0131l\u0131k yaratm\u0131yor. Benim \u00e7ok b\u00fcy\u00fck bir misyonum var. Galatasaray benim olumlu performans g\u00f6stermem i\u00e7in buraya \u00e7a\u011f\u0131rd\u0131 ve bana g\u00fcven duydu. Buna kar\u015f\u0131l\u0131k yapmam gerekenleri yerine getirece\u011fim&#8221; ifadelerini kulland\u0131.<\/p>\n<p>\u015eampiyonlar Ligi&#8217;nde oynayacak olmaktan mutlu oldu\u011funu belirten Michy Batshuayi, &#8220;\u015eampiyonlar Ligi&#8217;ni biliyorum ve herkes \u00e7ok deneyimli oyuncu oldu\u011fumu biliyor. T\u00fcm turnuvalarda oynad\u0131m, tekrar \u015eampiyonlar Ligi&#8217;nde oynayaca\u011f\u0131m i\u00e7in mutluyum. Ayr\u0131ca bu statta oynamak muhte\u015fem bir deneyim olacak&#8221; dedi.<\/p>\n<p>Taraftarlara parantez a\u00e7an Bel\u00e7ikal\u0131 santrfor, &#8220;Taraftarlar\u0131m\u0131z\u0131n inan\u0131lmaz oldu\u011funu biliyorum. \u00c7ok mutluyum, daha \u00e7ok \u00e7al\u0131\u015f\u0131p daha \u00e7ok gol atma iste\u011fi veriyor bana&#8221; diye konu\u015ftu.<\/p>\n<p>Transfer s\u00fcrecinde Dries Mertens ile konu\u015ftu\u011funu vurgulayan Michy Batshuayi, &#8220;Evet baz\u0131 oyuncularla konu\u015ftum. Dries Mertens, Wilfried Zaha, Hakim Ziyech&#8217;i zaten tan\u0131yorum. Bu \u00f6nemli bir durum, di\u011fer oyuncularla tan\u0131\u015faca\u011f\u0131m. En iyi \u015fartlarda \u00e7al\u0131\u015f\u0131p, ma\u00e7lar\u0131 kazanmak i\u00e7in birbirimizi iyi bir \u015fekilde tan\u0131mam\u0131z \u00e7ok \u00f6nemli diye d\u00fc\u015f\u00fcn\u00fcyorum&#8221; ifadelerini kulland\u0131.<\/p>\n\n<p><\/p>\n<p>Kaynak :\u00a0<span style=\"background-color: rgb(255, 249, 236); color: rgb(55, 58, 60); font-size: 14px;\">http:\/\/www.milliyet.com.tr\/skorer\/galatasarayda-michy-batshuayiden-transfer-itirafi-sampiyonlar-ligi-mesaji-7151176<\/span><\/p>\n","protected":false},"excerpt":{"rendered":"<p>Galatasaray&#8217;\u0131n Bel\u00e7ikal\u0131 forveti Michy Batshuayi, transferinin ard\u0131ndan ilk kez konu\u015ftu.<\/p>\n","protected":false},"author":1,"featured_media":91149,"comment_status":"open","ping_status":"open","sticky":false,"template":"","format":"standard","meta":{"footnotes":""},"categories":[7],"tags":[257,5510,2405],"class_list":["post-91148","post","type-post","status-publish","format-standard","has-post-thumbnail","hentry","category-spor","tag-galatasaray","tag-michy-batshuayi","tag-mutlu"],"_links":{"self":[{"href":"https:\/\/kamucalisani.net\/index.php\/wp-json\/wp\/v2\/posts\/91148","targetHints":{"allow":["GET"]}}],"collection":[{"href":"https:\/\/kamucalisani.net\/index.php\/wp-json\/wp\/v2\/posts"}],"about":[{"href":"https:\/\/kamucalisani.net\/index.php\/wp-json\/wp\/v2\/types\/post"}],"author":[{"embeddable":true,"href":"https:\/\/kamucalisani.net\/index.php\/wp-json\/wp\/v2\/users\/1"}],"replies":[{"embeddable":true,"href":"https:\/\/kamucalisani.net\/index.php\/wp-json\/wp\/v2\/comments?post=91148"}],"version-history":[{"count":1,"href":"https:\/\/kamucalisani.net\/index.php\/wp-json\/wp\/v2\/posts\/91148\/revisions"}],"predecessor-version":[{"id":91150,"href":"https:\/\/kamucalisani.net\/index.php\/wp-json\/wp\/v2\/posts\/91148\/revisions\/91150"}],"wp:featuredmedia":[{"embeddable":true,"href":"https:\/\/kamucalisani.net\/index.php\/wp-json\/wp\/v2\/media\/91149"}],"wp:attachment":[{"href":"https:\/\/kamucalisani.net\/index.php\/wp-json\/wp\/v2\/media?parent=91148"}],"wp:term":[{"taxonomy":"category","embeddable":true,"href":"https:\/\/kamucalisani.net\/index.php\/wp-json\/wp\/v2\/categories?post=91148"},{"taxonomy":"post_tag","embeddable":true,"href":"https:\/\/kamucalisani.net\/index.php\/wp-json\/wp\/v2\/tags?post=91148"}],"curies":[{"name":"wp","href":"https:\/\/api.w.org\/{rel}","templated":true}]}}