{"id":91391,"date":"2024-09-04T09:00:10","date_gmt":"2024-09-04T09:00:10","guid":{"rendered":"https:\/\/kamucalisani.net\/?p=91391"},"modified":"2024-09-04T09:00:10","modified_gmt":"2024-09-04T09:00:10","slug":"a-milli-futbol-takimina-uefa-kurali-mujdesi","status":"publish","type":"post","link":"https:\/\/kamucalisani.net\/index.php\/2024\/09\/04\/a-milli-futbol-takimina-uefa-kurali-mujdesi\/","title":{"rendered":"A Milli Futbol Tak\u0131m\u0131&#8217;na UEFA kural\u0131 m\u00fcjdesi!"},"content":{"rendered":"<p><p>A Milli Futbol Tak\u0131m\u0131, EURO 2024 \u00c7eyrek Final ma\u00e7\u0131nda Hollanda ile kar\u015f\u0131 kar\u015f\u0131ya gelecek. Bizim \u00c7ocuklar, bu ma\u00e7\u0131 kazanmas\u0131 durumunda yar\u0131 final a\u015famas\u0131na y\u00fckselecek.<\/p>\n<p>A Milli Futbol Tak\u0131m\u0131&#8217;nda Orkun K\u00f6k\u00e7\u00fc ve \u0130smail Y\u00fcksek, kart cezalar\u0131 nedeniyle Hollanda ma\u00e7\u0131nda forma giyemeyecek.<\/p>\n<p>Hollanda ma\u00e7\u0131nda kart g\u00f6rmeleri halinde Zeki \u00c7elik, Salih \u00d6zcan, Kenan Y\u0131ld\u0131z, Mert G\u00fcnok, Mert M\u00fcld\u00fcr, Arda G\u00fcler, Kaan Ayhan ve U\u011furcan \u00c7ak\u0131r muhtemel yar\u0131 final e\u015fle\u015fmesinde tak\u0131m\u0131n\u0131 kart cezas\u0131 nedeniyle yaln\u0131z b\u0131rakacak.<\/p>\n<p>A Milli Futbol Tak\u0131m\u0131&#8217;nda Hollanda ma\u00e7\u0131nda kart s\u0131n\u0131r\u0131nda bulunan futbolcular, kart g\u00f6rmemeleri halinde yar\u0131 final ve final a\u015famas\u0131ndaki g\u00f6rd\u00fckleri sar\u0131 kartlar\u0131n herhangi bir etkisi olmayacak.<\/p>\n<p>UEFA kural\u0131 gere\u011fi A Milli Futbol Tak\u0131m\u0131&#8217;nda kart s\u0131n\u0131r\u0131nda bulunan 8 oyuncu Hollanda ma\u00e7\u0131nda kart g\u00f6rmemeleri halinde \u0130ngiltere ya da \u0130svi\u00e7re ma\u00e7\u0131nda Bizim \u00c7ocuklar eksiksiz olarak sahaya \u00e7\u0131kacak.<\/p>\n<p>Kartlar\u0131n s\u0131f\u0131rlanmas\u0131 ayn\u0131 zamanda yar\u0131 finalde sar\u0131 kart g\u00f6rerek final ma\u00e7\u0131n\u0131 ka\u00e7\u0131rma ihtimalini de ortadan kald\u0131rm\u0131\u015f olacak.<\/p>\n\n<p><\/p>\n<p>Kaynak :\u00a0<span style=\"background-color: rgb(255, 249, 236); color: rgb(55, 58, 60); font-size: 14px;\">http:\/\/www.milliyet.com.tr\/skorer\/a-milli-futbol-takimina-uefa-kurali-mujdesi-7151235<\/span><\/p>\n","protected":false},"excerpt":{"rendered":"<p>A Milli Futbol Tak\u0131m\u0131&#8217;n\u0131n 2024 Avrupa \u015eampiyonas\u0131 \u00c7eyrek Finali&#8217;nde Hollanda&#8217;y\u0131 ge\u00e7mesi durumunda UEFA kural\u0131 devreye girecek.<\/p>\n","protected":false},"author":1,"featured_media":91392,"comment_status":"open","ping_status":"open","sticky":false,"template":"","format":"standard","meta":{"footnotes":""},"categories":[7],"tags":[290,949,1217,1325,4664],"class_list":["post-91391","post","type-post","status-publish","format-standard","has-post-thumbnail","hentry","category-spor","tag-final","tag-futbol","tag-hollanda","tag-kart","tag-macinda"],"_links":{"self":[{"href":"https:\/\/kamucalisani.net\/index.php\/wp-json\/wp\/v2\/posts\/91391","targetHints":{"allow":["GET"]}}],"collection":[{"href":"https:\/\/kamucalisani.net\/index.php\/wp-json\/wp\/v2\/posts"}],"about":[{"href":"https:\/\/kamucalisani.net\/index.php\/wp-json\/wp\/v2\/types\/post"}],"author":[{"embeddable":true,"href":"https:\/\/kamucalisani.net\/index.php\/wp-json\/wp\/v2\/users\/1"}],"replies":[{"embeddable":true,"href":"https:\/\/kamucalisani.net\/index.php\/wp-json\/wp\/v2\/comments?post=91391"}],"version-history":[{"count":1,"href":"https:\/\/kamucalisani.net\/index.php\/wp-json\/wp\/v2\/posts\/91391\/revisions"}],"predecessor-version":[{"id":91393,"href":"https:\/\/kamucalisani.net\/index.php\/wp-json\/wp\/v2\/posts\/91391\/revisions\/91393"}],"wp:featuredmedia":[{"embeddable":true,"href":"https:\/\/kamucalisani.net\/index.php\/wp-json\/wp\/v2\/media\/91392"}],"wp:attachment":[{"href":"https:\/\/kamucalisani.net\/index.php\/wp-json\/wp\/v2\/media?parent=91391"}],"wp:term":[{"taxonomy":"category","embeddable":true,"href":"https:\/\/kamucalisani.net\/index.php\/wp-json\/wp\/v2\/categories?post=91391"},{"taxonomy":"post_tag","embeddable":true,"href":"https:\/\/kamucalisani.net\/index.php\/wp-json\/wp\/v2\/tags?post=91391"}],"curies":[{"name":"wp","href":"https:\/\/api.w.org\/{rel}","templated":true}]}}