{"id":91453,"date":"2024-09-04T12:36:07","date_gmt":"2024-09-04T12:36:07","guid":{"rendered":"https:\/\/kamucalisani.net\/?p=91453"},"modified":"2024-09-04T12:36:07","modified_gmt":"2024-09-04T12:36:07","slug":"merih-demirala-cankiridan-davet","status":"publish","type":"post","link":"https:\/\/kamucalisani.net\/index.php\/2024\/09\/04\/merih-demirala-cankiridan-davet\/","title":{"rendered":"Merih Demiral&#8217;a \u00c7ank\u0131r\u0131&#8217;dan davet!"},"content":{"rendered":"<p><p>\u00c7ank\u0131r\u0131 Belediye Ba\u015fkan\u0131 \u0130smail Hakk\u0131 Esen, T\u00fcrkiye-Avusturya ma\u00e7\u0131ndaki gol sevinci s\u0131ras\u0131nda &#8220;bozkurt&#8221; i\u015fareti yapmas\u0131 sebebiyle hakk\u0131nda UEFA taraf\u0131ndan soru\u015fturma ba\u015flat\u0131lan Merih Demiral\u2019\u0131 sosyal medyada yapt\u0131\u011f\u0131 payla\u015f\u0131m ile \u00c7ank\u0131r\u0131\u2019da A\u011fustos ay\u0131nda d\u00fczenlenecek olan 3. Uluslararas\u0131 Tuz Festivaline davet etti.<\/p>\n<p>Festival \u00e7er\u00e7evesinde tuzdan sahada d\u00fczenlenecek futbol turnuvas\u0131n\u0131n santra vuru\u015funu yapmas\u0131 i\u00e7in Merih Demiral&#8217;\u0131 davet eden Esen, &#8220;Ye\u015fil sahalar\u0131n bozkurt y\u00fcrekli yi\u011fidi, seni A\u011fustos ay\u0131nda d\u00fczenleyece\u011fimiz 3. Uluslararas\u0131 Tuz Festivalindeki Tuz Futbolunda ilk santra vuru\u015funu yapmaya tuzlu saham\u0131za davet ediyorum. Seni bozkurtlarla kar\u015f\u0131lamaya t\u00fcm hem\u015fehrilerim haz\u0131rd\u0131r&#8221; ifadelerini kulland\u0131.<\/p>\n\n<p><\/p>\n<p>Kaynak :\u00a0<span style=\"background-color: rgb(255, 249, 236); color: rgb(55, 58, 60); font-size: 14px;\">http:\/\/www.milliyet.com.tr\/skorer\/merih-demirala-cankiridan-davet-7151254<\/span><\/p>\n","protected":false},"excerpt":{"rendered":"<p>\u00c7ank\u0131r\u0131 Belediye Ba\u015fkan\u0131 \u0130smail Hakk\u0131 Esen, 3. Uluslararas\u0131 Tuz Festivali i\u00e7in milli futbolcu Merih Demiral&#8217;a davette bulundu.<\/p>\n","protected":false},"author":1,"featured_media":91454,"comment_status":"open","ping_status":"open","sticky":false,"template":"","format":"standard","meta":{"footnotes":""},"categories":[7],"tags":[2634],"class_list":["post-91453","post","type-post","status-publish","format-standard","has-post-thumbnail","hentry","category-spor","tag-tuz"],"_links":{"self":[{"href":"https:\/\/kamucalisani.net\/index.php\/wp-json\/wp\/v2\/posts\/91453","targetHints":{"allow":["GET"]}}],"collection":[{"href":"https:\/\/kamucalisani.net\/index.php\/wp-json\/wp\/v2\/posts"}],"about":[{"href":"https:\/\/kamucalisani.net\/index.php\/wp-json\/wp\/v2\/types\/post"}],"author":[{"embeddable":true,"href":"https:\/\/kamucalisani.net\/index.php\/wp-json\/wp\/v2\/users\/1"}],"replies":[{"embeddable":true,"href":"https:\/\/kamucalisani.net\/index.php\/wp-json\/wp\/v2\/comments?post=91453"}],"version-history":[{"count":1,"href":"https:\/\/kamucalisani.net\/index.php\/wp-json\/wp\/v2\/posts\/91453\/revisions"}],"predecessor-version":[{"id":91455,"href":"https:\/\/kamucalisani.net\/index.php\/wp-json\/wp\/v2\/posts\/91453\/revisions\/91455"}],"wp:featuredmedia":[{"embeddable":true,"href":"https:\/\/kamucalisani.net\/index.php\/wp-json\/wp\/v2\/media\/91454"}],"wp:attachment":[{"href":"https:\/\/kamucalisani.net\/index.php\/wp-json\/wp\/v2\/media?parent=91453"}],"wp:term":[{"taxonomy":"category","embeddable":true,"href":"https:\/\/kamucalisani.net\/index.php\/wp-json\/wp\/v2\/categories?post=91453"},{"taxonomy":"post_tag","embeddable":true,"href":"https:\/\/kamucalisani.net\/index.php\/wp-json\/wp\/v2\/tags?post=91453"}],"curies":[{"name":"wp","href":"https:\/\/api.w.org\/{rel}","templated":true}]}}