{"id":91846,"date":"2024-09-05T08:36:07","date_gmt":"2024-09-05T08:36:07","guid":{"rendered":"https:\/\/kamucalisani.net\/?p=91846"},"modified":"2024-09-05T08:36:07","modified_gmt":"2024-09-05T08:36:07","slug":"diorun-cantalari-kayyuma-emanet","status":"publish","type":"post","link":"https:\/\/kamucalisani.net\/index.php\/2024\/09\/05\/diorun-cantalari-kayyuma-emanet\/","title":{"rendered":"Dior\u2019un \u00e7antalar\u0131 kayyuma emanet"},"content":{"rendered":"<p><p>\u0130talya\u2019da l\u00fcks markalara \u00fcr\u00fcn tedarik eden firmalardaki \u00e7al\u0131\u015fma ko\u015fullar\u0131 hakk\u0131nda soru\u015fturma y\u00fcr\u00fcten \u0130talyan savc\u0131lar, \u2018Made in Italy\u2019 damgas\u0131 i\u00e7in nas\u0131l bir \u2018s\u00f6m\u00fcr\u00fc\u2019 sistemi kuruldu\u011funu ortaya \u00e7\u0131kard\u0131. \u0130talyan bas\u0131n\u0131nda yer alan haberlere g\u00f6re savc\u0131l\u0131k mart ve nisan aylar\u0131nda \u0130talyan polisi ile birlikte D\u00fcnyan\u0131n en b\u00fcy\u00fck l\u00fcks e\u015fya \u015firketi olan LVMH\u2019nin yan kurulu\u015fu Dior\u2019un tedarik\u00e7ilerine bask\u0131n yapt\u0131. Bu bask\u0131nlarda tedarik\u00e7i firmalar\u0131n i\u015f\u00e7ileri s\u00f6m\u00fcrerek ma\u011faza\u00a0fiyatlar\u0131n\u0131n \u00e7ok alt\u0131nda \u00e7anta \u00fcrettikleri ortaya \u00e7\u0131kart\u0131ld\u0131. Savc\u0131l\u0131k belgelerine g\u00f6re Dior\u2019un yakla\u015f\u0131k 2.780 dolara sat\u0131lan \u00e7antalar\u0131 \u00fcretmek i\u00e7in bir tedarik\u00e7iye 57 dolar \u00f6dedi\u011fi belirlendi. Hammadeyi, deriyi, modeli, Dior sa\u011fl\u0131yor. Savc\u0131lar, \u00e7antalar\u0131 \u00fcreten i\u015f\u00e7ilerin \u00e7o\u011funun \u00c7in\u2019den geldi\u011fini, \u00e7antalar\u0131n g\u00fcn\u00fcn her saati \u00fcretilebilmesi i\u00e7in i\u015f\u00e7ilerin tesiste uyudu\u011funu tespit ederken iki i\u015f\u00e7inin \u00fclkeye yasad\u0131\u015f\u0131 yollardan girdi\u011fi, 7 i\u015f\u00e7inin ise \u00e7al\u0131\u015fma izinlerinin olmad\u0131\u011f\u0131 belirlendi.<\/p>\n<div>\n<div> <img decoding=\"async\" src=\"https:\/\/kamucalisani.net\/wp-content\/uploads\/2024\/09\/diorun-cantalari-kayyuma-emanet-0-pC3eHBvQ.jpg\"\/><\/img> <\/div>\n<\/p><\/div>\n<\/p>\n<p><em>LVMH CEO\u2019su Bernard Arnault, 233 milyar dolarl\u0131k ki\u015fisel servetiyle Forbes milyarderler listesinin en tepesinde yer al\u0131yor. K\u0131z\u0131 Delphine Arnault ise Dior\u2019un CEO\u2019su.<\/em><\/p>\n<p><strong>Armani de yapt\u0131<\/strong><\/p>\n<p>Soru\u015fturmada ayr\u0131ca i\u015f\u00e7ilerin daha h\u0131zl\u0131 \u00e7al\u0131\u015fabilmeleri i\u00e7in yap\u0131\u015ft\u0131rma ve f\u0131r\u00e7alama makinelerindeki g\u00fcvenlik cihazlar\u0131n\u0131n \u00e7\u0131kar\u0131ld\u0131\u011f\u0131 da tespit edilirken, LVMH ve Dior yetkililerinin d\u00fczenli olarak denetlemeleri gereken bu imalathanelere hi\u00e7 tefti\u015fe gitmedi\u011fi ortaya \u00e7\u0131kt\u0131.<\/p>\n<p>Ayn\u0131 soru\u015fturma Giorgio Armani\u2019nin tedarik\u00e7ilerine de yap\u0131ld\u0131. Armani\u2019nin ma\u011fazalarda 1.900 dolardan sat\u0131lan \u00e7antalar\u0131 y\u00fcklenicilere 99 dolar \u00f6dedi\u011fi ortaya \u00e7\u0131kt\u0131.<\/p>\n<p>Milano\u2019daki yarg\u0131\u00e7lar her iki \u015firketin birimlerinin bir y\u0131l s\u00fcreyle adli y\u00f6netim alt\u0131na al\u0131nmas\u0131na karar verdi. Savc\u0131l\u0131k, \u00e7al\u0131\u015fma kurallar\u0131n\u0131 ihlal etmenin, l\u00fcks devlerin daha y\u00fcksek karlar i\u00e7in g\u00fcvendi\u011fi yayg\u0131n bir end\u00fcstri uygulamas\u0131 oldu\u011funu s\u00f6yledi. Dior\u2019un y\u00f6netim alt\u0131na al\u0131nmas\u0131 karar\u0131yla ilgili mahkeme belgelerinde, \u201cBu, tek bir \u00fcretim partisini ilgilendiren m\u00fcnferit bir \u015fey de\u011fil, genelle\u015ftirilmi\u015f ve konsolide edilmi\u015f bir \u00fcretim y\u00f6ntemidir\u201d denildi.<\/p>\n<p>Milano Mahkemesi Ba\u015fkan\u0131 Fabio Roia, \u201cAs\u0131l sorun tabii ki insanlara k\u00f6t\u00fc muamele edilmesi, sa\u011fl\u0131k ve g\u00fcvenlik, \u00e7al\u0131\u015fma saatleri, \u00fccret. Ancak bir ba\u015fka b\u00fcy\u00fck sorun daha var: yasalara uyan firmalar\u0131 piyasan\u0131n d\u0131\u015f\u0131na iten haks\u0131z rekabet\u201d dedi.<\/p>\n\n<p><\/p>\n<p>Kaynak :\u00a0<span style=\"background-color: rgb(255, 249, 236); color: rgb(55, 58, 60); font-size: 14px;\">http:\/\/www.milliyet.com.tr\/ekonomi\/diorun-cantalari-kayyuma-emanet-7151319<\/span><\/p>\n","protected":false},"excerpt":{"rendered":"<p>\u0130talyan polisi, Dior\u2019un l\u00fcks \u00e7anta\u00a0tedarik\u00e7ilerine\u00a0bask\u0131n d\u00fczenledi. 2.780 dolara sat\u0131lan \u00e7antaya Dior\u2019un 57 dolar \u00f6dedi\u011fi ortaya \u00e7\u0131kt\u0131, firmalara\u00a0kayyum atand\u0131.<\/p>\n","protected":false},"author":1,"featured_media":91847,"comment_status":"open","ping_status":"open","sticky":false,"template":"","format":"standard","meta":{"footnotes":""},"categories":[2],"tags":[4402,5860,163,1827],"class_list":["post-91846","post","type-post","status-publish","format-standard","has-post-thumbnail","hentry","category-ekonomi","tag-canta","tag-dior","tag-dolar","tag-tedarik"],"_links":{"self":[{"href":"https:\/\/kamucalisani.net\/index.php\/wp-json\/wp\/v2\/posts\/91846","targetHints":{"allow":["GET"]}}],"collection":[{"href":"https:\/\/kamucalisani.net\/index.php\/wp-json\/wp\/v2\/posts"}],"about":[{"href":"https:\/\/kamucalisani.net\/index.php\/wp-json\/wp\/v2\/types\/post"}],"author":[{"embeddable":true,"href":"https:\/\/kamucalisani.net\/index.php\/wp-json\/wp\/v2\/users\/1"}],"replies":[{"embeddable":true,"href":"https:\/\/kamucalisani.net\/index.php\/wp-json\/wp\/v2\/comments?post=91846"}],"version-history":[{"count":1,"href":"https:\/\/kamucalisani.net\/index.php\/wp-json\/wp\/v2\/posts\/91846\/revisions"}],"predecessor-version":[{"id":91849,"href":"https:\/\/kamucalisani.net\/index.php\/wp-json\/wp\/v2\/posts\/91846\/revisions\/91849"}],"wp:featuredmedia":[{"embeddable":true,"href":"https:\/\/kamucalisani.net\/index.php\/wp-json\/wp\/v2\/media\/91847"}],"wp:attachment":[{"href":"https:\/\/kamucalisani.net\/index.php\/wp-json\/wp\/v2\/media?parent=91846"}],"wp:term":[{"taxonomy":"category","embeddable":true,"href":"https:\/\/kamucalisani.net\/index.php\/wp-json\/wp\/v2\/categories?post=91846"},{"taxonomy":"post_tag","embeddable":true,"href":"https:\/\/kamucalisani.net\/index.php\/wp-json\/wp\/v2\/tags?post=91846"}],"curies":[{"name":"wp","href":"https:\/\/api.w.org\/{rel}","templated":true}]}}