{"id":92090,"date":"2024-09-05T17:48:11","date_gmt":"2024-09-05T17:48:11","guid":{"rendered":"https:\/\/kamucalisani.net\/?p=92090"},"modified":"2024-09-05T17:48:11","modified_gmt":"2024-09-05T17:48:11","slug":"basbaglar-katliaminin-yarali-kurtuldu-ustumuze-yuzlerce-kursun-siktilar","status":"publish","type":"post","link":"https:\/\/kamucalisani.net\/index.php\/2024\/09\/05\/basbaglar-katliaminin-yarali-kurtuldu-ustumuze-yuzlerce-kursun-siktilar\/","title":{"rendered":"Ba\u015fba\u011flar katliam\u0131n\u0131n yaral\u0131 kurtuldu: \u00dcst\u00fcm\u00fcze y\u00fczlerce kur\u015fun s\u0131kt\u0131lar"},"content":{"rendered":"<p><p>Erzincan&#8217;\u0131n Kemaliye il\u00e7esine ba\u011fl\u0131 Ba\u015fba\u011flar k\u00f6y\u00fcne 5 Temmuz 1993 ak\u015fam\u0131 gelen PKK&#8217;l\u0131 ter\u00f6ristler, 33 vatanda\u015f\u0131 katlederek para, alt\u0131n ve de\u011ferli e\u015fyalar\u0131 yanlar\u0131na ald\u0131ktan sonra evleri ate\u015fe verip ka\u00e7t\u0131.<\/p>\n<p>Katliam\u0131n 31&#8217;inci y\u0131l d\u00f6n\u00fcm\u00fcnde k\u00f6yde ac\u0131 hala tazeli\u011fini koruyor. Her y\u0131l oldu\u011fu gibi bu y\u0131l da hayat\u0131n\u0131 kaybedenler k\u00f6yde dualarla an\u0131l\u0131yor. T\u00fcrk bayra\u011f\u0131n\u0131n her yere as\u0131ld\u0131\u011f\u0131 k\u00f6yde, katliamdan yaral\u0131 kurtulan Ali Akarp\u0131nar, 31 y\u0131l \u00f6nce ya\u015fad\u0131klar\u0131n\u0131 DHA&#8217;ya anlatt\u0131.<\/p>\n<div>\n<div> <img decoding=\"async\" src=\"https:\/\/kamucalisani.net\/wp-content\/uploads\/2024\/09\/basbaglar-katliaminin-yarali-kurtuldu-ustumuze-yuzlerce-kursun-siktilar-0-4BAxXpWa.jpg\"\/><\/img> <\/div>\n<\/p><\/div>\n<\/p>\n<p><strong>&#8216;KUNDAKLAMA YAPIYORLARDI&#8217;<\/strong><\/p>\n<p>Olaydan yaral\u0131 kurtulan 3 ki\u015fiden biri olan Ali Akarp\u0131nar, \u015fu an sadece kendisinin ya\u015fad\u0131\u011f\u0131n\u0131 belirterek,&#8221;O g\u00fcn gurbetten gelen akrabalar\u0131m\u0131zla beraber sevin\u00e7liydik. Fakat ak\u015fam namaz\u0131 camide namaz\u0131m\u0131z\u0131 eda ederken, k\u00f6y\u00fcm\u00fcze 100 ki\u015filik bir ter\u00f6r grubu giri\u015f yapm\u0131\u015f. Bizi camiden ald\u0131lar. Camiden ald\u0131ktan sonra toplant\u0131 yap\u0131p gideceklerini s\u00f6ylediler. \u015eu anda an\u0131t olarak yap\u0131lan olay yerinde g\u00f6t\u00fcrd\u00fcler. Orada yar\u0131m saatten fazla kendi \u00f6rg\u00fct propagandas\u0131n\u0131 yapt\u0131lar. Tabii ki o anda bizim k\u00f6y\u00fc g\u00f6rmemiz m\u00fcmk\u00fcn de\u011fildi. K\u00f6yde di\u011fer ter\u00f6r unsurlar\u0131 kad\u0131nlar\u0131n ziynet e\u015fyalar\u0131na var\u0131ncaya kadar al\u0131yorlard\u0131. Ayn\u0131 zamanda k\u00f6y\u00fc tamamen yakmak amac\u0131yla kundaklama yap\u0131yorlard\u0131. Ondan sonra bizim \u00fcst\u00fcm\u00fcze y\u00fczlerce kur\u015fun s\u0131kt\u0131lar. Ben bu olaydan yaral\u0131 kurtuldum&#8221; dedi.<\/p>\n<div>\n<div> <img decoding=\"async\" src=\"https:\/\/kamucalisani.net\/wp-content\/uploads\/2024\/09\/basbaglar-katliaminin-yarali-kurtuldu-ustumuze-yuzlerce-kursun-siktilar-1-WJyTFq4F.jpg\"\/><\/img> <\/div>\n<\/p><\/div>\n<\/p>\n<p>V\u00fccudunun \u00e7e\u015fitli yerlerine kur\u015fun isabet etti\u011fini s\u00f6yleyen Akarp\u0131nar, &#8220;O an hi\u00e7 bir \u015fey hissedemedim. K\u00f6y yan\u0131yordu. \u00dczerimizde ate\u015f topu gibi geliyordu ve r\u00fczgar da vard\u0131. O anda bir \u015fey hissetmek m\u00fcmk\u00fcn de\u011fil. \u00d6lece\u011fimi her zaman d\u00fc\u015f\u00fcnd\u00fcm&#8221; diye konu\u015ftu.<\/p>\n<div>\n<div> <img decoding=\"async\" src=\"https:\/\/kamucalisani.net\/wp-content\/uploads\/2024\/09\/basbaglar-katliaminin-yarali-kurtuldu-ustumuze-yuzlerce-kursun-siktilar-2-VXMudySF.jpg\"\/><\/img> <\/div>\n<\/p><\/div>\n<p> <\/p>\n<div>\n<div> <img decoding=\"async\" src=\"https:\/\/kamucalisani.net\/wp-content\/uploads\/2024\/09\/basbaglar-katliaminin-yarali-kurtuldu-ustumuze-yuzlerce-kursun-siktilar-3-rCc2gr76.jpg\"\/><\/img> <\/div>\n<\/p><\/div>\n<\/p>\n<p><\/p>\n<p>Kaynak :\u00a0<span style=\"background-color: rgb(255, 249, 236); color: rgb(55, 58, 60); font-size: 14px;\">http:\/\/www.milliyet.com.tr\/gundem\/basbaglar-katliaminin-yarali-kurtuldu-ustumuze-yuzlerce-kursun-siktilar-7151510<\/span><\/p>\n","protected":false},"excerpt":{"rendered":"<p>Ba\u015fba\u011flar k\u00f6y\u00fcnde 5 Temmuz 1993&#8217;te PKK&#8217;l\u0131 ter\u00f6ristler taraf\u0131ndan yap\u0131lan sald\u0131r\u0131da hayat\u0131n\u0131 kaybeden 33 ki\u015fi an\u0131l\u0131rken olaydan yaral\u0131 kurtulan Ali Akarp\u0131nar (70) ya\u015fad\u0131klar\u0131n\u0131 anlatt\u0131.<\/p>\n","protected":false},"author":1,"featured_media":92091,"comment_status":"open","ping_status":"open","sticky":false,"template":"","format":"standard","meta":{"footnotes":""},"categories":[3],"tags":[2998],"class_list":["post-92090","post","type-post","status-publish","format-standard","has-post-thumbnail","hentry","category-guncel","tag-koy"],"_links":{"self":[{"href":"https:\/\/kamucalisani.net\/index.php\/wp-json\/wp\/v2\/posts\/92090","targetHints":{"allow":["GET"]}}],"collection":[{"href":"https:\/\/kamucalisani.net\/index.php\/wp-json\/wp\/v2\/posts"}],"about":[{"href":"https:\/\/kamucalisani.net\/index.php\/wp-json\/wp\/v2\/types\/post"}],"author":[{"embeddable":true,"href":"https:\/\/kamucalisani.net\/index.php\/wp-json\/wp\/v2\/users\/1"}],"replies":[{"embeddable":true,"href":"https:\/\/kamucalisani.net\/index.php\/wp-json\/wp\/v2\/comments?post=92090"}],"version-history":[{"count":1,"href":"https:\/\/kamucalisani.net\/index.php\/wp-json\/wp\/v2\/posts\/92090\/revisions"}],"predecessor-version":[{"id":92096,"href":"https:\/\/kamucalisani.net\/index.php\/wp-json\/wp\/v2\/posts\/92090\/revisions\/92096"}],"wp:featuredmedia":[{"embeddable":true,"href":"https:\/\/kamucalisani.net\/index.php\/wp-json\/wp\/v2\/media\/92091"}],"wp:attachment":[{"href":"https:\/\/kamucalisani.net\/index.php\/wp-json\/wp\/v2\/media?parent=92090"}],"wp:term":[{"taxonomy":"category","embeddable":true,"href":"https:\/\/kamucalisani.net\/index.php\/wp-json\/wp\/v2\/categories?post=92090"},{"taxonomy":"post_tag","embeddable":true,"href":"https:\/\/kamucalisani.net\/index.php\/wp-json\/wp\/v2\/tags?post=92090"}],"curies":[{"name":"wp","href":"https:\/\/api.w.org\/{rel}","templated":true}]}}