{"id":92219,"date":"2024-09-05T23:36:08","date_gmt":"2024-09-05T23:36:08","guid":{"rendered":"https:\/\/kamucalisani.net\/?p=92219"},"modified":"2024-09-05T23:36:08","modified_gmt":"2024-09-05T23:36:08","slug":"kiralarda-yeni-duzenleme-olacak-mi-bakan-tunctan-aciklama","status":"publish","type":"post","link":"https:\/\/kamucalisani.net\/index.php\/2024\/09\/05\/kiralarda-yeni-duzenleme-olacak-mi-bakan-tunctan-aciklama\/","title":{"rendered":"Kiralarda yeni d\u00fczenleme olacak m\u0131? Bakan Tun\u00e7&#8217;tan a\u00e7\u0131klama"},"content":{"rendered":"<p><p>Temaslar\u0131 kapsam\u0131nda kente gelen Tun\u00e7, Valili\u011fi ziyaret ederek \u015feref defterini imzalad\u0131. Bakan Tun\u00e7, Vali Mustafa Yavuz&#8217;dan kentteki \u00e7al\u0131\u015fmalarla ilgili bilgi ald\u0131. Ziyaretin ard\u0131ndan a\u00e7\u0131klama yapan Tun\u00e7, Karab\u00fck&#8217;\u00fcn &#8220;eme\u011fin, demir \u00e7eli\u011fin ba\u015fkenti&#8221; oldu\u011funu s\u00f6yledi.<\/p>\n<p>Tun\u00e7, Karab\u00fck&#8217;\u00fcn y\u0131llarca \u00fclke ekonomisine demir \u00e7elik sekt\u00f6r\u00fcnde hizmet veren, b\u00fcnyesinde UNESCO D\u00fcnya Miras\u0131 Listesi&#8217;ndeki Safranbolu il\u00e7esini bar\u0131nd\u0131ran \u00f6nemli bir \u015fehir oldu\u011funu kaydetti.<\/p>\n<p>Ziyarette, kentteki yat\u0131r\u0131mlar\u0131 de\u011ferlendirdiklerini, Bakanl\u0131\u011f\u0131n \u00e7al\u0131\u015fmalar\u0131yla ilgili isti\u015farelerde bulunduklar\u0131n\u0131 aktaran Tun\u00e7, \u015f\u00f6yle devam etti:<\/p>\n<p>&#8220;Karab\u00fck&#8217;\u00fcm\u00fczde Adalet Bakanl\u0131\u011f\u0131na ba\u011fl\u0131 \u00f6nemli yat\u0131r\u0131m olarak Karab\u00fck Adalet Saray\u0131 var. Adalet saray\u0131m\u0131z Karab\u00fck&#8217;te yetersiz ve eski bir bina. Dolay\u0131s\u0131yla yeni bir binaya ihtiyac\u0131m\u0131z var. Bu nedenle de \u00e7al\u0131\u015fmalara ba\u015flad\u0131k. \u015eu anda arsa \u00e7al\u0131\u015fmalar\u0131 tamamlanm\u0131\u015f durumda. Proje \u00e7al\u0131\u015fmalar\u0131na da ba\u015flad\u0131k. 13 Haziran&#8217;da da proje s\u00f6zle\u015fmesini imzalad\u0131k. Bu proje \u00e7al\u0131\u015fmas\u0131 tamamland\u0131ktan sonra da in\u015fallah 2025 y\u0131l\u0131n\u0131n in\u015faat yat\u0131r\u0131m program\u0131na al\u0131nmas\u0131 konusundaki takiplerimizi s\u00fcrd\u00fcrece\u011fiz. H\u00fcrriyet Mahallesi&#8217;nde eski Devlet Demir Yollar\u0131 arazisi, Adalet Bakanl\u0131\u011f\u0131m\u0131za tahsis edilmi\u015fti. Orada in\u015fa edilecek ve 27 bin 567 metrekare kapal\u0131 alana sahip olacak Karab\u00fck adalet binam\u0131z. Safranbolu&#8217;muzda daha \u00f6nceki y\u0131llarda adalet binam\u0131z\u0131n yap\u0131m\u0131n\u0131 tamamlam\u0131\u015ft\u0131k. Eskipazar&#8217;da da \u0130\u00e7i\u015fleri Bakanl\u0131\u011f\u0131m\u0131z\u0131n ortak projesi var. Orada da Adalet Bakanl\u0131\u011f\u0131na, adliyemize bin metrekare civar\u0131nda bir yer tahsis edilecek. Onun da takiplerini \u0130\u00e7i\u015fleri Bakan\u0131m\u0131zla ger\u00e7ekle\u015ftiriyoruz.&#8221;<\/p>\n<p>Tun\u00e7, Karab\u00fckl\u00fc vatanda\u015flar\u0131n yarg\u0131 s\u00fcre\u00e7lerinden daha h\u0131zl\u0131 yararlanabilmeleri ad\u0131na yeni kurulan mahkemelerin oldu\u011fundan bahsederek, yarg\u0131 alan\u0131nda kentteki personel ihtiyac\u0131n\u0131 kar\u015f\u0131layabilmek i\u00e7in \u00e7al\u0131\u015fmalar ger\u00e7ekle\u015ftirdiklerini anlatt\u0131.<\/p>\n<p><strong>\u00a0&#8220;9. YARGI PAKET\u0130 GELECEK HAFTA ADALET KOM\u0130SYONUNDA G\u00d6R\u00dc\u015e\u00dcLECEK&#8221;<\/strong><\/p>\n<p>Bakan Tun\u00e7, a\u00e7\u0131klamas\u0131n\u0131n ard\u0131ndan bas\u0131n mensuplar\u0131n\u0131n g\u00fcndeme ili\u015fkin sorular\u0131n\u0131 yan\u0131tlad\u0131.<\/p>\n<p>TBMM Ba\u015fl\u0131\u011f\u0131na sunulan, kamuoyunda 9. Yarg\u0131 Paketi olarak bilinen kanun teklifinin ayr\u0131nt\u0131lar\u0131na ili\u015fkin soru \u00fczerine Tun\u00e7, AK Parti Grup Ba\u015fkan\u0131 Abdullah G\u00fcler&#8217;in teklifin i\u00e7erdi\u011fi hususlar\u0131 ayr\u0131nt\u0131l\u0131 olarak kamuoyuyla payla\u015ft\u0131\u011f\u0131n\u0131 s\u00f6yledi.<\/p>\n<p>Tun\u00e7, gelecek hafta Adalet Komisyonu&#8217;nda g\u00f6r\u00fc\u015fmelerin ger\u00e7ekle\u015fece\u011fini, sonras\u0131nda da paketin genel kurul g\u00fcndemine gelece\u011fini aktard\u0131.<\/p>\n<p>9. Yarg\u0131 Paketi&#8217;ne alamad\u0131klar\u0131, toplumun ve uygulaman\u0131n bekledi\u011fi birtak\u0131m d\u00fczenlemelerin oldu\u011funu dile getirerek, &#8220;\u00d6zellikle hem Ceza Mahkemesi Kanunu hem T\u00fcrk Ceza Kanunu&#8217;nu ilgilendiren baz\u0131 d\u00fczenlemeler de var. Onlar\u0131 da yeni yasama d\u00f6neminin ba\u015flar\u0131nda, 10. Yarg\u0131 Paketi&#8217;nde de\u011ferlendirece\u011fimiz hususlar var.&#8221; dedi.<\/p>\n<p>Tun\u00e7, Yarg\u0131 Reformu Strateji Belgesi ve \u0130nsan Haklar\u0131 Eylem Plan\u0131&#8217;yla ilgili de \u00e7al\u0131\u015fmalar\u0131n son a\u015famada oldu\u011funu ifade ederek, bunlar\u0131 2024 ve 2028 y\u0131llar\u0131n\u0131 kapsayacak \u015fekilde yeniden d\u00fczenlediklerini, bunu yak\u0131n zamanda Cumhurba\u015fkan\u0131 Recep Tayyip Erdo\u011fan&#8217;\u0131n kamuoyuyla payla\u015faca\u011f\u0131n\u0131 ve oradaki hedefler do\u011frultusunda da \u00e7al\u0131\u015fmalar\u0131 s\u00fcrd\u00fcreceklerini anlatt\u0131.<\/p>\n<p>Son Yarg\u0131 Reformu Strateji Belgesi&#8217;nin ger\u00e7ekle\u015fme oran\u0131n\u0131n y\u00fczde 70 civar\u0131nda, \u0130nsan Haklar\u0131 Eylem Plan\u0131&#8217;n\u0131n ger\u00e7ekle\u015fme oran\u0131 da y\u00fczde 66 civar\u0131nda oldu\u011fu bilgisini payla\u015fan Tun\u00e7, s\u00f6zlerini \u015f\u00f6yle s\u00fcrd\u00fcrd\u00fc:<\/p>\n<p>&#8220;O planlardaki hedeflerde ger\u00e7ekle\u015fmeyen hususlar\u0131 da yeni Yarg\u0131 Reformu Strateji Belgelerine ve \u0130nsan Haklar\u0131 Eylem Plan\u0131 Belgelerine alarak, o hedeflerden de vazge\u00e7mi\u015f de\u011filiz. T\u00fcrkiye&#8217;de \u00f6zellikle g\u00fcvenilir adalet sisteminin tesisi anlam\u0131nda \u00e7ok \u00f6nemli mesafeler ald\u0131k. Gerek adliye binalar\u0131m\u0131z\u0131n yeniden yap\u0131lmas\u0131, in\u015fa edilmesi, o k\u00f6hne binalardan kurtularak gerek avukatlar\u0131m\u0131z\u0131n gerek hakim savc\u0131lar\u0131m\u0131z\u0131n gerek yarg\u0131 personelimizin ve vatanda\u015flar\u0131m\u0131z\u0131n daha kaliteli hizmet alabilmesi ad\u0131na fiziki imkanlar art\u0131r\u0131ld\u0131 ve teknolojinin imkanlar\u0131 da had safhada art\u0131r\u0131ld\u0131. Teknoloji UYAP sistemi ba\u015fta olmak \u00fczere elektronik tebligattan elektronik duru\u015fmaya var\u0131ncaya kadar t\u00fcm bunlar vatanda\u015flar\u0131m\u0131z\u0131n hizmetine sunuldu. Yine mevzuat d\u00fczenlemeleriyle de vatanda\u015flar\u0131m\u0131z\u0131n ihtiyac\u0131 olan d\u00fczenlemeleri peyderpey hayata ge\u00e7irmenin gayretindeyiz.&#8221;<\/p>\n<p>Tun\u00e7, bu pakette \u00f6zellikle uygulamadan gelen baz\u0131 sorunlar\u0131 tespit ettiklerini, pakette bu sorunlar\u0131 ortadan kald\u0131rmaya y\u00f6nelik \u00f6nemli d\u00fczenlemeler bulundu\u011funu kaydetti.<\/p>\n<p><strong>&#8220;K\u0130RA UYU\u015eMAZLIKLARININ Y\u00dcZDE 54&#8217;\u00dc ARABULUCULUKTA \u00c7\u00d6Z\u00dcLD\u00dc&#8221;<\/strong><\/p>\n<p>Bakan Tun\u00e7, 2013 y\u0131l\u0131ndan bu yana arabuluculuk sisteminin uyguland\u0131\u011f\u0131n\u0131 hat\u0131rlatarak, \u015f\u00f6yle devam etti:<\/p>\n<p>&#8220;\u015eu ana kadar 5 milyon 838 bin dosya arabulucular\u0131n \u00f6n\u00fcne geldi ve 3 milyon 874 bini uzla\u015fmayla sonu\u00e7land\u0131. Bu da y\u00fczde 66 oran\u0131nda bir ba\u015far\u0131 demek. Bunun i\u00e7erisinde tabii ihtiyari arabuluculu\u011fun oran\u0131 daha y\u00fcksek. Zorunlu arabuluculuk kapsam\u0131nda olan k\u0131s\u0131m da y\u00fczde 50 civar\u0131nda. Dolay\u0131s\u0131yla 3 milyon 874 bin uyu\u015fmazl\u0131\u011f\u0131n yarg\u0131 \u00f6n\u00fcne gelmeden taraflar\u0131n bar\u0131\u015farak, dostane bir \u015fekilde \u00e7\u00f6z\u00fcme kavu\u015fmas\u0131 hem toplumsal bar\u0131\u015f a\u00e7\u0131s\u0131ndan hem de daha az masrafl\u0131 ve k\u0131sa s\u00fcrede insanlar\u0131n kendi haklar\u0131na kavu\u015fmas\u0131 a\u00e7\u0131s\u0131ndan \u00f6nemli. Yarg\u0131n\u0131n da i\u015f y\u00fck\u00fcn\u00fc azaltan bir d\u00fczenleme.<\/p>\n<p>Tabii son zamanlarda kira uyu\u015fmazl\u0131klar\u0131n\u0131 da arabuluculuk kapsam\u0131na alm\u0131\u015ft\u0131k. Orada da 1 Eyl\u00fcl&#8217;den itibaren 191 bin 493 kira uyu\u015fmazl\u0131\u011f\u0131 arabulucu \u00f6n\u00fcne geldi. 102 bin 689&#8217;u anla\u015fmayla sonu\u00e7land\u0131. Yani bakt\u0131\u011f\u0131m\u0131z zaman kira uyu\u015fmazl\u0131klar\u0131nda da y\u00fczde 54&#8217;\u00fc arabuluculukta \u00e7\u00f6z\u00fcld\u00fc\u011f\u00fcn\u00fc g\u00f6r\u00fcyoruz. Yani yar\u0131dan fazlas\u0131 yarg\u0131ya intikal etmeden, kirac\u0131yla kiralayan, bar\u0131\u015farak sorunlar\u0131n\u0131 \u00e7\u00f6zm\u00fc\u015f oldular. \u015eimdi arabuluculu\u011fu daha da geli\u015ftirmeye y\u00f6nelik bir tak\u0131m d\u00fczenlemeler var. Yani bu m\u00fcesseseyi daha kal\u0131c\u0131 hale getirmek, kapsam\u0131n\u0131 daha da geni\u015fletme noktas\u0131ndaki \u00e7al\u0131\u015fmalar\u0131m\u0131z\u0131 s\u00fcrd\u00fcr\u00fcyoruz. 5 y\u0131l k\u0131deme sahip hukuk\u00e7ular aras\u0131ndan s\u0131nav\u0131 kazananlar arabulucu olabiliyordu. \u015eimdi yeni d\u00fczenlemeyle yeni teklifle hukuk mesle\u011finde 20 y\u0131l tecr\u00fcbesi olan ki\u015filer, arabuluculuk e\u011fitimi almak \u015fart\u0131yla s\u0131nav \u015fart\u0131 olmadan da arabulucu olabilecekler \u00e7\u00fcnk\u00fc burada \u00f6zellikle tecr\u00fcbeye \u00f6nem veriyoruz.&#8221;<\/p>\n<p><strong>&#8220;YED\u0130EM\u0130NDEK\u0130 ARA\u00c7LARIN SATI\u015eINA Y\u00d6NEL\u0130K D\u00dcZENLEMEY\u0130 DE HAYATA GE\u00c7\u0130RECE\u011e\u0130Z&#8221;<\/strong><\/p>\n<p>Hukuk Mesleklerine Giri\u015f S\u0131nav\u0131n\u0131n eyl\u00fcl sonundan itibaren uygulanmaya ba\u015flanaca\u011f\u0131n\u0131 belirten Tun\u00e7, pakette soru say\u0131s\u0131 ve derslerle ilgili de bir d\u00fczenleme bulundu\u011funu s\u00f6yledi.<\/p>\n<p>Tun\u00e7, avukat olabilmek i\u00e7in art\u0131k bu s\u0131nav\u0131 kazanmak gerekece\u011fini ifade ederek, Hakim ve Savc\u0131 Yard\u0131mc\u0131l\u0131\u011f\u0131 S\u0131nav\u0131na girebilmek i\u00e7in de yine Hukuk Mesleklerine Giri\u015f S\u0131nav\u0131n\u0131 kazanmak gerekece\u011fini kaydetti.<\/p>\n<p>Yediemindeki ara\u00e7larla ilgili, icra dairelerindeki hacizli ara\u00e7lar\u0131n tasfiyesiyle ilgili \u00e7al\u0131\u015fmay\u0131 zaten yapt\u0131klar\u0131n\u0131 dile getiren Tun\u00e7, &#8220;\u015eimdi Karayollar\u0131 Trafik Kanunu gere\u011fince trafikten men edilen, ba\u011flanan ve yediemine al\u0131nan ara\u00e7lar var. Ama sahipleri bunlar\u0131 terk ediyor. Bir daha da aray\u0131p sormuyor ve orada \u00e7\u00fcr\u00fcmeye terk ediliyor. Bunlar\u0131n yeniden tasfiyesine y\u00f6nelik, h\u0131zl\u0131 bir \u015fekilde ekonomiye kazand\u0131r\u0131lmas\u0131 ve sat\u0131\u015f\u0131na y\u00f6nelik bir d\u00fczenlemeyi de bu yarg\u0131 paketinde in\u015fallah hayata ge\u00e7irece\u011fiz.&#8221; diye konu\u015ftu.<\/p>\n<p>Tun\u00e7, B\u00f6lge Adliye Mahkemelerindeki i\u015f yo\u011funlu\u011funun son zamanlarda artt\u0131\u011f\u0131n\u0131, buna \u00e7\u00f6z\u00fcm bulmak ad\u0131na da pakette yer alan d\u00fczenlemelerden bahsetti.<\/p>\n<p>G\u00f6rsel, yaz\u0131l\u0131 bas\u0131n ya da sosyal medya arac\u0131l\u0131\u011f\u0131yla hakaret su\u00e7lar\u0131n\u0131n yarg\u0131da b\u00fcy\u00fck bir yer te\u015fkil etti\u011fine dikkati \u00e7eken Tun\u00e7, bu su\u00e7lar\u0131n \u00f6nlenmesi gerekti\u011fini vurgulad\u0131.<\/p>\n<p>Tun\u00e7, sosyal medya arac\u0131l\u0131\u011f\u0131yla fikir \u00f6zg\u00fcrl\u00fc\u011f\u00fc denilemeyecek, hakaret ve ki\u015filik haklar\u0131na sald\u0131r\u0131 i\u00e7eren, \u00f6zel hayat\u0131n gizlili\u011fini ihlal eden bir tak\u0131m payla\u015f\u0131mlar yap\u0131ld\u0131\u011f\u0131n\u0131 aktararak, &#8220;Bu payla\u015f\u0131mlar; \u00f6zellikle uzla\u015ft\u0131rmaya tabi olan bu uyu\u015fmazl\u0131klar\u0131 art\u0131k bundan sonra \u00f6n \u00f6deme kapsam\u0131na al\u0131yoruz. Kanun teklifimizde bu da var. \u00d6n\u00f6deme kapsam\u0131na al\u0131narak ki\u015fi i\u015fledi\u011fi fiilin yapt\u0131r\u0131m\u0131n\u0131 cumhuriyet savc\u0131l\u0131klar\u0131nda \u00f6n \u00f6demeye davet edilerek, kamu ihlali nedeniyle bu yapt\u0131r\u0131ma tabi tutulacak. Di\u011fer yandan su\u00e7un ma\u011fduru olan ki\u015fi de hukuk mahkemesinde manevi tazminat davas\u0131n\u0131 a\u00e7abilecek. Buna y\u00f6nelik bir d\u00fczenleme s\u00f6z konusu.&#8221; ifadelerini kulland\u0131.<\/p>\n<p>Hakim ve savc\u0131lar\u0131n kadrolar\u0131yla ilgili d\u00fczenlemelerin Cumhurba\u015fkan\u0131 Kararnamesiyle yap\u0131lamayaca\u011f\u0131na ili\u015fkin Anayasa Mahkemesi karar\u0131 bulundu\u011funu belirten Tun\u00e7, pakette bu hususun kanunla d\u00fczenlenmesini sa\u011flad\u0131klar\u0131n\u0131 s\u00f6yledi.<\/p>\n<p>Tun\u00e7, \u00f6zellikle ter\u00f6r\u00fcn finansman\u0131n\u0131n \u00f6nlenmesi ve kara parayla m\u00fccadelede \u00e7ok kararl\u0131 olduklar\u0131n\u0131 vurgulayarak, &#8220;Gri listeden \u00e7\u0131kmam\u0131z noktas\u0131nda bu soru\u015fturmalar ve el koyma kararlar\u0131 etkili oldu. Bunu daha kal\u0131c\u0131 hale getirmek i\u00e7in \u00e7al\u0131\u015fmalar\u0131m\u0131z\u0131 s\u00fcrd\u00fcr\u00fcyoruz. \u00d6zellikle ter\u00f6rizmin finansman\u0131, su\u00e7 gelirlerinin aklanmas\u0131 su\u00e7lar\u0131 bak\u0131m\u0131ndan el koyma ve m\u00fcsadere kararlar\u0131 ve sonras\u0131nda da tasarruf mevduat\u0131 sigorta fonunun kayyum tayiniyle ilgili d\u00fczenlemeler var bu pakette de.&#8221; \u015feklinde konu\u015ftu.<\/p>\n<p>\u0130cra dairelerinde elektronik sat\u0131\u015fa ge\u00e7tiklerini an\u0131msatan Tun\u00e7, bu uygulamayla suistimallerin \u00f6n\u00fcne ge\u00e7tiklerini kaydetti.<\/p>\n<p>Tun\u00e7, burada da uygulamadan kaynaklanan problemler oldu\u011funu dile getirerek, yeni d\u00fczenlemeyle teklif verildi\u011fi m\u00fcddet\u00e7e s\u00fcrenin 3 dakikada bir uzat\u0131lmas\u0131n\u0131n s\u00f6z konusu olaca\u011f\u0131n\u0131 bildirdi.<\/p>\n<p>Birden fazla baronun kuruldu\u011fu \u0130stanbul ve Ankara illerinde barolara adli yard\u0131m d\u00fczenlemesiyle ilgili Anayasa Mahkemesinin iptal karar\u0131 bulundu\u011funu aktaran Tun\u00e7, bu karar gerek\u00e7esi do\u011frultusunda da yeni bir d\u00fczenleme ger\u00e7ekle\u015ftirdiklerini s\u00f6yledi.<\/p>\n<p>Bakan Tun\u00e7, &#8220;Hem uygulamadan kaynaklanan problemleri ortadan kald\u0131racak, yarg\u0131 hizmetlerinin etkinli\u011fini daha da art\u0131racak, davalar\u0131n k\u0131sa s\u00fcrede sona ermesini sa\u011flayacak, yarg\u0131 s\u00fcre\u00e7lerini h\u0131zland\u0131racak \u00f6nemli d\u00fczenlemeler var. T\u00fcrkiye B\u00fcy\u00fck Millet Meclisimizin takdirinde, Adalet Komisyonu&#8217;nda g\u00f6r\u00fc\u015f\u00fcld\u00fckten sonra da \u00f6n\u00fcm\u00fczdeki g\u00fcnlerde Genel Kurulda in\u015fallah yasala\u015facakt\u0131r diyorum. Hay\u0131rl\u0131 olmas\u0131n\u0131 diliyorum.&#8221; de\u011ferlendirmesinde bulundu.<\/p>\n<p><strong>&#8220;T\u00dcRK YARGISINDAN KA\u00c7MAK OLMAZ&#8221;<\/strong><\/p>\n<p>Bakan Tun\u00e7, \u0130stanbul&#8217;da kar\u0131\u015ft\u0131\u011f\u0131 \u00f6l\u00fcml\u00fc trafik kazas\u0131ndan sonra 17 ya\u015f\u0131ndaki o\u011flu Timur Cihantimur&#8217;u ABD&#8217;ye ka\u00e7\u0131ran ve ard\u0131ndan T\u00fcrkiye&#8217;nin talebi \u00fczerine Boston&#8217;da yakalanan anne Eylem Tok ve o\u011flunun T\u00fcrkiye&#8217;ye iade s\u00fcrecine ili\u015fkin soru \u00fczerine, ABD&#8217;de yarg\u0131lama s\u00fcrecinin ba\u015flad\u0131\u011f\u0131n\u0131, anne ve o\u011flunun tutukluluk hallerinin devam etti\u011fini hat\u0131rlatt\u0131.<\/p>\n<p>ABD&#8217;deki adli makamlarla g\u00f6r\u00fc\u015fmelerinin devam etti\u011fini aktaran Tun\u00e7, \u015funlar\u0131 kaydetti:<\/p>\n<p>&#8220;Gerekli belgeleri, hepsinin \u00e7evirilerini yaparak g\u00f6nderdik ve yine her duru\u015fma sonras\u0131nda da ihtiya\u00e7 olabilecek birtak\u0131m a\u00e7\u0131klamalar\u0131 g\u00f6nderiyoruz yaz\u0131l\u0131 olarak. \u0130ade edileceklerini umuyoruz \u00e7\u00fcnk\u00fc burada yarg\u0131lanmalar\u0131n\u0131 istiyoruz. O nedenle buradan yarg\u0131dan ka\u00e7\u0131\u015f olmamal\u0131. Bir ki\u015finin \u00f6l\u00fcm\u00fcne ve di\u011fer ki\u015filerin yaralanmas\u0131na neden olduktan sonra T\u00fcrk yarg\u0131s\u0131ndan ka\u00e7mak olmaz. Dolay\u0131s\u0131yla biz hemen k\u0131rm\u0131z\u0131 b\u00fclten kararlar\u0131m\u0131z\u0131 \u00e7\u0131kard\u0131k ve iade taleplerimizi g\u00f6nderdik. Bu kapsamda da yakalama ve tutuklama ger\u00e7ekle\u015fti. Tutuklama devam ediyor ve sonras\u0131nda da iade yarg\u0131lamas\u0131 sonras\u0131nda da T\u00fcrkiye&#8217;ye g\u00f6nderilece\u011fini umut ediyoruz.&#8221;<\/p>\n<p><strong>K\u0130RALARDA Y\u00dcZDE 25 ARTI\u015e SINIRININ KALDIRILMASI<\/strong><\/p>\n<p>Kiralarda y\u00fczde 25 art\u0131\u015f s\u0131n\u0131r\u0131n\u0131n kald\u0131r\u0131lmas\u0131n\u0131n ard\u0131ndan yeni bir d\u00fczenlemenin olup olmayaca\u011f\u0131 sorulan Tun\u00e7, \u015fu cevab\u0131 verdi:<\/p>\n<p>&#8220;1 Temmuz itibar\u0131yla d\u00fczenleme sona erdi. 2022 ve 2023 y\u0131llar\u0131nda birer y\u0131l s\u00fcreyle uzat\u0131lm\u0131\u015ft\u0131, Bor\u00e7lar Kanunu&#8217;na eklenen ge\u00e7ici maddeyle bu uzat\u0131lm\u0131\u015ft\u0131. Meclisin takdirinde olan bir husus. 1 Temmuz itibar\u0131yla Mecliste b\u00f6yle bir d\u00fczenleme de ger\u00e7ekle\u015fmedi. Enflasyonu d\u00fc\u015f\u00fcrme hedefimiz var. Bu hedefimizde kararl\u0131 bir \u015fekilde ekonomi y\u00f6netimimiz, program \u00e7er\u00e7evesinde \u00e7al\u0131\u015fmalar\u0131n\u0131 s\u00fcrd\u00fcr\u00fcyor. Bu hedef do\u011frultusunda in\u015fallah bu t\u00fcr s\u0131n\u0131rlamalara gerek kalmadan kendi mecras\u0131nda y\u00fcr\u00fcyecektir. Bor\u00e7lar Kanunu&#8217;muzun ilgili maddesi zaten kira miktar\u0131n\u0131n nas\u0131l art\u0131r\u0131laca\u011f\u0131na y\u00f6nelik d\u00fczenlemeleri i\u00e7eriyor. Meclis de 1 Temmuz itibar\u0131yla g\u00fcndemine almad\u0131. O nedenle \u015fu anda Bor\u00e7lar Kanunu&#8217;nun kal\u0131c\u0131 maddeleri \u00e7er\u00e7evesinde y\u00fcr\u00fcyecek kiralarla ilgili d\u00fczenlemeler.&#8221;<\/p>\n<p>Daha sonra Karab\u00fck Belediyesine ge\u00e7en Bakan Tun\u00e7, Belediye Ba\u015fkan\u0131 \u00d6zkan \u00c7etinkaya&#8217;y\u0131 makam\u0131nda ziyaret etti, \u00e7al\u0131\u015fmalar\u0131nda ba\u015far\u0131lar diledi.<\/p>\n<p>Ziyaretlerde, AK Parti Karab\u00fck milletvekilleri Cem \u015eahin ve Durmu\u015f Ali Keskink\u0131l\u0131\u00e7 ile Cumhuriyet Ba\u015fsavc\u0131s\u0131 Koray Kesgin de yer ald\u0131.<\/p>\n\n<p><\/p>\n<p>Kaynak :\u00a0<span style=\"background-color: rgb(255, 249, 236); color: rgb(55, 58, 60); font-size: 14px;\">http:\/\/www.milliyet.com.tr\/gundem\/kiralarda-yeni-duzenleme-olacak-mi-bakan-tunctan-aciklama-7151556<\/span><\/p>\n","protected":false},"excerpt":{"rendered":"<p>Adalet Bakan\u0131 Y\u0131lmaz Tun\u00e7, Bor\u00e7lar Kanunun ilgili maddesinin kira miktar\u0131n\u0131n nas\u0131l art\u0131r\u0131laca\u011f\u0131na y\u00f6nelik d\u00fczenlemeleri i\u00e7erdi\u011fini belirterek, &#8220;Meclis de 1 Temmuz itibar\u0131yla g\u00fcndemine almad\u0131. O nedenle \u015fu anda Bor\u00e7lar Kanunu&#8217;nun kal\u0131c\u0131 maddeleri \u00e7er\u00e7evesinde y\u00fcr\u00fcyecek kiralarla ilgili d\u00fczenlemeler.&#8221; dedi.<\/p>\n","protected":false},"author":1,"featured_media":92220,"comment_status":"open","ping_status":"open","sticky":false,"template":"","format":"standard","meta":{"footnotes":""},"categories":[3],"tags":[866,5892,658,4559,865],"class_list":["post-92219","post","type-post","status-publish","format-standard","has-post-thumbnail","hentry","category-guncel","tag-adalet","tag-duzenlemeler","tag-kara","tag-tunc","tag-yargi"],"_links":{"self":[{"href":"https:\/\/kamucalisani.net\/index.php\/wp-json\/wp\/v2\/posts\/92219","targetHints":{"allow":["GET"]}}],"collection":[{"href":"https:\/\/kamucalisani.net\/index.php\/wp-json\/wp\/v2\/posts"}],"about":[{"href":"https:\/\/kamucalisani.net\/index.php\/wp-json\/wp\/v2\/types\/post"}],"author":[{"embeddable":true,"href":"https:\/\/kamucalisani.net\/index.php\/wp-json\/wp\/v2\/users\/1"}],"replies":[{"embeddable":true,"href":"https:\/\/kamucalisani.net\/index.php\/wp-json\/wp\/v2\/comments?post=92219"}],"version-history":[{"count":1,"href":"https:\/\/kamucalisani.net\/index.php\/wp-json\/wp\/v2\/posts\/92219\/revisions"}],"predecessor-version":[{"id":92221,"href":"https:\/\/kamucalisani.net\/index.php\/wp-json\/wp\/v2\/posts\/92219\/revisions\/92221"}],"wp:featuredmedia":[{"embeddable":true,"href":"https:\/\/kamucalisani.net\/index.php\/wp-json\/wp\/v2\/media\/92220"}],"wp:attachment":[{"href":"https:\/\/kamucalisani.net\/index.php\/wp-json\/wp\/v2\/media?parent=92219"}],"wp:term":[{"taxonomy":"category","embeddable":true,"href":"https:\/\/kamucalisani.net\/index.php\/wp-json\/wp\/v2\/categories?post=92219"},{"taxonomy":"post_tag","embeddable":true,"href":"https:\/\/kamucalisani.net\/index.php\/wp-json\/wp\/v2\/tags?post=92219"}],"curies":[{"name":"wp","href":"https:\/\/api.w.org\/{rel}","templated":true}]}}