{"id":92900,"date":"2024-09-18T20:24:07","date_gmt":"2024-09-18T20:24:07","guid":{"rendered":"https:\/\/kamucalisani.net\/?p=92900"},"modified":"2024-09-18T20:24:07","modified_gmt":"2024-09-18T20:24:07","slug":"intelin-cip-uretim-isi-2027ye-kadar-anlamli-bir-gelir-uretmeyecek","status":"publish","type":"post","link":"https:\/\/kamucalisani.net\/index.php\/2024\/09\/18\/intelin-cip-uretim-isi-2027ye-kadar-anlamli-bir-gelir-uretmeyecek\/","title":{"rendered":"Intel\u2019in \u00e7ip \u00fcretim i\u015fi 2027\u2019ye kadar \u201canlaml\u0131\u201d bir gelir \u00fcretmeyecek"},"content":{"rendered":"<p><figure> <span> <img decoding=\"async\" src=\"https:\/\/kamucalisani.net\/wp-content\/uploads\/2024\/09\/intelin-cip-uretim-isi-2027ye-kadar-anlamli-bir-gelir-uretmeyecek-0-Cuj16xf4.jpg\"\/> <\/span> <strong>Intel<\/strong>, tarihinin en zorlu, en kritik ve muhtemelen en \u00f6nemli d\u00f6neminden ge\u00e7iyor. Yakla\u015f\u0131k 15 bin \u00e7al\u0131\u015fan\u0131 ile yollar\u0131na ay\u0131racak olan \u015firket, b\u00fcy\u00fck bir yeniden yap\u0131lanma s\u00fcreci i\u00e7inde. Ge\u00e7mi\u015f d\u00f6nemlerde at\u0131lan yanl\u0131\u015f ad\u0131mlar\u0131n yans\u0131mas\u0131yla y\u00fczle\u015fen \u015firketin <strong>\u00e7ip \u00fcretim i\u015fi<\/strong> Intel Foundry\u2019nin de \u00fczerinde kara bulutlar dola\u015f\u0131yor. Birka\u00e7 g\u00fcn \u00f6nce firman\u0131n \u00e7ip \u00fcretim biriminin b\u00f6l\u00fcp satabilece\u011fi g\u00fcndeme gelmi\u015fti. \u015eimdi ise Intel\u2019in \u00e7ip \u00fcretim i\u015finin <strong>2027\u2019ye kadar anlaml\u0131 bir gelir \u00fcretemeyece\u011fi<\/strong> a\u00e7\u0131kland\u0131. <\/figure>\n<p><b>Intel, \u00e7ip \u00fcretiminden bir s\u00fcre para kazanmayacak<\/b><\/p>\n<p>Intel, \u00e7ip \u00fcretim i\u015finden 2027 y\u0131l\u0131nda &#8220;anlaml\u0131&#8221; bir gelir elde etmeye ba\u015flayaca\u011f\u0131n\u0131 duyurdu. \u015eirketin CFO&#8217;su <strong>David Zinsner<\/strong>, yat\u0131r\u0131mc\u0131 konferans\u0131nda, Intel\u2019in 2026\u2019da baz\u0131 m\u00fc\u015fterilerden gelir elde etmeyi, 2027\u2019de ise bu gelirin artmas\u0131n\u0131 bekledi\u011fini a\u00e7\u0131klad\u0131. \u015eirket \u015fu anda <strong>12 potansiyel m\u00fc\u015fteri<\/strong> ile g\u00f6r\u00fc\u015fmelerde bulunuyor.<\/p>\n<p>Zinsner, Intel\u2019in <strong>20A<\/strong> \u00fcretim s\u00fcrecini iptal etti\u011fini ve daha geli\u015fmi\u015f olan <strong>18A<\/strong> \u00fcretim s\u00fcrecine odaklanaca\u011f\u0131n\u0131 belirtti. \u015eu anda, Intel\u2019in d\u00f6k\u00fcmhane i\u015finin geli\u015fmi\u015f paketleme i\u015finden gelir elde etti\u011fi ifade ediliyor. Bu arada CFO, Intel\u2019in <strong>Broadcom<\/strong> i\u00e7in uygun test wafer\u2019lar\u0131 \u00fcretemedi\u011fi y\u00f6n\u00fcndeki iddialara ise de\u011finmedi.<\/p>\n<p>\u00d6te yandan Intel <strong>bir dizi i\u015f kolunu k\u00fc\u00e7\u00fcltme<\/strong> ve personel say\u0131s\u0131nda <strong>y\u00fczde 15<\/strong> oran\u0131nda bir kesintiyi i\u00e7eren bir d\u00f6n\u00fc\u015f\u00fcm plan\u0131 haz\u0131rl\u0131\u011f\u0131 i\u00e7inde. CEO <strong>Pat Gelsinger<\/strong> ve di\u011fer \u00fcst d\u00fczey y\u00f6neticilerin, <strong>Eyl\u00fcl ortas\u0131nda yap\u0131lacak y\u00f6netim kurulu toplant\u0131s\u0131nda<\/strong> bu planlar\u0131 sunmalar\u0131 bekleniyor. Bu toplant\u0131dan radikal kararlar \u00e7\u0131kmas\u0131 muhtemel. Zinsner ise \u015firketin mevcut \u00e7eyrek kazan\u00e7 raporunu a\u00e7\u0131klamadan \u00f6nce personel kesintilerinin b\u00fcy\u00fck \u00f6l\u00e7\u00fcde tamamlanaca\u011f\u0131n\u0131 s\u00f6yledi.<\/p>\n\n<p>Kaynak\u00a0 :\u00a0<span style=\"background-color: rgb(255, 249, 236); color: rgb(55, 58, 60); font-size: 14px;\">https:\/\/www.donanimhaber.com\/intel-in-cip-uretim-isi-2027-ye-kadar-anlamli-bir-gelir-etmeyecek&#8211;181573<\/span><\/p>\n","protected":false},"excerpt":{"rendered":"<p>Intel, tarihinin en zorlu, en kritik ve muhtemelen en \u00f6nemli d\u00f6neminden ge\u00e7iyor. Yakla\u015f\u0131k 15 bin \u00e7al\u0131\u015fan\u0131 ile yollar\u0131na ay\u0131racak olan \u015firket, b\u00fcy\u00fck bir yeniden yap\u0131lanma s\u00fcreci i\u00e7inde. Ge\u00e7mi\u015f d\u00f6nemlerde at\u0131lan yanl\u0131\u015f ad\u0131mlar\u0131n yans\u0131mas\u0131yla &#8230;<\/p>\n","protected":false},"author":1,"featured_media":92901,"comment_status":"open","ping_status":"open","sticky":false,"template":"","format":"standard","meta":{"footnotes":""},"categories":[8],"tags":[141,1233,155],"class_list":["post-92900","post","type-post","status-publish","format-standard","has-post-thumbnail","hentry","category-teknoloji","tag-gelir","tag-intel","tag-sirket"],"_links":{"self":[{"href":"https:\/\/kamucalisani.net\/index.php\/wp-json\/wp\/v2\/posts\/92900","targetHints":{"allow":["GET"]}}],"collection":[{"href":"https:\/\/kamucalisani.net\/index.php\/wp-json\/wp\/v2\/posts"}],"about":[{"href":"https:\/\/kamucalisani.net\/index.php\/wp-json\/wp\/v2\/types\/post"}],"author":[{"embeddable":true,"href":"https:\/\/kamucalisani.net\/index.php\/wp-json\/wp\/v2\/users\/1"}],"replies":[{"embeddable":true,"href":"https:\/\/kamucalisani.net\/index.php\/wp-json\/wp\/v2\/comments?post=92900"}],"version-history":[{"count":1,"href":"https:\/\/kamucalisani.net\/index.php\/wp-json\/wp\/v2\/posts\/92900\/revisions"}],"predecessor-version":[{"id":92903,"href":"https:\/\/kamucalisani.net\/index.php\/wp-json\/wp\/v2\/posts\/92900\/revisions\/92903"}],"wp:featuredmedia":[{"embeddable":true,"href":"https:\/\/kamucalisani.net\/index.php\/wp-json\/wp\/v2\/media\/92901"}],"wp:attachment":[{"href":"https:\/\/kamucalisani.net\/index.php\/wp-json\/wp\/v2\/media?parent=92900"}],"wp:term":[{"taxonomy":"category","embeddable":true,"href":"https:\/\/kamucalisani.net\/index.php\/wp-json\/wp\/v2\/categories?post=92900"},{"taxonomy":"post_tag","embeddable":true,"href":"https:\/\/kamucalisani.net\/index.php\/wp-json\/wp\/v2\/tags?post=92900"}],"curies":[{"name":"wp","href":"https:\/\/api.w.org\/{rel}","templated":true}]}}