{"id":93434,"date":"2024-09-19T20:00:07","date_gmt":"2024-09-19T20:00:07","guid":{"rendered":"https:\/\/kamucalisani.net\/?p=93434"},"modified":"2024-09-19T20:00:07","modified_gmt":"2024-09-19T20:00:07","slug":"bakan-yerlikaya-duyurdu-bir-organize-suc-orgutu-daha-cokertildi","status":"publish","type":"post","link":"https:\/\/kamucalisani.net\/index.php\/2024\/09\/19\/bakan-yerlikaya-duyurdu-bir-organize-suc-orgutu-daha-cokertildi\/","title":{"rendered":"Bakan Yerlikaya duyurdu: Bir organize su\u00e7 \u00f6rg\u00fct\u00fc daha \u00e7\u00f6kertildi"},"content":{"rendered":"<p><p>\u0130\u00e7i\u015fleri Bakan\u0131 Ali Yerlikaya&#8217;dan s\u00fcren operasyonlara ili\u015fkin yeni bir a\u00e7\u0131klama geldi. Bakan Yerlikaya&#8217;n\u0131n sosyal medya hesab\u0131ndan yapt\u0131\u011f\u0131 a\u00e7\u0131klama \u015f\u00f6yle:<\/p>\n<p>\u0130stanbul merkezli 2\ufe0f\u20e3 ilde d\u00fczenlenen \u201cKUYU-7\u201d operasyonlar\u0131nda; Eleba\u015f\u0131l\u0131\u011f\u0131n\u0131 Volkan Re\u00e7ber\u2019in (Yurt D\u0131\u015f\u0131 Firar) yapt\u0131\u011f\u0131 Organize Su\u00e7 \u00d6rg\u00fct\u00fc \u00dcyesi 3\ufe0f\u20e33\ufe0f\u20e3 \u015f\u00fcpheli yakaland\u0131\u2757\ufe0f<\/p>\n<p>Su\u00e7ta kibirlenenler, halk\u0131m\u0131z\u0131n huzurunu ka\u00e7\u0131ranlar, organize su\u00e7 \u00f6rg\u00fctleri ve \u00e7eteler kazd\u0131klar\u0131 kuyulara d\u00fc\u015fecekler. Hangi b\u00fcy\u00fckl\u00fckte olursa olsun organize su\u00e7 \u00f6rg\u00fctlerini \u00e7\u00f6kertip, adalete teslim etmeye kararl\u0131y\u0131z\u2757\ufe0f<\/p>\n<p>\u274cEmniyet Genel M\u00fcd\u00fcrl\u00fc\u011f\u00fc KOM Ba\u015fkanl\u0131\u011f\u0131 koordinesinde; \u0130stanbul \u0130l Emniyet M\u00fcd\u00fcrl\u00fc\u011f\u00fc Organize Su\u00e7larla M\u00fccadele \u015eube M\u00fcd\u00fcrl\u00fc\u011f\u00fcnce yap\u0131lan \u00e7al\u0131\u015fmalar sonucu; \u0130stanbul ve \u0130zmir\u2019de d\u00fczenlenen operasyonlarda organize su\u00e7 \u00f6rg\u00fct\u00fc \u00fcyesi \u015f\u00fcphelilerin;<br \/>\ud83d\udcccSu\u00e7 i\u015flemek amac\u0131yla \u00f6rg\u00fct kurmak,<br \/>\ud83d\udcccKasten \u00f6ld\u00fcrme,<br \/>\ud83d\udcccKasten adam \u00f6ld\u00fcrmeye te\u015febb\u00fcs,<br \/>\ud83d\udcccKasten yaralama,<br \/>\ud83d\udccc\u0130\u015f yerlerine silahl\u0131 sald\u0131r\u0131,<br \/>\ud83d\udccc6136 say\u0131l\u0131 kanuna muhalefet,<br \/>\ud83d\udcccGenel g\u00fcvenli\u011fin kasten tehlikeye sokulmas\u0131 ve<br \/>\ud83d\udcccMala zarar verme su\u00e7lar\u0131 olmak \u00fczere 2\ufe0f\u20e35\ufe0f\u20e3 ayr\u0131 su\u00e7 eylemini<br \/>ger\u00e7ekle\u015ftirdikleri tespit edildi.<\/p>\n<p>Operasyonlar sonucu:<br \/>\ud83d\udccc3\ufe0f\u20e34\ufe0f\u20e3 adet ruhsats\u0131z tabanca,<br \/>\ud83d\udccc1\ufe0f\u20e3 adet AK-47 Kala\u015fnikof uzun namlulu t\u00fcfek,<br \/>\ud83d\udccc1\ufe0f\u20e3 adet balistik yelek ve<br \/>\ud83d\udccc1\ufe0f\u20e3 adet Uzi olarak tabir edilen otomatik silah ele ge\u00e7irildi.<\/p>\n<p>Operasyonlar\u0131 ger\u00e7ekle\u015ftiren Kahraman Polislerimizi tebrik ediyorum. Allah ayaklar\u0131na ta\u015f de\u011fdirmesin. Milletimizin duas\u0131 sizinle \ud83c\uddf9\ud83c\uddf7<\/p>\n\n<p><\/p>\n<p>Kaynak :\u00a0<span style=\"background-color: rgb(255, 249, 236); color: rgb(55, 58, 60); font-size: 14px;\">http:\/\/www.milliyet.com.tr\/gundem\/bakan-yerlikaya-duyurdu-bir-organize-suc-orgutu-daha-cokertildi-7151906<\/span><\/p>\n","protected":false},"excerpt":{"rendered":"<p>\u0130\u00e7i\u015fleri Bakan\u0131 Ali Yerlikaya, \u0130stanbul merkezli 2 ilde d\u00fczenlenen operasyonlarda eleba\u015f\u0131l\u0131\u011f\u0131n\u0131 Volkan Re\u00e7ber&#8217;in yapt\u0131\u011f\u0131 organize su\u00e7 \u00f6rg\u00fct\u00fcn\u00fcn \u00e7\u00f6kertildi\u011fini duyurdu.<\/p>\n","protected":false},"author":1,"featured_media":93435,"comment_status":"open","ping_status":"open","sticky":false,"template":"","format":"standard","meta":{"footnotes":""},"categories":[3],"tags":[278,280,279],"class_list":["post-93434","post","type-post","status-publish","format-standard","has-post-thumbnail","hentry","category-guncel","tag-operasyonlar","tag-organize-suc","tag-orgut"],"_links":{"self":[{"href":"https:\/\/kamucalisani.net\/index.php\/wp-json\/wp\/v2\/posts\/93434","targetHints":{"allow":["GET"]}}],"collection":[{"href":"https:\/\/kamucalisani.net\/index.php\/wp-json\/wp\/v2\/posts"}],"about":[{"href":"https:\/\/kamucalisani.net\/index.php\/wp-json\/wp\/v2\/types\/post"}],"author":[{"embeddable":true,"href":"https:\/\/kamucalisani.net\/index.php\/wp-json\/wp\/v2\/users\/1"}],"replies":[{"embeddable":true,"href":"https:\/\/kamucalisani.net\/index.php\/wp-json\/wp\/v2\/comments?post=93434"}],"version-history":[{"count":1,"href":"https:\/\/kamucalisani.net\/index.php\/wp-json\/wp\/v2\/posts\/93434\/revisions"}],"predecessor-version":[{"id":93436,"href":"https:\/\/kamucalisani.net\/index.php\/wp-json\/wp\/v2\/posts\/93434\/revisions\/93436"}],"wp:featuredmedia":[{"embeddable":true,"href":"https:\/\/kamucalisani.net\/index.php\/wp-json\/wp\/v2\/media\/93435"}],"wp:attachment":[{"href":"https:\/\/kamucalisani.net\/index.php\/wp-json\/wp\/v2\/media?parent=93434"}],"wp:term":[{"taxonomy":"category","embeddable":true,"href":"https:\/\/kamucalisani.net\/index.php\/wp-json\/wp\/v2\/categories?post=93434"},{"taxonomy":"post_tag","embeddable":true,"href":"https:\/\/kamucalisani.net\/index.php\/wp-json\/wp\/v2\/tags?post=93434"}],"curies":[{"name":"wp","href":"https:\/\/api.w.org\/{rel}","templated":true}]}}