{"id":93589,"date":"2024-09-20T04:24:14","date_gmt":"2024-09-20T04:24:14","guid":{"rendered":"https:\/\/kamucalisani.net\/?p=93589"},"modified":"2024-09-20T04:24:14","modified_gmt":"2024-09-20T04:24:14","slug":"gunluk-kiralik-evde-olum-randevusu-seni-zengin-orta-yaslarda-bir-erkek-ile-tanistiracagim","status":"publish","type":"post","link":"https:\/\/kamucalisani.net\/index.php\/2024\/09\/20\/gunluk-kiralik-evde-olum-randevusu-seni-zengin-orta-yaslarda-bir-erkek-ile-tanistiracagim\/","title":{"rendered":"G\u00fcnl\u00fck kiral\u0131k evde \u00f6l\u00fcm randevusu: Seni zengin, orta ya\u015flarda bir erkek ile tan\u0131\u015ft\u0131raca\u011f\u0131m"},"content":{"rendered":"<p><p>Bah\u00e7elievler&#8217;de g\u00fcnl\u00fck kiral\u0131k dairede \u00f6ld\u00fcr\u00fclen ve cesedi apartman bo\u015flu\u011funa at\u0131lan Murat Arpapay cinayetine ili\u015fkin y\u00fcr\u00fct\u00fclen soru\u015fturma tamamland\u0131. Bak\u0131rk\u00f6y Cumhuriyet Ba\u015fsavc\u0131l\u0131\u011f\u0131 taraf\u0131ndan haz\u0131rlanan iddianamede, 27 Temmuz 2023 g\u00fcn\u00fc Bah\u00e7elievler&#8217;de meydana gelen olay anlat\u0131ld\u0131.<\/p>\n<p>\u0130ddianamede olay g\u00fcn\u00fc merdiven bo\u015flu\u011funda bir \u015fahs\u0131n \u00f6l\u00fc olarak bulundu\u011funa ili\u015fkin bilgi verilmesi \u00fczerine soru\u015fturmaya ba\u015fland\u0131\u011f\u0131 kaydedildi. Merdiven bo\u015flu\u011funda bulunan \u015fahs\u0131n Murat Arpapay oldu\u011funun sonradan tespit edildi\u011finin belirtildi\u011fi iddianamede, yap\u0131lan otopsi \u00e7al\u0131\u015fmas\u0131nda Arpapay&#8217;\u0131n ellerinin bileklerinden ba\u011flanm\u0131\u015f halde kafa ve s\u0131rt k\u0131sm\u0131nda darp izlerinin oldu\u011fu aktar\u0131ld\u0131. Olaya ili\u015fkin incelenen g\u00fcvenlik kameras\u0131 g\u00f6r\u00fcnt\u00fclerinde Arpapay&#8217;\u0131n 26 Temmuz g\u00fcn\u00fc yan\u0131nda bir kad\u0131n ile binaya giri\u015f kayd\u0131n\u0131n oldu\u011fu, kad\u0131n\u0131n ayn\u0131 g\u00fcn binadan \u00e7\u0131k\u0131\u015f yapt\u0131\u011f\u0131 ancak daha sonra \u015f\u00fcpheli 3 \u015fahs\u0131n binaya giri\u015f yapt\u0131\u011f\u0131 tespit edildi. Murat Arpapay ile binaya giren kad\u0131n\u0131n Muhterem Per\u00e7ikli oldu\u011fu da iddianamede a\u00e7\u0131kland\u0131.<\/p>\n<p>\u00a0<\/p>\n<p><strong>\u201cBEZE D\u00d6KT\u00dc\u011e\u00dc ETER \u0130LE MURAT&#8217;IN A\u011eZINI KAPATTI\u201d <\/strong><\/p>\n<p>Olaya ili\u015fkin ifadesinin yer ald\u0131\u011f\u0131 iddianamede, san\u0131k Muhterem Per\u00e7ikli \u201c\u00d6len \u015fahs\u0131 tan\u0131m\u0131yorum. Olay tarihinden yakla\u015f\u0131k 1 hafta kadar \u00f6nce Serpil Demir beni \u015eirinevler&#8217;de bir kafeye g\u00f6t\u00fcrd\u00fc. Burada Azad, Fatih ve Do\u011fan isimli \u015fah\u0131slarla tan\u0131\u015ft\u0131rd\u0131. Azad beni zengin, orta ya\u015flarda bir erkek ile tan\u0131\u015ft\u0131rmak istedi\u011fini s\u00f6yledi. Bu \u015fah\u0131sla internet \u00fczerinden tan\u0131\u015ft\u0131klar\u0131n\u0131 ve kendisini kad\u0131n olarak tan\u0131tt\u0131\u011f\u0131n\u0131 anlatt\u0131. Birka\u00e7 g\u00fcn sonra Murat ile kafede bulu\u015ftuk. Azad, Do\u011fan ve Fatih de ayn\u0131 kafede bizi izliyordu. Bir \u015feyler i\u00e7tikten sonra Murat evine gitti. 26 Temmuz g\u00fcn\u00fc Serpil ve Azad&#8217;\u0131n daha \u00f6nceden kiralad\u0131klar\u0131 g\u00fcn\u00fcbirlik daireye gittik. Murat aparta geldi\u011finde Serpil, Do\u011fan ve Fatih evdeydi, Azad yoktu. Fatih ve Do\u011fan Murat&#8217;a sald\u0131rd\u0131. Do\u011fan, bir beze d\u00f6kt\u00fc\u011f\u00fc eter ile Murat&#8217;\u0131n a\u011fz\u0131n\u0131 kapatt\u0131. Murat buna direndi\u011fi i\u00e7in Fatih ve Do\u011fan taraf\u0131ndan darp edildi. Ellerini arkadan plastik kelep\u00e7e ile ba\u011flad\u0131lar. Fatih&#8217;in elinde \u015f\u0131r\u0131nga g\u00f6rd\u00fcm. Murat&#8217;a enjekte etmeye \u00e7al\u0131\u015ft\u0131. Ben ve Serpil korkarak di\u011fer odaya ge\u00e7tik. Bir m\u00fcddet sonra odadan \u00e7\u0131kt\u0131\u011f\u0131m\u0131zda Murat hareketsiz yatar haldeydi. Fatih ve Do\u011fan \u2018e\u011fer birine bir \u015fey anlat\u0131rsan sonun b\u00f6yle olur&#8217; dedi. Israrla telefon geldi\u011fi i\u00e7in oradan \u00e7\u0131karak i\u015fe gittim. \u0130\u015ften sonra arkada\u015f\u0131m Serpil ile bulu\u015ftum. Serpil bana adam\u0131n \u00f6ld\u00fc\u011f\u00fcn\u00fc cesedi ise bir \u00fcst kat merdivenlerine b\u0131rakt\u0131klar\u0131n\u0131, Fatih ve Do\u011fan&#8217;\u0131n K\u0131br\u0131s&#8217;a ka\u00e7t\u0131klar\u0131n\u0131 ve evde bulunduklar\u0131 esnada Azad&#8217;\u0131n maktul\u00fcn evindeki y\u00fckl\u00fc paray\u0131 bulmak i\u00e7in gitti\u011fini s\u00f6yledi&#8221; dedi.<\/p>\n<p><strong>PARAYI BULAMADI<\/strong><\/p>\n<p>Azad&#8217;\u0131n evde para bulamad\u0131\u011f\u0131n\u0131 da s\u00f6yleyen Per\u00e7ikli \u201cBirka\u00e7 g\u00fcn sonra Azad, Serpil ile beni Pendik&#8217;e g\u00f6t\u00fcrd\u00fc. Burada, e\u011fer polis yakalarsa \u015fah\u0131sla internetten tan\u0131\u015ft\u0131\u011f\u0131m\u0131, \u015eirinevler&#8217;de bulu\u015ftu\u011fumu ancak \u015fah\u0131stan ayr\u0131l\u0131p eve giderken \u015fahs\u0131n beni eve kadar takip etti\u011fini ve eve girerek kap\u0131y\u0131 kapatt\u0131\u011f\u0131m\u0131 s\u00f6ylememi istedi. Avukat tutaca\u011f\u0131n\u0131 s\u00f6yledi ve birine anlat\u0131rsam \u00f6ld\u00fcrmekle tehdit etti\u201d ifadelerini kulland\u0131.<\/p>\n<p>San\u0131k Serpil Demir ise al\u0131nan savunmas\u0131nda \u201c26 Temmuz g\u00fcn\u00fc kiralad\u0131\u011f\u0131m\u0131z g\u00fcnl\u00fck kiral\u0131k daireye gittik. Daha sonra Fatih, Do\u011fan ve Azad geldi. Tatil i\u00e7in K\u0131br\u0131s&#8217;a gideceklerini, veda etmeye geldiklerini s\u00f6ylediler. Eve ba\u015fka giren ya da \u00e7\u0131kan kimse olmad\u0131. Saat 20.00 s\u0131ralar\u0131nda Muhterem i\u015fe gitmek i\u00e7in evden \u00e7\u0131kt\u0131. Ben de Fatih ve Do\u011fan ile birlikte saat 04.30 s\u0131ralar\u0131nda evden ayr\u0131ld\u0131m. Murat Arpapay&#8217;\u0131n nerede nas\u0131l \u00f6ld\u00fcr\u00fcld\u00fc\u011f\u00fcn\u00fc g\u00f6rmedim. Konuyla alakam yok\u201d dedi.<\/p>\n<p>\u0130ddianamede \u015f\u00fcpheli Fatih Ergino\u011flu ve Do\u011fan Sar\u0131y\u0131ld\u0131z&#8217;\u0131n 27 Temmuz g\u00fcn\u00fc Kuzey K\u0131br\u0131s T\u00fcrk Cumhuriyeti&#8217;ne giri\u015f yapt\u0131klar\u0131n\u0131n tespit edildi\u011fi ve haklar\u0131nda yakalama karar\u0131 \u00e7\u0131kar\u0131ld\u0131\u011f\u0131 belirtildi. Bir di\u011fer san\u0131k Azad lakapl\u0131 Ersen Ba\u015fak&#8217;\u0131n ise G\u00fcrcistan&#8217;a gitti\u011fi ve hakk\u0131nda k\u0131rm\u0131z\u0131 b\u00fcltenle arama emri d\u00fczenlendi\u011fi de iddianamede anlat\u0131ld\u0131.<\/p>\n<p>\u0130ddianamede t\u00fcm san\u0131klar\u0131n Azad lakapl\u0131 Ersen Ba\u015fak&#8217;\u0131n talimat\u0131yla \u00f6ncesinde anla\u015farak maktul\u00fc olay\u0131n ger\u00e7ekle\u015fti\u011fi daireye getirip zor kullanarak etkisiz hale getirip evini soymak i\u00e7in birlikte hareket ettikleri ve maktul\u00fcn \u00f6l\u00fcm\u00fcne sebebiyet verdikleri kaydedildi.<\/p>\n<p>\u00a0<\/p>\n<p><strong>20 YILDAN 25 YILA KADAR HAP\u0130S TALEB\u0130 <\/strong><\/p>\n<p>Haz\u0131rlanan iddianame kapsam\u0131nda Do\u011fan Sar\u0131y\u0131ld\u0131z, Ersen Ba\u015fak, Fatih Ergino\u011flu, Muhterem Per\u00e7ikli ve Serpil Demir&#8217;in \u2018birden fazla ki\u015fi ile konutta ya\u011fmaya te\u015febb\u00fcs&#8217; su\u00e7undan 2 y\u0131l 6 aydan 11 y\u0131l 3 aya kadar hapisle cezaland\u0131r\u0131lmalar\u0131 talep edildi. San\u0131klar\u0131n \u2018olas\u0131 kastla \u00f6ld\u00fcrme&#8217; su\u00e7undan ise 20 y\u0131ldan 25 y\u0131la kadar hapisle cezaland\u0131r\u0131lmas\u0131 istendi. Mahkeme taraf\u0131ndan kabul edilen iddianame kapsam\u0131nda san\u0131klar \u00f6n\u00fcm\u00fczdeki g\u00fcnlerde hakim kar\u015f\u0131s\u0131na \u00e7\u0131kacak.<\/p>\n<p>\u00a0<\/p>\n<p><strong>SOSYAL MEDYA HESABINDA PAYLA\u015eTI\u011eI V\u0130DEO ORTAYA \u00c7IKTI <\/strong><\/p>\n<p>\u00d6te yandan cinayetten birka\u00e7 g\u00fcn sonra Muhterem Per\u00e7ikli&#8217;nin \u201cBen de istemezdim bu kadar k\u00f6t\u00fc olmay\u0131. Ama insan k\u0131r\u0131ld\u0131\u011f\u0131 zaman kaybedecek bir \u015feyi kalm\u0131yor ve kaybedecek bir \u015feyi olmayan kad\u0131n her \u015feyi yapabilir\u201d a\u00e7\u0131klamas\u0131yla sosyal medya hesab\u0131ndan bir video payla\u015ft\u0131\u011f\u0131 da ortaya \u00e7\u0131kt\u0131. Haz\u0131rlanan iddianameye ili\u015fkin de\u011ferlendirmede bulunan maktul\u00fcn annesi \u015eefika Arpapay&#8217;\u0131n avukatlar\u0131ndan Burak Mert Akta\u015f \u201cMaktul Murat Arpapay san\u0131klar taraf\u0131ndan bo\u011fularak \u00f6ld\u00fcr\u00fclm\u00fc\u015ft\u00fcr. Bu durumda su\u00e7ta yer alan kast t\u00fcr\u00fcn\u00fcn olas\u0131 kast yerine do\u011frudan kast oldu\u011funu kanaatindeyiz. San\u0131klar\u0131n hepsinin fikir ve eylem birli\u011fi i\u00e7erisinde bu su\u00e7u i\u015fledikleri, maktul\u00fcn \u00f6l\u00fcm\u00fcn\u00fcn adeta bir tasarlama s\u00fcrecinin neticesi olarak ger\u00e7ekle\u015fti\u011fi dosya kapsam\u0131ndan a\u00e7\u0131kt\u0131r. 3 adet san\u0131k hala firari konumda yurtd\u0131\u015f\u0131nda bulunmaktad\u0131r. Firari san\u0131klar\u0131n bir an \u00f6nce yakalanarak y\u00fcce T\u00fcrk adaletine teslim edilmesi i\u00e7in yap\u0131lan \u00e7al\u0131\u015fmalar\u0131n ivedilikle olumlu sonu\u00e7lanmas\u0131n\u0131 temenni ediyoruz\u201d ifadelerini kulland\u0131.<\/p>\n<p>Avukat Can Ak\u015fahin ise \u201cPlanl\u0131 bir \u015fekilde i\u015fkence \u00e7ektirerek kasten \u00f6ld\u00fcrme eyleminin oldu\u011fu ortadad\u0131r. Mahkeme taraf\u0131ndan y\u00fcr\u00fct\u00fclecek yarg\u0131lamada san\u0131klar\u0131n kasten adam \u00f6ld\u00fcrme su\u00e7undan cezaland\u0131r\u0131lmalar\u0131 do\u011frultusunda taraf\u0131m\u0131zca gayret g\u00f6sterilecektir\u201d a\u00e7\u0131klamas\u0131nda bulundu.<\/p>\n\n<p><\/p>\n<p>Kaynak :\u00a0<span style=\"background-color: rgb(255, 249, 236); color: rgb(55, 58, 60); font-size: 14px;\">http:\/\/www.milliyet.com.tr\/gundem\/gunluk-kiralik-evde-olum-randevusu-seni-zengin-orta-yaslarda-bir-erkek-ile-tanistiracagim-7151951<\/span><\/p>\n","protected":false},"excerpt":{"rendered":"<p>\u00a0Bah\u00e7elievler&#8217;de g\u00fcnl\u00fck kiral\u0131k dairede \u00f6ld\u00fcr\u00fclen ve cesedi apartman bo\u015flu\u011funa at\u0131lan Murat Arpapay cinayetine ili\u015fkin y\u00fcr\u00fct\u00fclen soru\u015fturma tamamland\u0131. Haz\u0131rlanan iddianamede korkun\u00e7 cinayeti anlatan san\u0131k Muhterem Per\u00e7ikli, di\u011fer san\u0131klar taraf\u0131ndan Murat Arpapay ile tan\u0131\u015ft\u0131r\u0131ld\u0131\u011f\u0131n\u0131 ve g\u00fcnl\u00fck kiral\u0131k daireye gittiklerini s\u00f6yleyerek \u201cFatih ve Do\u011fan burada Murat&#8217;a sald\u0131rd\u0131. Do\u011fan, bir beze d\u00f6kt\u00fc\u011f\u00fc eter ile Murat&#8217;\u0131n a\u011fz\u0131n\u0131 kapatt\u0131&#8221; dedi.<\/p>\n","protected":false},"author":1,"featured_media":93590,"comment_status":"open","ping_status":"open","sticky":false,"template":"","format":"standard","meta":{"footnotes":""},"categories":[3],"tags":[5987,2349,805,447,5988],"class_list":["post-93589","post","type-post","status-publish","format-standard","has-post-thumbnail","hentry","category-guncel","tag-azad","tag-iddianamede","tag-murat","tag-sanik","tag-serpil"],"_links":{"self":[{"href":"https:\/\/kamucalisani.net\/index.php\/wp-json\/wp\/v2\/posts\/93589","targetHints":{"allow":["GET"]}}],"collection":[{"href":"https:\/\/kamucalisani.net\/index.php\/wp-json\/wp\/v2\/posts"}],"about":[{"href":"https:\/\/kamucalisani.net\/index.php\/wp-json\/wp\/v2\/types\/post"}],"author":[{"embeddable":true,"href":"https:\/\/kamucalisani.net\/index.php\/wp-json\/wp\/v2\/users\/1"}],"replies":[{"embeddable":true,"href":"https:\/\/kamucalisani.net\/index.php\/wp-json\/wp\/v2\/comments?post=93589"}],"version-history":[{"count":1,"href":"https:\/\/kamucalisani.net\/index.php\/wp-json\/wp\/v2\/posts\/93589\/revisions"}],"predecessor-version":[{"id":93591,"href":"https:\/\/kamucalisani.net\/index.php\/wp-json\/wp\/v2\/posts\/93589\/revisions\/93591"}],"wp:featuredmedia":[{"embeddable":true,"href":"https:\/\/kamucalisani.net\/index.php\/wp-json\/wp\/v2\/media\/93590"}],"wp:attachment":[{"href":"https:\/\/kamucalisani.net\/index.php\/wp-json\/wp\/v2\/media?parent=93589"}],"wp:term":[{"taxonomy":"category","embeddable":true,"href":"https:\/\/kamucalisani.net\/index.php\/wp-json\/wp\/v2\/categories?post=93589"},{"taxonomy":"post_tag","embeddable":true,"href":"https:\/\/kamucalisani.net\/index.php\/wp-json\/wp\/v2\/tags?post=93589"}],"curies":[{"name":"wp","href":"https:\/\/api.w.org\/{rel}","templated":true}]}}