{"id":93620,"date":"2024-09-20T05:48:17","date_gmt":"2024-09-20T05:48:17","guid":{"rendered":"https:\/\/kamucalisani.net\/?p=93620"},"modified":"2024-09-20T05:48:17","modified_gmt":"2024-09-20T05:48:17","slug":"apple-watch-ultra-3-bekleyenlere-kotu-haber","status":"publish","type":"post","link":"https:\/\/kamucalisani.net\/index.php\/2024\/09\/20\/apple-watch-ultra-3-bekleyenlere-kotu-haber\/","title":{"rendered":"Apple Watch Ultra 3 bekleyenlere k\u00f6t\u00fc haber"},"content":{"rendered":"<p><figure> <span> <img decoding=\"async\" src=\"https:\/\/kamucalisani.net\/wp-content\/uploads\/2024\/09\/apple-watch-ultra-3-bekleyenlere-kotu-haber-0-51gFmRhj.jpg\"\/> <\/span> <strong>Apple<\/strong>, bug\u00fcn T\u00fcrkiye saati ile 20:00\u2019da d\u00fczenleyece\u011fi<strong> \u201cIt&#8217;s Glowtime\u201d <\/strong>etkinli\u011fi kapsam\u0131nda iPhone 16 ailesiyle birlikte yeni Apple Watch&#8217;lar\u0131 tan\u0131tacak. Apple Watch Series 10 saatleriyle birlikte \u015fimdiye kadar Apple Watch Ultra 3 modelinin de tan\u0131t\u0131lmas\u0131 bekleniyordu. Ancak son bilgilere g\u00f6re <strong>Apple Watch Ultra 3<\/strong>, etkinli\u011fin bir par\u00e7as\u0131 olmayacak. <\/figure>\n<p><b>Apple Watch Ultra 3 tan\u0131t\u0131lmayabilir<\/b><\/p>\n<p>Bloomberg&#8217;den<strong> Mark Gurman<\/strong>&#8216;\u0131n X hesab\u0131ndan payla\u015ft\u0131\u011f\u0131 g\u00f6nderiye g\u00f6re yeni bir <strong>\u00fc\u00e7\u00fcnc\u00fc nesil Apple Watch Ultra modeli tan\u0131tmayacak.<\/strong> \u015eirket bunun yerine Apple Watch Ultra 2&#8217;yi g\u00fcncelleyecek.<strong> Apple Watch Ultra 2<\/strong> \u00f6zelinde <strong>yeni bir siyah renk <\/strong>se\u00e7ene\u011finin eklenece\u011fi belirtiliyor.<\/p>\n<figure> <span> <img decoding=\"async\" src=\"https:\/\/kamucalisani.net\/wp-content\/uploads\/2024\/09\/apple-watch-ultra-3-bekleyenlere-kotu-haber-1-Ff9jLOpq.jpg\"\/> <\/span> Esas\u0131nda ge\u00e7ti\u011fimiz y\u0131l koyu bir Apple Watch Ultra 2&#8217;nin baz\u0131 potansiyel g\u00f6r\u00fcnt\u00fcleri s\u0131zd\u0131r\u0131lm\u0131\u015ft\u0131, bu model ak\u015famki etkinlikte tan\u0131t\u0131lacak cihaz olabilir. \u00d6te yandan Apple Watch Ultra&#8217;n\u0131n yenilenmeyecek olmas\u0131 Apple Watch Series 10 ile birlikte sunulacak uyku apnesi \u00f6zelliklerinden de yoksun kalabilece\u011fine i\u015faret ediyor. Daha \u00f6nceki Apple Watch Ultra 3 s\u0131z\u0131nt\u0131lar\u0131na bakt\u0131\u011f\u0131m\u0131zda ise yeni saatin tasar\u0131msal bir de\u011fi\u015fim ya\u015famayaca\u011f\u0131 ve k\u00fc\u00e7\u00fck de\u011fi\u015fikliklerin olaca\u011f\u0131 bildirilmi\u015fti. <\/figure>\n<p>Gurman ayr\u0131ca, al\u00fcminyum yerine plastik g\u00f6vdeye sahip olmas\u0131 beklenen yeni Apple Watch SE i\u00e7in de bir gecikme ya\u015fanabilece\u011fini belirtiyor. Watch SE\u2019nin daha uygun fiyatl\u0131 olmas\u0131 bekleniyordu. T\u00fcm bunlar ve \u00e7ok daha fazlas\u0131n\u0131n kesin cevab\u0131n\u0131 ise bug\u00fcn 20:00\u2019daki \u201cIt&#8217;s Glowtime\u201d etkinli\u011finde \u00f6\u011frenece\u011fiz.<\/p>\n\n<p>Kaynak\u00a0 :\u00a0<span style=\"background-color: rgb(255, 249, 236); color: rgb(55, 58, 60); font-size: 14px;\">https:\/\/www.donanimhaber.com\/apple-watch-ultra-3-bekleyenlere-kotu-haber&#8211;181711<\/span><\/p>\n","protected":false},"excerpt":{"rendered":"<p>Apple, bug\u00fcn T\u00fcrkiye saati ile 20:00\u2019da d\u00fczenleyece\u011fi \u201cIt&#8217;s Glowtime\u201d etkinli\u011fi kapsam\u0131nda iPhone 16 ailesiyle birlikte yeni Apple Watch&#8217;lar\u0131 tan\u0131tacak. Apple Watch Series 10 saatleriyle birlikte \u015fimdiye kadar Apple Watch Ultra 3 modelinin de &#8230;<\/p>\n","protected":false},"author":1,"featured_media":93621,"comment_status":"open","ping_status":"open","sticky":false,"template":"","format":"standard","meta":{"footnotes":""},"categories":[8],"tags":[82,5903,166],"class_list":["post-93620","post","type-post","status-publish","format-standard","has-post-thumbnail","hentry","category-teknoloji","tag-apple","tag-apple-watch-ultra","tag-watch"],"_links":{"self":[{"href":"https:\/\/kamucalisani.net\/index.php\/wp-json\/wp\/v2\/posts\/93620","targetHints":{"allow":["GET"]}}],"collection":[{"href":"https:\/\/kamucalisani.net\/index.php\/wp-json\/wp\/v2\/posts"}],"about":[{"href":"https:\/\/kamucalisani.net\/index.php\/wp-json\/wp\/v2\/types\/post"}],"author":[{"embeddable":true,"href":"https:\/\/kamucalisani.net\/index.php\/wp-json\/wp\/v2\/users\/1"}],"replies":[{"embeddable":true,"href":"https:\/\/kamucalisani.net\/index.php\/wp-json\/wp\/v2\/comments?post=93620"}],"version-history":[{"count":1,"href":"https:\/\/kamucalisani.net\/index.php\/wp-json\/wp\/v2\/posts\/93620\/revisions"}],"predecessor-version":[{"id":93624,"href":"https:\/\/kamucalisani.net\/index.php\/wp-json\/wp\/v2\/posts\/93620\/revisions\/93624"}],"wp:featuredmedia":[{"embeddable":true,"href":"https:\/\/kamucalisani.net\/index.php\/wp-json\/wp\/v2\/media\/93621"}],"wp:attachment":[{"href":"https:\/\/kamucalisani.net\/index.php\/wp-json\/wp\/v2\/media?parent=93620"}],"wp:term":[{"taxonomy":"category","embeddable":true,"href":"https:\/\/kamucalisani.net\/index.php\/wp-json\/wp\/v2\/categories?post=93620"},{"taxonomy":"post_tag","embeddable":true,"href":"https:\/\/kamucalisani.net\/index.php\/wp-json\/wp\/v2\/tags?post=93620"}],"curies":[{"name":"wp","href":"https:\/\/api.w.org\/{rel}","templated":true}]}}