{"id":95802,"date":"2024-09-24T11:36:09","date_gmt":"2024-09-24T11:36:09","guid":{"rendered":"https:\/\/kamucalisani.net\/?p=95802"},"modified":"2024-09-24T11:36:09","modified_gmt":"2024-09-24T11:36:09","slug":"mahalle-diken-ustundeydi-terk-edilmis-araclar-cekildi","status":"publish","type":"post","link":"https:\/\/kamucalisani.net\/index.php\/2024\/09\/24\/mahalle-diken-ustundeydi-terk-edilmis-araclar-cekildi\/","title":{"rendered":"Mahalle diken \u00fcst\u00fcndeydi! Terk edilmi\u015f ara\u00e7lar \u00e7ekildi"},"content":{"rendered":"<p><p>Arnavutk\u00f6y \u0130slambey Mahallesi&#8217;nde y\u0131llard\u0131r park halinde duran iki ticari ara\u00e7 vatanda\u015flar\u0131n huzurunu ka\u00e7\u0131r\u0131yordu. Terk edilmi\u015f ara\u00e7lar\u0131n i\u00e7erisinde ak\u015fam saatlerinde uygunsuz davran\u0131\u015flar sergilendi\u011fini belirten mahalle sakinleri yetkililerden yard\u0131m istemi\u015fti.<\/p>\n<p>Vatanda\u015flar\u0131n yard\u0131m talebine Arnavutk\u00f6y \u0130l\u00e7e Emniyet M\u00fcd\u00fcrl\u00fc\u011f\u00fc ekipleri kay\u0131ts\u0131z kalmad\u0131. Olaya m\u00fcdahale eden polis ekipleri taraf\u0131ndan mahallelinin korkulu r\u00fcyas\u0131 olan ara\u00e7lar \u00e7ekildi. \u00c7ocuk park\u0131 ve gen\u00e7lerin vakit ge\u00e7irmesi i\u00e7in yap\u0131lan spor alanlar\u0131n\u0131n bulundu\u011fu yerden \u00e7ekilen ara\u00e7larla mahallenin g\u00fcvenli\u011fi sa\u011fland\u0131.<\/p>\n<p>\u00a0Yard\u0131m taleplerine kar\u015f\u0131l\u0131k bulan vatanda\u015flar ise rahat bir nefes ald\u0131.<\/p>\n\n<p><\/p>\n<p>Kaynak :\u00a0<span style=\"background-color: rgb(255, 249, 236); color: rgb(55, 58, 60); font-size: 14px;\">http:\/\/www.milliyet.com.tr\/gundem\/mahalle-diken-ustundeydi-terk-edilmis-araclar-cekildi-7152422<\/span><\/p>\n","protected":false},"excerpt":{"rendered":"<p>Arnavutk\u00f6y il\u00e7esinde y\u0131llard\u0131r park halinde bulunan ve ak\u015fam saatlerinde uygunsuz hareketler sergilenmesi nedeniyle vatanda\u015flar\u0131n korkulu r\u00fcyas\u0131 olan iki ticari ara\u00e7 polis ekipleri taraf\u0131ndan \u00e7ekildi.<\/p>\n","protected":false},"author":1,"featured_media":95803,"comment_status":"open","ping_status":"open","sticky":false,"template":"","format":"standard","meta":{"footnotes":""},"categories":[3],"tags":[],"class_list":["post-95802","post","type-post","status-publish","format-standard","has-post-thumbnail","hentry","category-guncel"],"_links":{"self":[{"href":"https:\/\/kamucalisani.net\/index.php\/wp-json\/wp\/v2\/posts\/95802","targetHints":{"allow":["GET"]}}],"collection":[{"href":"https:\/\/kamucalisani.net\/index.php\/wp-json\/wp\/v2\/posts"}],"about":[{"href":"https:\/\/kamucalisani.net\/index.php\/wp-json\/wp\/v2\/types\/post"}],"author":[{"embeddable":true,"href":"https:\/\/kamucalisani.net\/index.php\/wp-json\/wp\/v2\/users\/1"}],"replies":[{"embeddable":true,"href":"https:\/\/kamucalisani.net\/index.php\/wp-json\/wp\/v2\/comments?post=95802"}],"version-history":[{"count":1,"href":"https:\/\/kamucalisani.net\/index.php\/wp-json\/wp\/v2\/posts\/95802\/revisions"}],"predecessor-version":[{"id":95804,"href":"https:\/\/kamucalisani.net\/index.php\/wp-json\/wp\/v2\/posts\/95802\/revisions\/95804"}],"wp:featuredmedia":[{"embeddable":true,"href":"https:\/\/kamucalisani.net\/index.php\/wp-json\/wp\/v2\/media\/95803"}],"wp:attachment":[{"href":"https:\/\/kamucalisani.net\/index.php\/wp-json\/wp\/v2\/media?parent=95802"}],"wp:term":[{"taxonomy":"category","embeddable":true,"href":"https:\/\/kamucalisani.net\/index.php\/wp-json\/wp\/v2\/categories?post=95802"},{"taxonomy":"post_tag","embeddable":true,"href":"https:\/\/kamucalisani.net\/index.php\/wp-json\/wp\/v2\/tags?post=95802"}],"curies":[{"name":"wp","href":"https:\/\/api.w.org\/{rel}","templated":true}]}}