{"id":95955,"date":"2024-09-24T18:36:07","date_gmt":"2024-09-24T18:36:07","guid":{"rendered":"https:\/\/kamucalisani.net\/?p=95955"},"modified":"2024-09-24T18:36:07","modified_gmt":"2024-09-24T18:36:07","slug":"fenerbahcede-fredden-sakatlik-itirafi-kariyerimde-ilk-defa-boyle-bir-durumla-karsilastim","status":"publish","type":"post","link":"https:\/\/kamucalisani.net\/index.php\/2024\/09\/24\/fenerbahcede-fredden-sakatlik-itirafi-kariyerimde-ilk-defa-boyle-bir-durumla-karsilastim\/","title":{"rendered":"Fenerbah\u00e7e&#8217;de Fred&#8217;den sakatl\u0131k itiraf\u0131! Kariyerimde ilk defa b\u00f6yle bir durumla kar\u015f\u0131la\u015ft\u0131m"},"content":{"rendered":"<p><p>Fenerbah\u00e7e&#8217;nin Brezilyal\u0131 futbolcusu Fred Rodrigues, T\u00fcrk Milli Tak\u0131m\u0131&#8217;n\u0131n 2024 Avrupa Futbol \u015eampiyonas\u0131&#8217;nda (EURO 2024) \u00e7ok ba\u015far\u0131l\u0131 bir i\u015fe imza att\u0131\u011f\u0131n\u0131 belirtti.<\/p>\n<p>Sar\u0131-lacivertli tak\u0131m\u0131n, Avusturya&#8217;n\u0131n Graz kentine ba\u011fl\u0131 Bad Waltersdorf kasabas\u0131nda kamp yapt\u0131\u011f\u0131 otelde bas\u0131n mensuplar\u0131n\u0131n sorular\u0131n\u0131 yan\u0131tlayan 31 ya\u015f\u0131ndaki oyuncu, A Milli Tak\u0131m&#8217;\u0131n EURO 2024 performans\u0131n\u0131 da de\u011ferlendirdi.<\/p>\n<p>\u015eampiyonan\u0131n zor oldu\u011funun alt\u0131n\u0131 \u00e7izen Fred, &#8220;B\u00fcy\u00fck tutku g\u00f6sterdiler. Bu anlamda her oyuncuyu tebrik ediyorum. Tabii \u00f6ncelikle tak\u0131m arkada\u015flar\u0131m\u0131 tebrik etmem gerekiyor. D\u00fcn ma\u00e7\u0131 izleyemedik, haz\u0131rl\u0131k ma\u00e7\u0131m\u0131z vard\u0131. Elbette T\u00fcrkiye&#8217;nin kazanmas\u0131n\u0131 isterdik ama bu ger\u00e7ekle\u015fmedi. Umar\u0131m g\u00fc\u00e7l\u00fc \u015fekilde devam ederler.&#8221; ifadelerini kulland\u0131.<\/p>\n<p><strong>&#8216;\u00c7ALI\u015eMALARIMIZ GAYET \u0130Y\u0130 \u0130LERL\u0130YOR&#8217;<\/strong><\/p>\n<p>Fred, yeni sezon i\u00e7in yo\u011fun \u015fekilde \u00e7al\u0131\u015ft\u0131klar\u0131n\u0131 ve \u015fu ana kadar yurt d\u0131\u015f\u0131 kamp\u0131n\u0131n \u00e7ok verimli ge\u00e7ti\u011fini s\u00f6yledi.<\/p>\n<p>Fenerbah\u00e7e ile burada olmaktan memnuniyet duydu\u011funu vurgulayan Brezilyal\u0131 futbolcu, &#8220;\u015eu ana kadar her \u015feyin iyi gitti\u011fini s\u00f6yleyebilirim. Burada olmaktan mutluyum. Sezon \u00f6ncesi \u00e7al\u0131\u015fmalar\u0131m\u0131z gayet iyi ilerliyor. Her \u015fey yolunda gidiyor. Sezon \u00f6ncesi idmanlar daima zorludur. Sezon i\u00e7inde bu \u00e7al\u0131\u015fmalar\u0131n kar\u015f\u0131l\u0131\u011f\u0131n\u0131 almak istiyoruz.&#8221; de\u011ferlendirmesinde bulundu.<\/p>\n<div>\n<div> <img decoding=\"async\" src=\"https:\/\/kamucalisani.net\/wp-content\/uploads\/2024\/09\/fenerbahcede-fredden-sakatlik-itirafi-kariyerimde-ilk-defa-boyle-bir-durumla-karsilastim-0-ZFJHIJCB.jpg\"\/><\/img> <\/div>\n<\/p><\/div>\n<\/p>\n<p>Teknik direkt\u00f6r Jose Mourinho&#8217;nun herkes taraf\u0131ndan iyi \u015fekilde tan\u0131nd\u0131\u011f\u0131n\u0131 aktaran Fred, &#8220;Kendisi harika bir teknik adam, \u015faka yapmay\u0131 sever ama i\u015f zaman\u0131 geldi\u011finde herkesten iyi \u00e7al\u0131\u015fma ister. Herkes bu noktada istekli. Bunu idmanlarda ve ma\u00e7larda g\u00f6stermeye \u00e7al\u0131\u015f\u0131yoruz. Bu, tak\u0131m a\u00e7\u0131s\u0131ndan \u00e7ok \u00f6nemli bir unsur. Sezon i\u00e7inde bu istekli halimizi devam ettirmemiz gerekiyor. Kendisi her zaman galip gelmek isteyen biridir. Tak\u0131m i\u00e7inde de b\u00f6yle \u00e7ok oyuncu var.&#8221; diye konu\u015ftu.<\/p>\n<p><strong>&#8216;MOURINHO D\u00dcNYANIN EN B\u00dcY\u00dcK TEKN\u0130K ADAMLARINDAN B\u0130R\u0130&#8217;<\/strong><\/p>\n<p>Portekizli teknik direkt\u00f6r\u00fcn geli\u015fini \u00f6\u011frendiklerinde tak\u0131m olarak mutluluk duyduklar\u0131n\u0131 kaydeden Fred, \u015f\u00f6yle devam etti:<\/p>\n<p>&#8220;Onun buraya gelmesi \u00e7ok \u00f6nemli. Mourinho, d\u00fcnyan\u0131n en b\u00fcy\u00fck teknik adamlar\u0131ndan biri. Geldi\u011finde etkisi \u00e7ok oldu. Kendisi prensiplere sahip birisi. Hem gen\u00e7 hem tecr\u00fcbeli oyuncular ondan bir\u00e7ok \u015fey \u00f6\u011frenecektir. Kariyerinde \u00e7ok fazla kupa kazand\u0131. \u00c7ok iyi bir insan ve teknik adam. Bize daha iyiyi s\u00fcrekli g\u00f6steriyor. Futbolu nas\u0131l d\u00fc\u015f\u00fcnmemiz noktas\u0131nda bizlere yard\u0131mc\u0131 oluyor.&#8221;<\/p>\n<p>Mourinho&#8217;nun gen\u00e7 oyunculara \u00e7ok de\u011fer verdi\u011fini ifade eden tecr\u00fcbeli oyuncu, &#8220;Mourinho, gen\u00e7 oyuncular\u0131 takip ediyor. Daha fazla oyuncu tak\u0131ma kat\u0131labilir. Gen\u00e7lerin sezon \u00f6ncesi kamp\u0131nda iyi i\u015fler yapt\u0131klar\u0131n\u0131 s\u00f6yleyebilirim. Gen\u00e7ler de antrenman yapmaktan, ma\u00e7larda oynamaktan mutlular. Tecr\u00fcbeli oyuncular\u0131n gen\u00e7 oyunculara yard\u0131m etmesi gerekiyor. \u00d6z g\u00fcven in\u015fa ederlerse onlar a\u00e7\u0131s\u0131ndan verimli olacakt\u0131r.&#8221; \u015feklinde g\u00f6r\u00fc\u015f belirtti.<\/p>\n<p>Soyunma odas\u0131nda isminin &#8220;Firet&#8221; \u015feklinde yaz\u0131lmas\u0131n\u0131n sorulmas\u0131 \u00fczerine Fred, &#8220;Tak\u0131ma yeni bir oyuncu kat\u0131ld\u0131. \u015eaka bir yana soyunma odas\u0131nda b\u00f6yle bir durum ya\u015fand\u0131. Ger\u00e7ek Fred olarak buraday\u0131m.&#8221; ifadelerini kulland\u0131.<\/p>\n<p><strong>&#8216;EN \u00d6NEML\u0130S\u0130 KUPALAR VE \u015eAMP\u0130YONLUKLAR&#8217;<\/strong><\/p>\n<p>Ge\u00e7en sezon sakatl\u0131\u011f\u0131 nedeniyle 15 ma\u00e7 ka\u00e7\u0131rd\u0131\u011f\u0131n\u0131 anlatan Fred, &#8220;Kariyerimde ilk defa b\u00f6yle bir durumla kar\u015f\u0131la\u015ft\u0131m. Tak\u0131m\u0131ma \u00e7ok gol ve asist katk\u0131s\u0131 yapamad\u0131m bu eksikten dolay\u0131. Ben de her zamanki gibi \u015fampiyonluk yolunda katk\u0131 sa\u011flamak istiyorum. Elbette gol atmak asist yapmak \u00f6nemli ama benim i\u00e7in en \u00f6nemlisi kupalar ve \u015fampiyonluklar kazanmak.&#8221; de\u011ferlendirmesinde bulundu.<\/p>\n<p>Fred, d\u00fcnk\u00fc haz\u0131rl\u0131k ma\u00e7\u0131nda kaptanl\u0131k pazubendini takmas\u0131na ili\u015fkin soruya ise \u015fu yan\u0131t\u0131 verdi:<\/p>\n<p>&#8220;Kaptanl\u0131k band\u0131n\u0131 takmak g\u00fczel bir his \u00e7\u00fcnk\u00fc ben de tecr\u00fcbeli oyunculardan biriyim ama kaptan de\u011filim. \u0130lk kaptan\u0131m\u0131z Dzeko, sonra da Tadic ve Mert Hakan. Bu isimler kaptan. D\u00fcnk\u00fc ma\u00e7ta Dzeko \u00e7\u0131k\u0131nca gen\u00e7ler i\u00e7inde tecr\u00fcbeli oyuncu olarak ben sorumluluk ald\u0131m. Saha i\u00e7inde kaptan olsam da olmasam da uyar\u0131 yapmay\u0131 seviyorum. \u0130htiya\u00e7 oldu\u011funda buraday\u0131m elbette.&#8221;<\/p>\n\n<p><\/p>\n<p>Kaynak :\u00a0<span style=\"background-color: rgb(255, 249, 236); color: rgb(55, 58, 60); font-size: 14px;\">http:\/\/www.milliyet.com.tr\/skorer\/fenerbahcede-fredden-sakatlik-itirafi-kariyerimde-ilk-defa-boyle-bir-durumla-karsilastim-7152462<\/span><\/p>\n","protected":false},"excerpt":{"rendered":"<p>Fenerbah\u00e7e&#8217;nin Brezilyal\u0131 orta saha oyuncusu Fred, tak\u0131m\u0131n\u0131n yurt d\u0131\u015f\u0131 kamp \u00e7al\u0131\u015fmalar\u0131n\u0131 s\u00fcrd\u00fcrd\u00fc\u011f\u00fc Avusturya\u2019n\u0131n Bad Waltersdorf kasabas\u0131nda d\u00fczenlenen bas\u0131n toplant\u0131s\u0131nda a\u00e7\u0131klamalarda bulundu.<\/p>\n","protected":false},"author":1,"featured_media":95956,"comment_status":"open","ping_status":"open","sticky":false,"template":"","format":"standard","meta":{"footnotes":""},"categories":[7],"tags":[6152,710,288,967,263],"class_list":["post-95955","post","type-post","status-publish","format-standard","has-post-thumbnail","hentry","category-spor","tag-fred","tag-genc","tag-mac","tag-oyuncu","tag-takim"],"_links":{"self":[{"href":"https:\/\/kamucalisani.net\/index.php\/wp-json\/wp\/v2\/posts\/95955","targetHints":{"allow":["GET"]}}],"collection":[{"href":"https:\/\/kamucalisani.net\/index.php\/wp-json\/wp\/v2\/posts"}],"about":[{"href":"https:\/\/kamucalisani.net\/index.php\/wp-json\/wp\/v2\/types\/post"}],"author":[{"embeddable":true,"href":"https:\/\/kamucalisani.net\/index.php\/wp-json\/wp\/v2\/users\/1"}],"replies":[{"embeddable":true,"href":"https:\/\/kamucalisani.net\/index.php\/wp-json\/wp\/v2\/comments?post=95955"}],"version-history":[{"count":1,"href":"https:\/\/kamucalisani.net\/index.php\/wp-json\/wp\/v2\/posts\/95955\/revisions"}],"predecessor-version":[{"id":95958,"href":"https:\/\/kamucalisani.net\/index.php\/wp-json\/wp\/v2\/posts\/95955\/revisions\/95958"}],"wp:featuredmedia":[{"embeddable":true,"href":"https:\/\/kamucalisani.net\/index.php\/wp-json\/wp\/v2\/media\/95956"}],"wp:attachment":[{"href":"https:\/\/kamucalisani.net\/index.php\/wp-json\/wp\/v2\/media?parent=95955"}],"wp:term":[{"taxonomy":"category","embeddable":true,"href":"https:\/\/kamucalisani.net\/index.php\/wp-json\/wp\/v2\/categories?post=95955"},{"taxonomy":"post_tag","embeddable":true,"href":"https:\/\/kamucalisani.net\/index.php\/wp-json\/wp\/v2\/tags?post=95955"}],"curies":[{"name":"wp","href":"https:\/\/api.w.org\/{rel}","templated":true}]}}