{"id":96002,"date":"2024-09-24T21:36:45","date_gmt":"2024-09-24T21:36:45","guid":{"rendered":"https:\/\/kamucalisani.net\/?p=96002"},"modified":"2024-09-24T21:36:45","modified_gmt":"2024-09-24T21:36:45","slug":"sislide-feci-olay-sara-nobeti-geciren-kisi-motosikletten-dusup-arabanin-altina-girdi","status":"publish","type":"post","link":"https:\/\/kamucalisani.net\/index.php\/2024\/09\/24\/sislide-feci-olay-sara-nobeti-geciren-kisi-motosikletten-dusup-arabanin-altina-girdi\/","title":{"rendered":"\u015ei\u015fli\u2019de feci olay! Sara n\u00f6beti ge\u00e7iren ki\u015fi motosikletten d\u00fc\u015f\u00fcp araban\u0131n alt\u0131na girdi"},"content":{"rendered":"<p><p>Kaza, 14.00 s\u0131ralar\u0131nda Barbaros Bulvar\u0131, Zincirlikuyu metrob\u00fcs dura\u011f\u0131 giri\u015finde meydana geldi. Edinilen bilgiye g\u00f6re, Emrah Akman&#8217;\u0131n kulland\u0131\u011f\u0131 motosiklette art\u00e7\u0131 olan Mehmet \u015eanverdi, Levent&#8217;ten Be\u015fikta\u015f istikametine do\u011fru gittikleri s\u0131rada sara n\u00f6beti ge\u00e7irdi.<\/p>\n<p>Motosikletten d\u00fc\u015fen \u015eanverdi, \u0130ETT otob\u00fcs\u00fcn\u00fcn alt\u0131nda kalmaktan son anda kurtuldu. Ba\u015f\u0131n\u0131 yere \u00e7arpan \u015eanverdi yaraland\u0131. \u0130hbar \u00fczerine olay yerine polis ve sa\u011fl\u0131k ekipleri sevk edildi. Sa\u011fl\u0131k ekipleri taraf\u0131ndan ilk m\u00fcdahalesi olay yerinde yap\u0131lan \u015eanverdi, ambulansla Prof. Dr. Cemil Ta\u015fc\u0131o\u011flu \u015eehir Hastanesi&#8217;ne kald\u0131r\u0131ld\u0131. Otob\u00fcs\u00fcn kamera kay\u0131tlar\u0131n\u0131 inceleyen ekipler, \u0130ETT \u015fof\u00f6r\u00fcn\u00fc ifadesine ba\u015fvurmak \u00fczere polis merkezine g\u00f6t\u00fcrd\u00fc.<\/p>\n<p><strong>\u201cEP\u0130LEPS\u0130 N\u00d6BET\u0130 GE\u00c7\u0130R\u0130P YERE D\u00dc\u015eT\u00dc&#8221;<\/strong><\/p>\n<p>Motosiklet s\u00fcr\u00fcc\u00fcs\u00fc Emrah Akman \u201cArkada\u015f\u0131mla motosiklet ile seyir halinde geliyorduk. Kendisi arkamda epilepsi n\u00f6beti ge\u00e7irip bay\u0131lm\u0131\u015f san\u0131r\u0131m. Yere d\u00fc\u015ft\u00fc. Otob\u00fcs\u00e7\u00fc \u015fof\u00f6r abi de kendisini g\u00f6rmeyip \u00fczerinden ge\u00e7mi\u015f. Ama ge\u00e7ip ge\u00e7medi\u011fi net de\u011fil. Polisler \u015fuan kamera kayd\u0131na bak\u0131yor. Ben de tam g\u00f6remedim. \u015euan onu bulmaya \u00e7al\u0131\u015f\u0131yorlar. Arkada\u015f\u0131m da hastanede \u015fuan durumu iyi&#8221; dedi.<\/p>\n<p><strong>\u201cD\u00dc\u015e\u00dcNCE ARABANIN ALTINA G\u0130RM\u0130\u015e&#8221;<\/strong><\/p>\n<p>\u0130smini vermek istemeyen \u0130ETT \u015fof\u00f6r\u00fc \u201cKaza, ben cebe girerken arkada\u015f sol taraftan motorun \u00fczerinden d\u00fc\u015fm\u00fc\u015f. D\u00fc\u015f\u00fcnce araban\u0131n alt\u0131na girmi\u015f. Ben son anda fark ettim. Yolcular ba\u011f\u0131rd\u0131 ve durdum. D\u00fc\u015fen ki\u015finin durumu iyi. Polisler konu\u015ftu. &#8216;Bir \u015feyim yok&#8217; demi\u015f. Arac\u0131n alt\u0131ndan de\u011fil motordan d\u00fc\u015f\u00fcnce kafas\u0131n\u0131 yere vurmu\u015f. Tedbir ama\u00e7l\u0131 hastaneye g\u00f6t\u00fcrd\u00fcler. Araban\u0131n alt\u0131na girmedi. Ben durdu\u011fumda arac\u0131n yan taraf\u0131ndayd\u0131&#8221; diye konu\u015ftu.<\/p>\n\n<p><\/p>\n<p>Kaynak :\u00a0<span style=\"background-color: rgb(255, 249, 236); color: rgb(55, 58, 60); font-size: 14px;\">http:\/\/www.milliyet.com.tr\/gundem\/sislide-feci-olay-sara-nobeti-geciren-kisi-motosikletten-dusup-arabanin-altina-girdi-7152470<\/span><\/p>\n","protected":false},"excerpt":{"rendered":"<p>\u015ei\u015fli\u2019den sara n\u00f6beti ge\u00e7iren motosiklet art\u00e7\u0131s\u0131, \u0130ETT otob\u00fcs\u00fcn\u00fcn \u00f6n\u00fcne d\u00fc\u015ft\u00fc. Kazada yaralanan motosiklet art\u00e7\u0131s\u0131 ambulansla hastaneye kald\u0131r\u0131ld\u0131. Polis ise \u0130ETT otob\u00fcs\u00fcn\u00fcn kamera kay\u0131tlar\u0131n\u0131 incelemeye ald\u0131.<\/p>\n","protected":false},"author":1,"featured_media":96003,"comment_status":"open","ping_status":"open","sticky":false,"template":"","format":"standard","meta":{"footnotes":""},"categories":[3],"tags":[],"class_list":["post-96002","post","type-post","status-publish","format-standard","has-post-thumbnail","hentry","category-guncel"],"_links":{"self":[{"href":"https:\/\/kamucalisani.net\/index.php\/wp-json\/wp\/v2\/posts\/96002","targetHints":{"allow":["GET"]}}],"collection":[{"href":"https:\/\/kamucalisani.net\/index.php\/wp-json\/wp\/v2\/posts"}],"about":[{"href":"https:\/\/kamucalisani.net\/index.php\/wp-json\/wp\/v2\/types\/post"}],"author":[{"embeddable":true,"href":"https:\/\/kamucalisani.net\/index.php\/wp-json\/wp\/v2\/users\/1"}],"replies":[{"embeddable":true,"href":"https:\/\/kamucalisani.net\/index.php\/wp-json\/wp\/v2\/comments?post=96002"}],"version-history":[{"count":1,"href":"https:\/\/kamucalisani.net\/index.php\/wp-json\/wp\/v2\/posts\/96002\/revisions"}],"predecessor-version":[{"id":96004,"href":"https:\/\/kamucalisani.net\/index.php\/wp-json\/wp\/v2\/posts\/96002\/revisions\/96004"}],"wp:featuredmedia":[{"embeddable":true,"href":"https:\/\/kamucalisani.net\/index.php\/wp-json\/wp\/v2\/media\/96003"}],"wp:attachment":[{"href":"https:\/\/kamucalisani.net\/index.php\/wp-json\/wp\/v2\/media?parent=96002"}],"wp:term":[{"taxonomy":"category","embeddable":true,"href":"https:\/\/kamucalisani.net\/index.php\/wp-json\/wp\/v2\/categories?post=96002"},{"taxonomy":"post_tag","embeddable":true,"href":"https:\/\/kamucalisani.net\/index.php\/wp-json\/wp\/v2\/tags?post=96002"}],"curies":[{"name":"wp","href":"https:\/\/api.w.org\/{rel}","templated":true}]}}