{"id":96009,"date":"2024-09-24T22:00:06","date_gmt":"2024-09-24T22:00:06","guid":{"rendered":"https:\/\/kamucalisani.net\/?p=96009"},"modified":"2024-09-24T22:00:06","modified_gmt":"2024-09-24T22:00:06","slug":"malatyada-yilan-panigi-metrelerce-uzunlukta-evin-bahcesinde-goruldu","status":"publish","type":"post","link":"https:\/\/kamucalisani.net\/index.php\/2024\/09\/24\/malatyada-yilan-panigi-metrelerce-uzunlukta-evin-bahcesinde-goruldu\/","title":{"rendered":"Malatya\u2019da y\u0131lan pani\u011fi! Metrelerce uzunlukta evin bah\u00e7esinde g\u00f6r\u00fcld\u00fc"},"content":{"rendered":"<p><p>Olay, \u00f6\u011fle saatlerinde Ye\u015filyurt il\u00e7esi Bostanba\u015f\u0131 Mahallesi\u2019nde meydana geldi. Edinilen bilgilere g\u00f6re, Ak\u00e7ay Caddesi \u00fczerinde bulunan bir evin bah\u00e7esinde yakla\u015f\u0131k 1,5 metre uzunlu\u011funda bir y\u0131lan\u0131 g\u00f6renler durumu itfaiye ekiplerine bildirdi.<\/p>\n<p>Bah\u00e7ede bulunan su borusu i\u00e7erisine giren y\u0131lan, olay yerine intikal eden ekiplerin yapt\u0131\u011f\u0131 \u00e7al\u0131\u015fma sonras\u0131 bulundu\u011fu yerden al\u0131narak do\u011faya b\u0131rak\u0131ld\u0131.<\/p>\n<div>\n<div> <img decoding=\"async\" src=\"https:\/\/kamucalisani.net\/wp-content\/uploads\/2024\/09\/malatyada-yilan-panigi-metrelerce-uzunlukta-evin-bahcesinde-goruldu-0-EjMxHv8U.jpg\"\/><\/img> <\/div>\n<\/p><\/div>\n<\/p>\n<p><strong>KONTEYNER KENTTE G\u00d6R\u00dcLEN YILAN KORKUTTU<\/strong><\/p>\n<p>Ad\u0131yaman merkezde bulunan K4 Konteyner kentte ak\u015fam saatlerinde vatanda\u015flar taraf\u0131ndan yakla\u015f\u0131k 1,5 metre uzunlu\u011funda y\u0131lan g\u00f6r\u00fcld\u00fc. G\u00f6r\u00fcnen y\u0131lan korkuya neden oldu. Vatanda\u015flar, y\u0131lan\u0131 yakalamak i\u00e7in dakikalarca u\u011fra\u015ft\u0131. Y\u0131lan daha sonra vatanda\u015flar taraf\u0131ndan \u00f6ld\u00fcr\u00fclerek yakaland\u0131. Konteyner kentte y\u0131lan ve akreplerin g\u00f6r\u00fclmeye ba\u015fland\u0131\u011f\u0131n\u0131 s\u00f6yleyen vatanda\u015flar, yetkililerden durumla ilgili tedbir al\u0131nmas\u0131n\u0131 istedi.<\/p>\n<p>\u00a0<\/p>\n\n<p><\/p>\n<p>Kaynak :\u00a0<span style=\"background-color: rgb(255, 249, 236); color: rgb(55, 58, 60); font-size: 14px;\">http:\/\/www.milliyet.com.tr\/gundem\/malatyada-yilan-panigi-metrelerce-uzunlukta-evin-bahcesinde-goruldu-7152473<\/span><\/p>\n","protected":false},"excerpt":{"rendered":"<p>Malatya\u2019da bir evin bah\u00e7esinde g\u00f6r\u00fclen yakla\u015f\u0131k 1,5 uzunlu\u011fundaki y\u0131lan pani\u011fe neden oldu. Ekiplerin yapt\u0131\u011f\u0131 \u00e7al\u0131\u015fma sonras\u0131 bulundu\u011fu yerden al\u0131nan y\u0131lan do\u011faya b\u0131rak\u0131ld\u0131.<\/p>\n","protected":false},"author":1,"featured_media":96010,"comment_status":"open","ping_status":"open","sticky":false,"template":"","format":"standard","meta":{"footnotes":""},"categories":[3],"tags":[343],"class_list":["post-96009","post","type-post","status-publish","format-standard","has-post-thumbnail","hentry","category-guncel","tag-yilan"],"_links":{"self":[{"href":"https:\/\/kamucalisani.net\/index.php\/wp-json\/wp\/v2\/posts\/96009","targetHints":{"allow":["GET"]}}],"collection":[{"href":"https:\/\/kamucalisani.net\/index.php\/wp-json\/wp\/v2\/posts"}],"about":[{"href":"https:\/\/kamucalisani.net\/index.php\/wp-json\/wp\/v2\/types\/post"}],"author":[{"embeddable":true,"href":"https:\/\/kamucalisani.net\/index.php\/wp-json\/wp\/v2\/users\/1"}],"replies":[{"embeddable":true,"href":"https:\/\/kamucalisani.net\/index.php\/wp-json\/wp\/v2\/comments?post=96009"}],"version-history":[{"count":1,"href":"https:\/\/kamucalisani.net\/index.php\/wp-json\/wp\/v2\/posts\/96009\/revisions"}],"predecessor-version":[{"id":96012,"href":"https:\/\/kamucalisani.net\/index.php\/wp-json\/wp\/v2\/posts\/96009\/revisions\/96012"}],"wp:featuredmedia":[{"embeddable":true,"href":"https:\/\/kamucalisani.net\/index.php\/wp-json\/wp\/v2\/media\/96010"}],"wp:attachment":[{"href":"https:\/\/kamucalisani.net\/index.php\/wp-json\/wp\/v2\/media?parent=96009"}],"wp:term":[{"taxonomy":"category","embeddable":true,"href":"https:\/\/kamucalisani.net\/index.php\/wp-json\/wp\/v2\/categories?post=96009"},{"taxonomy":"post_tag","embeddable":true,"href":"https:\/\/kamucalisani.net\/index.php\/wp-json\/wp\/v2\/tags?post=96009"}],"curies":[{"name":"wp","href":"https:\/\/api.w.org\/{rel}","templated":true}]}}