{"id":96215,"date":"2024-09-25T08:00:07","date_gmt":"2024-09-25T08:00:07","guid":{"rendered":"https:\/\/kamucalisani.net\/?p=96215"},"modified":"2024-09-25T08:00:07","modified_gmt":"2024-09-25T08:00:07","slug":"galatasarayda-michy-batshuayi-sabirsiz-gurur-duyuyorum","status":"publish","type":"post","link":"https:\/\/kamucalisani.net\/index.php\/2024\/09\/25\/galatasarayda-michy-batshuayi-sabirsiz-gurur-duyuyorum\/","title":{"rendered":"Galatasaray&#8217;da Michy Batshuayi sab\u0131rs\u0131z! &#8216;Gurur duyuyorum&#8217;"},"content":{"rendered":"<p><p>Okan Buruk y\u00f6netimindeki Galatasaray&#8217;\u0131n yeni transferi Michy Batshuayi, sar\u0131-k\u0131rm\u0131z\u0131l\u0131 tak\u0131m\u0131n YouTube hesab\u0131na \u00f6zel a\u00e7\u0131klamalarda bulundu.<\/p>\n<p>Bel\u00e7ikal\u0131 santrfor, tak\u0131m\u0131nda sab\u0131rs\u0131z oldu\u011funu a\u00e7\u0131klad\u0131. Taraftarlara mesaj g\u00f6nderen Michy Batshuayi, Dries Mertens ile aralar\u0131nda \u00e7ocuklar\u0131na dair ge\u00e7en konu\u015fmay\u0131 anlatt\u0131.<\/p>\n<p>Galatasaray Adas\u0131&#8217;nda r\u00f6portaj veren Michy Batshuayi, &#8220;Galatasaray Adas\u0131&#8217;na ilk defa geliyorum. \u00c7ok dinlendirici ve klas bir yer. \u0130stanbul&#8217;un ne kadar gurur verici bir yer oldu\u011funu g\u00f6steriyor&#8221; dedi.<\/p>\n<div>\n<div> <img decoding=\"async\" src=\"https:\/\/kamucalisani.net\/wp-content\/uploads\/2024\/09\/galatasarayda-michy-batshuayi-sabirsiz-gurur-duyuyorum-0-wFDZ6ipS.jpg\"\/><\/img> <\/div>\n<\/p><\/div>\n<\/p>\n<p>Galatasaray&#8217;da forma giyecek olmaktan gurur duydu\u011funu belirten Bel\u00e7ikal\u0131 forvet, &#8220;\u00c7ok \u015f\u00fck\u00fcr Galatasaray&#8217;a transferim \u00e7ok \u00e7ok g\u00fczel bir \u015fekilde ger\u00e7ekle\u015fti. Burada olmaktan \u00e7ok mutluyum, b\u00fcy\u00fck bir tarihin i\u00e7erisine geldim. Galatasaray beni birka\u00e7 senedir istiyordu. Allah bunun ger\u00e7ekle\u015fmesine izin verdi. Bu formay\u0131 giymekten dolay\u0131 gurur duyuyorum. Taraftarlar\u0131n avazlar\u0131 \u00e7\u0131kt\u0131\u011f\u0131 kadar ba\u011f\u0131rmalar\u0131n\u0131 duymak i\u00e7in sab\u0131rs\u0131zlan\u0131yorum&#8221; diye konu\u015ftu.<\/p>\n<p>\u00d6zel olmaktan ho\u015fland\u0131\u011f\u0131n\u0131 vurgulayan Michy Batshuayi, &#8220;3 b\u00fcy\u00fck kul\u00fcpte oynayan ilk yabanc\u0131 oyuncu olmaktan dolay\u0131 gururluyum. \u00d6zel bir ki\u015fi olmay\u0131 seviyorum. T\u00fcrkiye&#8217;de \u00f6zel bir insan\u0131m. Goller atarak, formaya sayg\u0131 duyarak bana duyulan onurun kar\u015f\u0131l\u0131\u011f\u0131n\u0131 taraftarlar\u0131m\u0131za vermek istiyorum. Bu Michy Batshuayi&#8217;nin disiplinidir&#8221; ifadelerini kulland\u0131.<\/p>\n<div>\n<div> <img decoding=\"async\" src=\"https:\/\/kamucalisani.net\/wp-content\/uploads\/2024\/09\/galatasarayda-michy-batshuayi-sabirsiz-gurur-duyuyorum-1-ewdbDqs2.jpg\"\/><\/img> <\/div>\n<\/p><\/div>\n<\/p>\n<p>Meydan okumalar\u0131 sevdi\u011fini dile getiren Michy Batshuayi, &#8220;Ben meydan okumalar\u0131 seviyorum. S\u0131radaki meydan okumam da Galatasaray&#8217;\u0131 olabildi\u011fince yukar\u0131 \u00e7\u0131karmak&#8221; a\u00e7\u0131klamas\u0131n\u0131 yapt\u0131.<\/p>\n<p>Taraftarlar\u0131n ve kul\u00fcb\u00fcn kendisine g\u00fcven vermesi gerekti\u011fini belirten Bel\u00e7ikal\u0131 santrfor, &#8220;Kendimi g\u00fcvende hissetmem gerekiyor, taraftarlar\u0131n ve kul\u00fcb\u00fcn beni sevdi\u011fini hissetmem gerekiyor. Bunlar olursa Michy Batshuayi&#8217;nin en iyi versiyonuna sahip olacaks\u0131n\u0131z&#8221; dedi.<\/p>\n<p>Okan Buruk&#8217;un kendisini istedi\u011fini vurgulayan Michy Batshuayi, &#8220;Okan Buruk ile g\u00f6r\u00fc\u015ft\u00fc\u011f\u00fcmde beni istiyordu. Bug\u00fcn beni hala istedi\u011fi i\u00e7in mutluyum. O da teknik bir oyuncuydu ben de \u00f6yleyim. Onunla \u00e7al\u0131\u015fmaya sab\u0131rs\u0131zlan\u0131yorum. \u0130yi ma\u00e7lar \u00e7\u0131kartt\u0131\u011f\u0131m zaman ve iyi sonu\u00e7lar ald\u0131\u011f\u0131m zaman beni tebrik edece\u011fi i\u00e7in sab\u0131rs\u0131zlan\u0131yorum&#8221; diye konu\u015ftu.<\/p>\n<div>\n<div> <img decoding=\"async\" src=\"https:\/\/kamucalisani.net\/wp-content\/uploads\/2024\/09\/galatasarayda-michy-batshuayi-sabirsiz-gurur-duyuyorum-2-UMtaK1Mw.jpg\"\/><\/img> <\/div>\n<\/p><\/div>\n<\/p>\n<p>Dries Mertens&#8217;le ya\u015fad\u0131\u011f\u0131 konu\u015fmay\u0131 anlatan Bel\u00e7ikal\u0131 forvet, &#8220;Dries beni arad\u0131\u011f\u0131nda \u00e7ok mutluydu, Zaha da \u00f6yle. Hakim ile hen\u00fcz g\u00f6r\u00fc\u015femedim ama hepsinin iyi ileti\u015fim kurabilece\u011fim insanlar oldu\u011funu biliyorum. Bu benim i\u00e7in olumlu bir \u015fey. Dries, k\u0131z\u0131mla Ciro i\u00e7in daha \u00f6nce d\u00fc\u011f\u00fcn pazarl\u0131\u011f\u0131 yapt\u0131 ama ba\u015fl\u0131k paras\u0131 pahal\u0131&#8221; ifadelerini kulland\u0131.<\/p>\n<p>Favori forma numaras\u0131n\u0131n 23 oldu\u011funu belirten Michy Batshuayi, &#8220;Galatasaray&#8217;\u0131n renklerini hep sevmi\u015fimdir. Dortmund&#8217;da 44 numara giymi\u015ftim ve iyi bir sezon ge\u00e7irmi\u015ftim. Galatasaray&#8217;da da ayn\u0131s\u0131n\u0131 umuyorum. Normalde favori numaram 23 ama o dolu&#8221; dedi.<\/p>\n\n<p><\/p>\n<p>Kaynak :\u00a0<span style=\"background-color: rgb(255, 249, 236); color: rgb(55, 58, 60); font-size: 14px;\">http:\/\/www.milliyet.com.tr\/skorer\/galatasarayda-michy-batshuayi-sabirsiz-gurur-duyuyorum-7152495<\/span><\/p>\n","protected":false},"excerpt":{"rendered":"<p>Galatasaray&#8217;\u0131n yeni transferi Michy Batshuayi suskunlu\u011funu bozdu. Bel\u00e7ikal\u0131 santrfor, sar\u0131-k\u0131rm\u0131z\u0131l\u0131 tak\u0131mda forma giymek i\u00e7in sab\u0131rs\u0131z oldu\u011funu dile getirdi.<\/p>\n","protected":false},"author":1,"featured_media":96216,"comment_status":"open","ping_status":"open","sticky":false,"template":"","format":"standard","meta":{"footnotes":""},"categories":[7],"tags":[257,5510],"class_list":["post-96215","post","type-post","status-publish","format-standard","has-post-thumbnail","hentry","category-spor","tag-galatasaray","tag-michy-batshuayi"],"_links":{"self":[{"href":"https:\/\/kamucalisani.net\/index.php\/wp-json\/wp\/v2\/posts\/96215","targetHints":{"allow":["GET"]}}],"collection":[{"href":"https:\/\/kamucalisani.net\/index.php\/wp-json\/wp\/v2\/posts"}],"about":[{"href":"https:\/\/kamucalisani.net\/index.php\/wp-json\/wp\/v2\/types\/post"}],"author":[{"embeddable":true,"href":"https:\/\/kamucalisani.net\/index.php\/wp-json\/wp\/v2\/users\/1"}],"replies":[{"embeddable":true,"href":"https:\/\/kamucalisani.net\/index.php\/wp-json\/wp\/v2\/comments?post=96215"}],"version-history":[{"count":1,"href":"https:\/\/kamucalisani.net\/index.php\/wp-json\/wp\/v2\/posts\/96215\/revisions"}],"predecessor-version":[{"id":96220,"href":"https:\/\/kamucalisani.net\/index.php\/wp-json\/wp\/v2\/posts\/96215\/revisions\/96220"}],"wp:featuredmedia":[{"embeddable":true,"href":"https:\/\/kamucalisani.net\/index.php\/wp-json\/wp\/v2\/media\/96216"}],"wp:attachment":[{"href":"https:\/\/kamucalisani.net\/index.php\/wp-json\/wp\/v2\/media?parent=96215"}],"wp:term":[{"taxonomy":"category","embeddable":true,"href":"https:\/\/kamucalisani.net\/index.php\/wp-json\/wp\/v2\/categories?post=96215"},{"taxonomy":"post_tag","embeddable":true,"href":"https:\/\/kamucalisani.net\/index.php\/wp-json\/wp\/v2\/tags?post=96215"}],"curies":[{"name":"wp","href":"https:\/\/api.w.org\/{rel}","templated":true}]}}