{"id":96497,"date":"2024-09-25T21:36:31","date_gmt":"2024-09-25T21:36:31","guid":{"rendered":"https:\/\/kamucalisani.net\/?p=96497"},"modified":"2024-09-25T21:36:31","modified_gmt":"2024-09-25T21:36:31","slug":"appledan-turkiyedeki-iphone-kullanicilarini-uzecek-yapay-zeka-aciklamasi","status":"publish","type":"post","link":"https:\/\/kamucalisani.net\/index.php\/2024\/09\/25\/appledan-turkiyedeki-iphone-kullanicilarini-uzecek-yapay-zeka-aciklamasi\/","title":{"rendered":"Apple&#8217;dan T\u00fcrkiye&#8217;deki iPhone kullan\u0131c\u0131lar\u0131n\u0131 \u00fczecek yapay zeka a\u00e7\u0131klamas\u0131"},"content":{"rendered":"<p><figure> <span> <img decoding=\"async\" src=\"https:\/\/kamucalisani.net\/wp-content\/uploads\/2024\/09\/appledan-turkiyedeki-iphone-kullanicilarini-uzecek-yapay-zeka-aciklamasi-0-5NmW7txH.jpg\"\/> <\/span> Apple, iPhone 16 serisini tan\u0131t\u0131rken Apple Intelligence \u00f6zelliklerinden de bahsetti. iPhone\u2019lara yapay zeka iOS 18.1 g\u00fcncellemesiyle gelecek ancak Apple\u2019\u0131n a\u00e7\u0131klamas\u0131na bak\u0131l\u0131rsa uzun bir s\u00fcre <strong>Apple Intelligence<\/strong> T\u00fcrk\u00e7e kullan\u0131lamayacak. <\/figure>\n<p><b>Apple Intelligence, iOS 18.1 ile gelecek<\/b><\/p>\n<p>Apple Intelligence, Ekim ay\u0131nda yay\u0131nlanmas\u0131 beklenen iOS 18.1 ile <strong>yaln\u0131zca \u0130ngilizce olarak<\/strong> kullan\u0131ma sunulacak. Ayr\u0131ca yasal ve d\u00fczenleyici komplikasyonlar nedeniyle \u00c7in ve AB\u2019de kullan\u0131lamayacak. Bu yerler d\u0131\u015f\u0131nda <strong>iOS 18.1<\/strong> y\u00fckl\u00fc iPhone\u2019da yapay zeka \u00f6zelliklerinin kullan\u0131labilmesi i\u00e7in cihaz dilinin \u0130ngilizce olarak ayarlanmas\u0131 gerekecek.<\/p>\n<p><b>Apple Intelligence, 2025&#8217;te de T\u00fcrk\u00e7e olarak gelmeyecek!<\/b><\/p>\n<p>Apple, Aral\u0131k ay\u0131nda ABD \u0130ngilizcesi d\u0131\u015f\u0131nda yerelle\u015ftirilmi\u015f versiyonlar\u0131n\u0131 destekleyecek. Aral\u0131k 2024\u2019te, Avustralya, Kanada, Yeni Zelanda ve G\u00fcney Afrika i\u00e7in \u0130ngilizce yerelle\u015ftirmelerinin yan\u0131 s\u0131ra \u0130ngiltere \u0130ngilizcesi de desteklenecek. 2025\u2019te, \u0130ngilizce olmayan diller desteklenmeye ba\u015flayacak ancak a\u00e7\u0131klanan diller aras\u0131nda T\u00fcrk\u00e7e yok; \u00c7ince, Frans\u0131zca, Japonca, \u0130spanyolca, Almanca, \u0130talyanca, Korece, Portekizce ve Vietnamca var.<\/p>\n<p><b>Apple Intelligence uyumlu cihazlar<\/b><\/p>\n<ul>\n<li>iPhone 16<\/li>\n<li>iPhone 16 Plus<\/li>\n<li>iPhone 16 Pro Max<\/li>\n<li>iPhone 16 Pro<\/li>\n<li>iPhone 15 Pro Max<\/li>\n<li>iPhone 15 Pro<\/li>\n<li>iPad Pro (M1 ve daha yeni modeller)<\/li>\n<li>iPad Air (M1 ve daha yeni modeller)<\/li>\n<li>MacBook Air (M1 ve daha yeni modeller)<\/li>\n<li>MacBook Pro (M1 ve daha yeni modeller)<\/li>\n<li>iMac (M1 ve daha yeni modeller)<\/li>\n<li>Mac mini (M1 ve daha yeni modeller)<\/li>\n<li>Mac Studio (M1 Max ve daha yeni modeller)<\/li>\n<li>Mac Pro (M2 Ultra)<\/li>\n<\/ul>\n<p>Kaynak\u00a0 :\u00a0<span style=\"background-color: rgb(255, 249, 236); color: rgb(55, 58, 60); font-size: 14px;\">https:\/\/www.donanimhaber.com\/apple-dan-turkiye-deki-kullanicilari-uzecek-yapay-zeka-aciklamasi&#8211;182104<\/span><\/p>\n","protected":false},"excerpt":{"rendered":"<p>Apple, iPhone 16 serisini tan\u0131t\u0131rken Apple Intelligence \u00f6zelliklerinden de bahsetti. iPhone\u2019lara yapay zeka iOS 18.1 g\u00fcncellemesiyle gelecek ancak Apple\u2019\u0131n a\u00e7\u0131klamas\u0131na bak\u0131l\u0131rsa uzun bir s\u00fcre Apple Intelligence T\u00fcrk\u00e7e kullan\u0131lamayacak. Apple &#8230;<\/p>\n","protected":false},"author":1,"featured_media":96498,"comment_status":"open","ping_status":"open","sticky":false,"template":"","format":"standard","meta":{"footnotes":""},"categories":[8],"tags":[1890,6193,150,118],"class_list":["post-96497","post","type-post","status-publish","format-standard","has-post-thumbnail","hentry","category-teknoloji","tag-apple-intelligence","tag-ingilizce","tag-iphone-16","tag-pro"],"_links":{"self":[{"href":"https:\/\/kamucalisani.net\/index.php\/wp-json\/wp\/v2\/posts\/96497","targetHints":{"allow":["GET"]}}],"collection":[{"href":"https:\/\/kamucalisani.net\/index.php\/wp-json\/wp\/v2\/posts"}],"about":[{"href":"https:\/\/kamucalisani.net\/index.php\/wp-json\/wp\/v2\/types\/post"}],"author":[{"embeddable":true,"href":"https:\/\/kamucalisani.net\/index.php\/wp-json\/wp\/v2\/users\/1"}],"replies":[{"embeddable":true,"href":"https:\/\/kamucalisani.net\/index.php\/wp-json\/wp\/v2\/comments?post=96497"}],"version-history":[{"count":1,"href":"https:\/\/kamucalisani.net\/index.php\/wp-json\/wp\/v2\/posts\/96497\/revisions"}],"predecessor-version":[{"id":96500,"href":"https:\/\/kamucalisani.net\/index.php\/wp-json\/wp\/v2\/posts\/96497\/revisions\/96500"}],"wp:featuredmedia":[{"embeddable":true,"href":"https:\/\/kamucalisani.net\/index.php\/wp-json\/wp\/v2\/media\/96498"}],"wp:attachment":[{"href":"https:\/\/kamucalisani.net\/index.php\/wp-json\/wp\/v2\/media?parent=96497"}],"wp:term":[{"taxonomy":"category","embeddable":true,"href":"https:\/\/kamucalisani.net\/index.php\/wp-json\/wp\/v2\/categories?post=96497"},{"taxonomy":"post_tag","embeddable":true,"href":"https:\/\/kamucalisani.net\/index.php\/wp-json\/wp\/v2\/tags?post=96497"}],"curies":[{"name":"wp","href":"https:\/\/api.w.org\/{rel}","templated":true}]}}