{"id":96765,"date":"2024-09-26T11:48:07","date_gmt":"2024-09-26T11:48:07","guid":{"rendered":"https:\/\/kamucalisani.net\/?p=96765"},"modified":"2024-09-26T11:48:07","modified_gmt":"2024-09-26T11:48:07","slug":"kayseride-zincirleme-kaza-4-yarali","status":"publish","type":"post","link":"https:\/\/kamucalisani.net\/index.php\/2024\/09\/26\/kayseride-zincirleme-kaza-4-yarali\/","title":{"rendered":"Kayseri&#8217;de zincirleme kaza: 4 yaral\u0131"},"content":{"rendered":"<p><p>Edinilen bilgiye g\u00f6re Hulusi Akar Bulvar\u0131 \u00fczerinde 38 AKJ 378 plakal\u0131 otomobil ile 38 AHM 230 plakal\u0131 otomobil \u00e7arp\u0131\u015ft\u0131. \u00c7arp\u0131\u015fman\u0131n etkisiyle savrulan otomobiller, park halindeki bir minib\u00fcs ile bir otomobile zarar verdi. \u00c7evredekilerin durumu bildirmesi \u00fczerine olay yerine \u00e7ok say\u0131da polis, sa\u011fl\u0131k ve itfaiye ekipleri sevk edildi. Polis yol \u00fczerinde g\u00fcvenlik \u00f6nlemi al\u0131rken sa\u011fl\u0131k ekipleri ise ara\u00e7larda bulunan yaral\u0131lara m\u00fcdahale etti. Ortal\u0131\u011f\u0131n sava\u015f alan\u0131na d\u00f6nd\u00fc\u011f\u00fc kazada yaralanan 4 ki\u015fi ambulanslarla hastanelere kald\u0131r\u0131larak tedavi alt\u0131na al\u0131n\u0131rken, kazaya kar\u0131\u015fan ara\u00e7lar ise \u00e7ekici yard\u0131m\u0131yla bulunduklar\u0131 yerden kald\u0131r\u0131ld\u0131. \u00d6te yandan meydana gelen trafik kazas\u0131, \u00e7evrede bulunan bir i\u015f yerinin g\u00fcvenlik kameras\u0131 taraf\u0131ndan kaydedildi. G\u00f6r\u00fcnt\u00fclerde kaza yapan otomobildeki bir ki\u015finin yola savruldu\u011fu g\u00f6r\u00fcl\u00fcyor.<\/p>\n<p>Kaza ile ilgili soru\u015fturma ba\u015flat\u0131ld\u0131.<\/p>\n\n<p><\/p>\n<p>Kaynak :\u00a0<span style=\"background-color: rgb(255, 249, 236); color: rgb(55, 58, 60); font-size: 14px;\">http:\/\/www.milliyet.com.tr\/gundem\/kayseride-zincirleme-kaza-4-yarali-7152645<\/span><\/p>\n","protected":false},"excerpt":{"rendered":"<p>Kayseri&#8217;nin Melikgazi il\u00e7esinde iki otomobilin \u00e7arp\u0131\u015fmas\u0131 sonucu meydana gelen trafik kazas\u0131nda park halindeki ara\u00e7larla birlikte 4 ara\u00e7 hasar g\u00f6rd\u00fc, 1&#8217;i a\u011f\u0131r 4 ki\u015fi de yaraland\u0131. Bir yaral\u0131n\u0131n otomobilden yola savruldu\u011fu kaza g\u00fcvenlik kameralar\u0131nca kaydedildi.<\/p>\n","protected":false},"author":1,"featured_media":96766,"comment_status":"open","ping_status":"open","sticky":false,"template":"","format":"standard","meta":{"footnotes":""},"categories":[3],"tags":[191,1301],"class_list":["post-96765","post","type-post","status-publish","format-standard","has-post-thumbnail","hentry","category-guncel","tag-kaza","tag-otomobil"],"_links":{"self":[{"href":"https:\/\/kamucalisani.net\/index.php\/wp-json\/wp\/v2\/posts\/96765","targetHints":{"allow":["GET"]}}],"collection":[{"href":"https:\/\/kamucalisani.net\/index.php\/wp-json\/wp\/v2\/posts"}],"about":[{"href":"https:\/\/kamucalisani.net\/index.php\/wp-json\/wp\/v2\/types\/post"}],"author":[{"embeddable":true,"href":"https:\/\/kamucalisani.net\/index.php\/wp-json\/wp\/v2\/users\/1"}],"replies":[{"embeddable":true,"href":"https:\/\/kamucalisani.net\/index.php\/wp-json\/wp\/v2\/comments?post=96765"}],"version-history":[{"count":1,"href":"https:\/\/kamucalisani.net\/index.php\/wp-json\/wp\/v2\/posts\/96765\/revisions"}],"predecessor-version":[{"id":96767,"href":"https:\/\/kamucalisani.net\/index.php\/wp-json\/wp\/v2\/posts\/96765\/revisions\/96767"}],"wp:featuredmedia":[{"embeddable":true,"href":"https:\/\/kamucalisani.net\/index.php\/wp-json\/wp\/v2\/media\/96766"}],"wp:attachment":[{"href":"https:\/\/kamucalisani.net\/index.php\/wp-json\/wp\/v2\/media?parent=96765"}],"wp:term":[{"taxonomy":"category","embeddable":true,"href":"https:\/\/kamucalisani.net\/index.php\/wp-json\/wp\/v2\/categories?post=96765"},{"taxonomy":"post_tag","embeddable":true,"href":"https:\/\/kamucalisani.net\/index.php\/wp-json\/wp\/v2\/tags?post=96765"}],"curies":[{"name":"wp","href":"https:\/\/api.w.org\/{rel}","templated":true}]}}