{"id":96809,"date":"2024-09-26T15:12:08","date_gmt":"2024-09-26T15:12:08","guid":{"rendered":"https:\/\/kamucalisani.net\/?p=96809"},"modified":"2024-09-26T15:12:08","modified_gmt":"2024-09-26T15:12:08","slug":"besiktasta-cenk-tosun-gorusme-masasina-sozlesmeye-salih-ucan-kriteri","status":"publish","type":"post","link":"https:\/\/kamucalisani.net\/index.php\/2024\/09\/26\/besiktasta-cenk-tosun-gorusme-masasina-sozlesmeye-salih-ucan-kriteri\/","title":{"rendered":"Be\u015fikta\u015f&#8217;ta Cenk Tosun g\u00f6r\u00fc\u015fme masas\u0131na! S\u00f6zle\u015fmeye Salih U\u00e7an kriteri"},"content":{"rendered":"<p><p>Bir yandan yeni oyuncular\u0131 kadrosuna katmak i\u00e7in \u00e7al\u0131\u015fmalar\u0131n\u0131 s\u00fcrd\u00fcren Be\u015fikta\u015f\u2019ta i\u00e7 transferde de yeni ad\u0131mlar at\u0131lacak. Daha \u00f6nce Salih U\u00e7an ile yeni mukavele imzalayan siyah-beyazl\u0131 y\u00f6netim, Avrupa \u015eampiyonas\u0131\u2019n\u0131n milli tak\u0131m ad\u0131na noktalanmas\u0131n\u0131n ard\u0131ndan Cenk Tosun ile de masaya oturacak.<\/p>\n<p>Be\u015fikta\u015f\u2019ta hem y\u00f6netimin hem de tecr\u00fcbeli golc\u00fcn\u00fcn yeni s\u00f6zle\u015fmeye s\u0131cak bakt\u0131\u011f\u0131 \u00f6\u011frenildi. Siyah-beyazl\u0131 idarecilerin \u00fccret konusunda da Salih\u2019in imza att\u0131\u011f\u0131 paray\u0131 milli futbolcuya \u00f6nerece\u011fi ve bu rakam \u00fczerinden g\u00f6r\u00fc\u015fmelerin ba\u015flayaca\u011f\u0131 bildirildi.<\/p>\n<p>\u0130ki taraf da yeni s\u00f6zle\u015fmeyi istese de p\u00fcr\u00fcz \u00e7\u0131kmas\u0131 halinde Cenk\u2019i isteyen bir\u00e7ok tak\u0131m oldu\u011fu ve tecr\u00fcbeli golc\u00fcn\u00fcn olumsuz bir durumda onlarla g\u00f6r\u00fc\u015fece\u011fi de vurguland\u0131. Cenk ge\u00e7en sezon Trendyol S\u00fcper Lig, Ziraat T\u00fcrkiye Kupas\u0131 ve UEFA Avrupa Konferans Ligi\u2019nde toplamda 46 ma\u00e7a \u00e7\u0131karken 11 gol att\u0131, 6 asist yapt\u0131.<\/p>\n<div>\n<div> <img decoding=\"async\" src=\"https:\/\/kamucalisani.net\/wp-content\/uploads\/2024\/09\/besiktasta-cenk-tosun-gorusme-masasina-sozlesmeye-salih-ucan-kriteri-0-lnXK2XXW.jpg\"\/><\/img> <\/div>\n<\/p><\/div>\n<\/p>\n<p>Tecr\u00fcbeli forvet, Avrupa \u015eampiyonas\u0131\u2019nda ise 2 kar\u015f\u0131la\u015fmada 25 dakika \u015fans bulurken, bir kez a\u011flar\u0131 havaland\u0131rd\u0131.<\/p>\n<p>\u00d6te yandan yeni sezon haz\u0131rl\u0131klar\u0131na bug\u00fcn devam edecek olan siyah-beyazl\u0131 tak\u0131mda Aboubakar, Colley ve Masuaku da Nevzat Demir Tesisleri\u2019nde idmanlara kat\u0131lacak.<\/p>\n\n<p><\/p>\n<p>Kaynak :\u00a0<span style=\"background-color: rgb(255, 249, 236); color: rgb(55, 58, 60); font-size: 14px;\">http:\/\/www.milliyet.com.tr\/skorer\/besiktasta-cenk-tosun-gorusme-masasina-sozlesmeye-salih-ucan-kriteri-7152568<\/span><\/p>\n","protected":false},"excerpt":{"rendered":"<p>Be\u015fikta\u015f\u2019ta milli tak\u0131m\u0131n Avrupa \u015eampiyonas\u0131\u2019na veda etmesinin ard\u0131ndan tecr\u00fcbeli forvet ile masaya oturulaca\u011f\u0131 \u00f6\u011frenildi. Hem y\u00f6netimin, hem de Cenk\u2019in yeni s\u00f6zle\u015fmeye s\u0131cak bakt\u0131\u011f\u0131 bildirildi.<\/p>\n","protected":false},"author":1,"featured_media":96810,"comment_status":"open","ping_status":"open","sticky":false,"template":"","format":"standard","meta":{"footnotes":""},"categories":[7],"tags":[],"class_list":["post-96809","post","type-post","status-publish","format-standard","has-post-thumbnail","hentry","category-spor"],"_links":{"self":[{"href":"https:\/\/kamucalisani.net\/index.php\/wp-json\/wp\/v2\/posts\/96809","targetHints":{"allow":["GET"]}}],"collection":[{"href":"https:\/\/kamucalisani.net\/index.php\/wp-json\/wp\/v2\/posts"}],"about":[{"href":"https:\/\/kamucalisani.net\/index.php\/wp-json\/wp\/v2\/types\/post"}],"author":[{"embeddable":true,"href":"https:\/\/kamucalisani.net\/index.php\/wp-json\/wp\/v2\/users\/1"}],"replies":[{"embeddable":true,"href":"https:\/\/kamucalisani.net\/index.php\/wp-json\/wp\/v2\/comments?post=96809"}],"version-history":[{"count":1,"href":"https:\/\/kamucalisani.net\/index.php\/wp-json\/wp\/v2\/posts\/96809\/revisions"}],"predecessor-version":[{"id":96812,"href":"https:\/\/kamucalisani.net\/index.php\/wp-json\/wp\/v2\/posts\/96809\/revisions\/96812"}],"wp:featuredmedia":[{"embeddable":true,"href":"https:\/\/kamucalisani.net\/index.php\/wp-json\/wp\/v2\/media\/96810"}],"wp:attachment":[{"href":"https:\/\/kamucalisani.net\/index.php\/wp-json\/wp\/v2\/media?parent=96809"}],"wp:term":[{"taxonomy":"category","embeddable":true,"href":"https:\/\/kamucalisani.net\/index.php\/wp-json\/wp\/v2\/categories?post=96809"},{"taxonomy":"post_tag","embeddable":true,"href":"https:\/\/kamucalisani.net\/index.php\/wp-json\/wp\/v2\/tags?post=96809"}],"curies":[{"name":"wp","href":"https:\/\/api.w.org\/{rel}","templated":true}]}}